{"id":600991,"date":"2025-12-15T14:59:14","date_gmt":"2025-12-15T14:59:14","guid":{"rendered":"https:\/\/www.europesays.com\/fr\/600991\/"},"modified":"2025-12-15T14:59:14","modified_gmt":"2025-12-15T14:59:14","slug":"toulon-un-enfant-de-trois-ans-decede-lors-dune-activite-aquatique-encadree-linfo-re","status":"publish","type":"post","link":"https:\/\/www.europesays.com\/fr\/600991\/","title":{"rendered":"Toulon : un enfant de trois ans d\u00e9c\u00e8de lors d\u2019une activit\u00e9 aquatique encadr\u00e9e &#8211; LINFO.re"},"content":{"rendered":"<p>Un Toulonnais a perdu la vie alors qu\u2019il participait \u00e0 une s\u00e9ance d\u2019apprentissage de la natation.<\/p>\n<p style=\"text-align: justify;\">Cette mort tragique s\u2019est produite \u00e0 la piscine municipale de Font-Pr\u00e9 \u00e0 <strong>Toulon<\/strong> dans le <a href=\"https:\/\/www.linfo.re\/france\/faits-divers\/var-un-adolescent-decede-dans-un-accident-de-bateau\" target=\"_blank\" rel=\"noopener\"><strong>Var<\/strong><\/a>, \u00e9galement appel\u00e9e piscine L\u00e9o-Lagrange.<\/p>\n<p><strong>Une activit\u00e9 sportive encadr\u00e9e par un club<\/strong><\/p>\n<p style=\"text-align: justify;\">Selon les informations communiqu\u00e9es par la mairie de <a href=\"https:\/\/www.linfo.re\/tags\/toulon\" target=\"_blank\" rel=\"noopener\"><strong>Toulon<\/strong><\/a> \u00e0 ICI Provence, l\u2019enfant prenait part \u00e0 une animation organis\u00e9e par un club sportif le 13 d\u00e9cembre dernier. La s\u00e9ance se d\u00e9roulait sur un \u00ab\u00a0cr\u00e9neau g\u00e9r\u00e9 en autonomie\u00a0\u00bb. L\u2019encadrement \u00e9tait assur\u00e9 par des professionnels dipl\u00f4m\u00e9s, dans le respect des r\u00e8gles en vigueur.\u00a0<\/p>\n<p><strong>Les autorit\u00e9s mobilis\u00e9es apr\u00e8s le drame<\/strong><\/p>\n<p style=\"text-align: justify;\">Les services de secours sont intervenus sur place. Malgr\u00e9 leur mobilisation, l\u2019enfant n\u2019a pas pu \u00eatre r\u00e9anim\u00e9. Selon FranceBleu,\u00a0la maire de Toulon, Jos\u00e9e Massi, s\u2019est d\u00e9plac\u00e9e \u00e0 la piscine dans la soir\u00e9e. Elle a exprim\u00e9 son soutien \u00e0 la famille de la victime ainsi qu\u2019aux agents municipaux pr\u00e9sents.<\/p>\n<p><strong>Enqu\u00eate et accompagnement psychologique<\/strong><\/p>\n<p style=\"text-align: justify;\">Une enqu\u00eate administrative a \u00e9t\u00e9 ouverte par les services de l\u2019\u00c9tat. Une autopsie doit \u00eatre pratiqu\u00e9e dans les prochains jours. En parall\u00e8le, une cellule de soutien psychologique a \u00e9t\u00e9 mise en place pour accompagner les proches et les t\u00e9moins.<\/p>\n<p>Retrouvez notre dossier sur les<a href=\"https:\/\/www.linfo.re\/france\/faits-divers\/\" target=\"_blank\" rel=\"noopener\"><strong> faits divers\u00a0<\/strong><\/a><\/p>\n<p>\u00a0<\/p>\n","protected":false},"excerpt":{"rendered":"Un Toulonnais a perdu la vie alors qu\u2019il participait \u00e0 une s\u00e9ance d\u2019apprentissage de la natation. Cette mort&hellip;\n","protected":false},"author":2,"featured_media":600992,"comment_status":"","ping_status":"","sticky":false,"template":"","format":"standard","meta":{"footnotes":""},"categories":[9619],"tags":[1111,47,11,1777,674,118,1011,27,1922,12,882,25,2310,7506],"class_list":{"0":"post-600991","1":"post","2":"type-post","3":"status-publish","4":"format-standard","5":"has-post-thumbnail","7":"category-toulon","8":"tag-actu","9":"tag-actualite","10":"tag-actualites","11":"tag-eu","12":"tag-europe","13":"tag-faits-divers","14":"tag-fr","15":"tag-france","16":"tag-info","17":"tag-news","18":"tag-provence-alpes-cote-dazur","19":"tag-republique-francaise","20":"tag-toulon","21":"tag-var"},"share_on_mastodon":{"url":"https:\/\/pubeurope.com\/@fr\/115724180858216592","error":""},"_links":{"self":[{"href":"https:\/\/www.europesays.com\/fr\/wp-json\/wp\/v2\/posts\/600991","targetHints":{"allow":["GET"]}}],"collection":[{"href":"https:\/\/www.europesays.com\/fr\/wp-json\/wp\/v2\/posts"}],"about":[{"href":"https:\/\/www.europesays.com\/fr\/wp-json\/wp\/v2\/types\/post"}],"author":[{"embeddable":true,"href":"https:\/\/www.europesays.com\/fr\/wp-json\/wp\/v2\/users\/2"}],"replies":[{"embeddable":true,"href":"https:\/\/www.europesays.com\/fr\/wp-json\/wp\/v2\/comments?post=600991"}],"version-history":[{"count":0,"href":"https:\/\/www.europesays.com\/fr\/wp-json\/wp\/v2\/posts\/600991\/revisions"}],"wp:featuredmedia":[{"embeddable":true,"href":"https:\/\/www.europesays.com\/fr\/wp-json\/wp\/v2\/media\/600992"}],"wp:attachment":[{"href":"https:\/\/www.europesays.com\/fr\/wp-json\/wp\/v2\/media?parent=600991"}],"wp:term":[{"taxonomy":"category","embeddable":true,"href":"https:\/\/www.europesays.com\/fr\/wp-json\/wp\/v2\/categories?post=600991"},{"taxonomy":"post_tag","embeddable":true,"href":"https:\/\/www.europesays.com\/fr\/wp-json\/wp\/v2\/tags?post=600991"}],"curies":[{"name":"wp","href":"https:\/\/api.w.org\/{rel}","templated":true}]}}