{"id":601011,"date":"2025-12-15T15:12:13","date_gmt":"2025-12-15T15:12:13","guid":{"rendered":"https:\/\/www.europesays.com\/fr\/601011\/"},"modified":"2025-12-15T15:12:13","modified_gmt":"2025-12-15T15:12:13","slug":"liam-rosenior-enguirlande-ses-joueurs-avant-les-fetes-france-rc-strasbourg","status":"publish","type":"post","link":"https:\/\/www.europesays.com\/fr\/601011\/","title":{"rendered":"Liam Rosenior enguirlande ses joueurs avant les f\u00eates &#8211; France &#8211; RC Strasbourg"},"content":{"rendered":"<p data-start=\"152\" data-end=\"569\">Tendu le conseil de classe de fin d\u2019ann\u00e9e.<\/p>\n<p data-start=\"152\" data-end=\"569\">Si le Racing version automne avait fait lever les sourcils, celui de d\u00e9cembre fait lever les \u00e9paules. Dimanche, \u00e0 la Meinau, <strong data-start=\"274\" data-end=\"288\">Strasbourg a livr\u00e9 un<\/strong> <a target=\"_blank\" href=\"https:\/\/www.sofoot.com\/breves\/lens-retrouve-son-fauteuil-de-leader-strasbourg-toujours-muet\" rel=\"noopener\"><strong data-start=\"300\" data-end=\"334\">0-0 sans saveur face \u00e0 Lorient<\/strong><\/a>, bien loin du match r\u00e9f\u00e9rence du <a target=\"_blank\" href=\"https:\/\/www.sofoot.com\/articles\/ligue-1-le-psg-et-strasbourg-offrent-un-match-nul-spectaculaire\" rel=\"noopener\"><strong data-start=\"368\" data-end=\"410\">17 octobre au Parc (3-3 contre le PSG)<\/strong><\/a>. R\u00e9sultat : le RCSA pi\u00e9tine \u00e0 la 7e place, \u00e0 neuf points du podium, et reste sur une s\u00e9rie qui gratte : <strong>trois d\u00e9faites et un nul en Ligue 1.<\/strong><\/p>\n<p data-start=\"571\" data-end=\"868\">Apr\u00e8s la rencontre, <strong>Liam Rosenior n\u2019a pas cherch\u00e9 d\u2019excuses<\/strong>. Calendrier charg\u00e9, effectif large, rotation assum\u00e9e : tr\u00e8s bien. Mais le temps presse. \u00ab\u202fJe suis fatigu\u00e9 de venir ici r\u00e9p\u00e9ter toujours les m\u00eames choses\u202f\u00bb, a l\u00e2ch\u00e9 l\u2019entra\u00eeneur anglais, visiblement \u00e0 court de patience avant la tr\u00eave.<\/p>\n<p><strong data-start=\"878\" data-end=\"926\">Fin de la protection rapproch\u00e9e<\/strong><\/p>\n<p data-start=\"928\" data-end=\"1292\">Cette fois, Rosenior ne s\u2019est pas content\u00e9 de g\u00e9n\u00e9ralit\u00e9s.<strong> Juan Enciso et Kendry P\u00e1ez sont clairement cibl\u00e9s<\/strong> : du temps de jeu, mais toujours pas de r\u00e9ponse sur le terrain. \u00ab\u00a0Il n\u2019y a plus d\u2019excuses maintenant qu\u2019ils ont du temps de jeu. On attend plus, clairement. J\u2019en ai marre de donner l\u2019excuse de la jeunesse des joueurs. J\u2019en ai marre d\u2019entendre parler de jeunesse\u202f\u00bb, tranche le coach, qui promet d\u00e9sormais des choix plus radicaux : consignes non respect\u00e9es, joueurs remplac\u00e9s.<\/p>\n<p data-start=\"1294\" data-end=\"1580\">Les sanctions ont d\u00e9j\u00e0 commenc\u00e9 (Godo, Lemar\u00e9chal), les dirigeants s\u2019en sont m\u00eal\u00e9s (Emegha suspendu), sans effet imm\u00e9diat. M\u00eame les cadres tirent la langue : <strong>Valentin Barco, m\u00e9connaissable, a perdu 24 ballons contre Lorient ; Panichelli n\u2019a plus marqu\u00e9 depuis fin octobre.<\/strong> Strasbourg terminera 2025 avec l\u2019Europe et la Coupe, avant un d\u00e9placement \u00e0 <strong data-start=\"1658\" data-end=\"1666\">Nice<\/strong> d\u00e8s la reprise. Rosenior a pr\u00e9venu : la deuxi\u00e8me partie de saison ne se jouera plus \u00e0 l\u2019indulgence.<\/p>\n<p data-start=\"1294\" data-end=\"1580\"><a target=\"_blank\" href=\"https:\/\/youtu.be\/Z6XpBZ65SzU?si=RGoVPYWXSDA78d_w&amp;t=81\" rel=\"noopener\">C\u2019est fini les Stras(bourg) et paillettes.<\/a><\/p>\n<p>\t\t\t\t\t\t\t\t\t\t<a class=\"lien-connexe\" href=\"https:\/\/www.sofoot.com\/breves\/la-victoire-de-strasbourg-ecornee-par-un-penaltygate\" target=\"_blank\" rel=\"noopener\">La victoire de Strasbourg \u00e9corn\u00e9e par un penaltygate<\/a>\t\t\t\t\t<\/p>\n","protected":false},"excerpt":{"rendered":"Tendu le conseil de classe de fin d\u2019ann\u00e9e. Si le Racing version automne avait fait lever les sourcils,&hellip;\n","protected":false},"author":2,"featured_media":601012,"comment_status":"","ping_status":"","sticky":false,"template":"","format":"standard","meta":{"footnotes":""},"categories":[2820],"tags":[1111,47,11,61,69,65,64,1777,674,63,1011,27,775,68,66,12,62,70,25,67,640],"class_list":{"0":"post-601011","1":"post","2":"type-post","3":"status-publish","4":"format-standard","5":"has-post-thumbnail","7":"category-strasbourg","8":"tag-actu","9":"tag-actualite","10":"tag-actualites","11":"tag-actus-football","12":"tag-bundesliga","13":"tag-championnats-europeens","14":"tag-equipe-de-france","15":"tag-eu","16":"tag-europe","17":"tag-football","18":"tag-fr","19":"tag-france","20":"tag-grand-est","21":"tag-ligua","22":"tag-ligue-1","23":"tag-news","24":"tag-news-foot","25":"tag-premier-league","26":"tag-republique-francaise","27":"tag-serie-a","28":"tag-strasbourg"},"share_on_mastodon":{"url":"https:\/\/pubeurope.com\/@fr\/115724231959440581","error":""},"_links":{"self":[{"href":"https:\/\/www.europesays.com\/fr\/wp-json\/wp\/v2\/posts\/601011","targetHints":{"allow":["GET"]}}],"collection":[{"href":"https:\/\/www.europesays.com\/fr\/wp-json\/wp\/v2\/posts"}],"about":[{"href":"https:\/\/www.europesays.com\/fr\/wp-json\/wp\/v2\/types\/post"}],"author":[{"embeddable":true,"href":"https:\/\/www.europesays.com\/fr\/wp-json\/wp\/v2\/users\/2"}],"replies":[{"embeddable":true,"href":"https:\/\/www.europesays.com\/fr\/wp-json\/wp\/v2\/comments?post=601011"}],"version-history":[{"count":0,"href":"https:\/\/www.europesays.com\/fr\/wp-json\/wp\/v2\/posts\/601011\/revisions"}],"wp:featuredmedia":[{"embeddable":true,"href":"https:\/\/www.europesays.com\/fr\/wp-json\/wp\/v2\/media\/601012"}],"wp:attachment":[{"href":"https:\/\/www.europesays.com\/fr\/wp-json\/wp\/v2\/media?parent=601011"}],"wp:term":[{"taxonomy":"category","embeddable":true,"href":"https:\/\/www.europesays.com\/fr\/wp-json\/wp\/v2\/categories?post=601011"},{"taxonomy":"post_tag","embeddable":true,"href":"https:\/\/www.europesays.com\/fr\/wp-json\/wp\/v2\/tags?post=601011"}],"curies":[{"name":"wp","href":"https:\/\/api.w.org\/{rel}","templated":true}]}}