{"id":601013,"date":"2025-12-15T15:13:18","date_gmt":"2025-12-15T15:13:18","guid":{"rendered":"https:\/\/www.europesays.com\/fr\/601013\/"},"modified":"2025-12-15T15:13:18","modified_gmt":"2025-12-15T15:13:18","slug":"a-nice-des-centaines-de-chefs-dentreprise-manifestent-contre-la-pression","status":"publish","type":"post","link":"https:\/\/www.europesays.com\/fr\/601013\/","title":{"rendered":"\u00c0 Nice, des centaines de chefs d\u2019entreprise manifestent contre la pression (\u2026)"},"content":{"rendered":"<p>                    <img loading=\"lazy\" decoding=\"async\" src=\"https:\/\/www.europesays.com\/fr\/wp-content\/uploads\/2025\/12\/47e2dedbb00d543d77ca62f4531e6c.jpg\" class=\"img-responsive post-image\" width=\"680\" height=\"510\" alt=\"\u00c0 Nice, des centaines (\u2026)\" title=\"\u00c0 Nice, des centaines de chefs d'entreprise manifestent contre la pression fiscale \"\/><\/p>\n<p class=\"chapo\">Ils \u00e9taient plus de 500 r\u00e9unis lundi \u00e0 l\u2019heure du d\u00e9jeuner place Garibaldi, selon l\u2019UPE 06, \u00e0 l\u2019origine de ce rassemblement, soutenu par 16 f\u00e9d\u00e9rations, dont la FBTP 06 et l\u2019UIMM 06. Les mots d\u2019ordre de cette manifestation peu habituelle\u00a0: \u00ab\u00a0Stop \u00e0 la pression fiscale. Lib\u00e9rons le travail et la production. L\u2019\u00c9tat doit se r\u00e9former avant de taxer\u00a0\u00bb.<\/p>\n<p>Les patrons ont re\u00e7u le soutien de la s\u00e9natrice <strong>Dominique Estrosi-Sassone,<\/strong> des d\u00e9put\u00e9s <strong>Bernard Chaix <\/strong> et<strong> \u00c9ric Ciotti,<\/strong> ou encore du maire de Nice et pr\u00e9sident de la m\u00e9tropole Nice C\u00f4te d\u2019Azur, <strong>Christian Estrosi<\/strong>.<\/p>\n<p> <a href=\"https:\/\/www.europesays.com\/fr\/wp-content\/uploads\/2025\/12\/img_4595-1.jpg\" class=\"spip_doc_lien mediabox\" type=\"image\/jpeg\"><br \/>\n\t\t<img loading=\"lazy\" decoding=\"async\" src=\"https:\/\/www.europesays.com\/fr\/wp-content\/uploads\/2025\/12\/img_4595-1.jpg\" width=\"1024\" height=\"768\" alt=\"\"\/><\/a><\/p>\n<p>\u00a9SG\n<\/p>\n<p>\u00ab\u00a0C\u2019est une r\u00e9elle r\u00e9ussite. Un grand nombre de personnes se sont mobilis\u00e9es en un laps de temps tr\u00e8s court puisque nous avons organis\u00e9 cela en quelques jours seulement. Cela d\u00e9montre l\u2019inqui\u00e9tude, l\u2019agacement, la col\u00e8re pour certains, face \u00e0 la situation que l\u2019on vit aujourd\u2019hui, qui est particuli\u00e8rement inqui\u00e9tante pour nos entreprises\u00a0\u00bb, a d\u00e9clar\u00e9 <strong>Franck Cannata,<\/strong> pr\u00e9sident de l\u2019UPE06. \u00ab\u00a0On a plut\u00f4t l\u2019habitude d\u2019\u00eatre dans nos entreprises \u00e0 trouver des solutions. Et aujourd\u2019hui on continue \u00e0 trouver des solutions mais il faut aussi qu\u2019on nous en laisse la capacit\u00e9. Ce que l\u2019on demande, c\u2019est \u00ab\u00a0Laissez-nous travailler dans la coh\u00e9rence, avec moins de normes, moins de contraintes et aussi avec moins de fiscalit\u00e9\u00a0\u00bb. Il est indispensable que des \u00e9conomies soient r\u00e9alis\u00e9es dans le budget de l\u2019\u00c9tat et non pas, par simplicit\u00e9 une fois encore, une augmentation des taxes, des charges et des imp\u00f4ts, a-t-il poursuivi. Les chefs d\u2019entreprises sont r\u00e9ellement remont\u00e9s. S\u2019il faut refaire ce type de mobilisation,\u00a0on le refera. Et s\u2019il faut durcir, on durcira. Car aujourd\u2019hui il y va de la sant\u00e9 d\u2019un grand nombre d\u2019entreprises et c\u2019est absolument indispensable d\u2019en prendre conscience.\u00a0\u00bb <br class=\"autobr\"\/><br \/>\nIl avait annonc\u00e9 quelques minutes plus t\u00f4t en s\u2019adressant \u00e0 la foule que le nombre de d\u00e9faillances d\u2019entreprise en France atteindrait \u00e0 la fin de l\u2019ann\u00e9e le \u00ab\u00a0triste record\u00a0\u00a0\u00bb de 70 000.<\/p>\n<p> <a href=\"https:\/\/www.europesays.com\/fr\/wp-content\/uploads\/2025\/12\/img_4602-1.jpg\" class=\"spip_doc_lien mediabox\" type=\"image\/jpeg\"><br \/>\n\t\t<img loading=\"lazy\" decoding=\"async\" src=\"https:\/\/www.europesays.com\/fr\/wp-content\/uploads\/2025\/12\/img_4602-1.jpg\" width=\"1024\" height=\"1365\" alt=\"\"\/><\/a><\/p>\n<p>\u00a9SG<\/p>\n","protected":false},"excerpt":{"rendered":"Ils \u00e9taient plus de 500 r\u00e9unis lundi \u00e0 l\u2019heure du d\u00e9jeuner place Garibaldi, selon l\u2019UPE 06, \u00e0 l\u2019origine&hellip;\n","protected":false},"author":2,"featured_media":601014,"comment_status":"","ping_status":"","sticky":false,"template":"","format":"standard","meta":{"footnotes":""},"categories":[2819],"tags":[1111,11,2408,1777,674,1011,27,12,2401,882,25],"class_list":{"0":"post-601013","1":"post","2":"type-post","3":"status-publish","4":"format-standard","5":"has-post-thumbnail","7":"category-nice","8":"tag-actu","9":"tag-actualites","10":"tag-appels-d","11":"tag-eu","12":"tag-europe","13":"tag-fr","14":"tag-france","15":"tag-news","16":"tag-nice","17":"tag-provence-alpes-cote-dazur","18":"tag-republique-francaise"},"share_on_mastodon":{"url":"https:\/\/pubeurope.com\/@fr\/115724240183939620","error":""},"_links":{"self":[{"href":"https:\/\/www.europesays.com\/fr\/wp-json\/wp\/v2\/posts\/601013","targetHints":{"allow":["GET"]}}],"collection":[{"href":"https:\/\/www.europesays.com\/fr\/wp-json\/wp\/v2\/posts"}],"about":[{"href":"https:\/\/www.europesays.com\/fr\/wp-json\/wp\/v2\/types\/post"}],"author":[{"embeddable":true,"href":"https:\/\/www.europesays.com\/fr\/wp-json\/wp\/v2\/users\/2"}],"replies":[{"embeddable":true,"href":"https:\/\/www.europesays.com\/fr\/wp-json\/wp\/v2\/comments?post=601013"}],"version-history":[{"count":0,"href":"https:\/\/www.europesays.com\/fr\/wp-json\/wp\/v2\/posts\/601013\/revisions"}],"wp:featuredmedia":[{"embeddable":true,"href":"https:\/\/www.europesays.com\/fr\/wp-json\/wp\/v2\/media\/601014"}],"wp:attachment":[{"href":"https:\/\/www.europesays.com\/fr\/wp-json\/wp\/v2\/media?parent=601013"}],"wp:term":[{"taxonomy":"category","embeddable":true,"href":"https:\/\/www.europesays.com\/fr\/wp-json\/wp\/v2\/categories?post=601013"},{"taxonomy":"post_tag","embeddable":true,"href":"https:\/\/www.europesays.com\/fr\/wp-json\/wp\/v2\/tags?post=601013"}],"curies":[{"name":"wp","href":"https:\/\/api.w.org\/{rel}","templated":true}]}}