{"id":601015,"date":"2025-12-15T15:14:14","date_gmt":"2025-12-15T15:14:14","guid":{"rendered":"https:\/\/www.europesays.com\/fr\/601015\/"},"modified":"2025-12-15T15:14:14","modified_gmt":"2025-12-15T15:14:14","slug":"apres-lens-pourquoi-logc-nice-narrive-toujours-pas-a-inverser-la-tendance","status":"publish","type":"post","link":"https:\/\/www.europesays.com\/fr\/601015\/","title":{"rendered":"Apr\u00e8s Lens, pourquoi l\u2019OGC Nice n\u2019arrive toujours pas \u00e0 inverser la tendance\u00a0?"},"content":{"rendered":"<p class=\"fs-5 \">Puisque <a href=\"https:\/\/www.nicematin.com\/sports\/football\/pourquoi-l-ogc-nice-n-arrive-plus-a-gagner-autopsie-d-un-collectif-a-bout-de-souffle-10660627\" target=\"_blank\" rel=\"noopener\">les m\u00eames causes produisent les m\u00eames effets<\/a>, rien n\u2019a chang\u00e9 dans le quotidien morose du <strong>Gym<\/strong>, revenu dans la nuit \u00e0 <strong>Nice<\/strong> avec <a href=\"https:\/\/www.nicematin.com\/sports\/football\/l-ogc-nice-subit-une-neuvieme-defaite-de-rang-chez-le-leader-lensois-2-0-10660918\" target=\"_blank\" rel=\"noopener\">un sixi\u00e8me revers de rang en L1<\/a>, qui fait monter \u00e0 neuf le triste bilan total et allonge encore la pire s\u00e9rie de l\u2019histoire du club.<\/p>\n<p class=\"fs-5 \">Les Aiglons, comme leurs supporters, ne se faisaient gu\u00e8re d\u2019illusions avant d\u2019aller d\u00e9fier Lens, un adversaire sur une tout autre dynamique qu\u2019eux.<\/p>\n<p class=\"fs-5 \">Dans un stade Bollaert magnifique, ils ont \u00e9t\u00e9 combatifs, ont m\u00eame montr\u00e9 de belles choses par s\u00e9quences mais les progr\u00e8s ni\u00e7ois \u00e0 petit pas n\u2019ont pas suffi \u00e0 gommer le gouffre immense qui s\u00e9pare aujourd\u2019hui le <strong>RC Lens<\/strong> de l\u2019<strong>OGC Nice<\/strong> en termes de certitudes collectives et surtout de confiance.<\/p>\n<p>        <img src=\"https:\/\/www.europesays.com\/fr\/wp-content\/uploads\/2025\/12\/32600e5_upload-1-fl6ncrnbicsb-lens-nice-41536684.jpg\"   loading=\"lazy\" decoding=\"async\" alt=\"Battu par Odsonne Edouard sur la trajectoire du premier but, Oppong assiste ici, impuissant, \u00e0 la vol\u00e9e tent\u00e9e par Florian Thauvin. \" class=\"img-fluid position-absolute w-100 object-fit-cover rounded-2\" width=\"600\" height=\"400\"\/><\/p>\n<p class=\"fs-5 \">S\u2019ils n\u2019\u00e9taient pas plong\u00e9s dans leurs doutes, <strong>Mohamed-Ali Cho<\/strong> puis <strong>Hicham Boudaoui<\/strong> auraient-ils rat\u00e9 l\u2019immanquable face \u00e0 <strong>Robin Risser\u00a0<\/strong>? Peut-\u00eatre pas.<\/p>\n<p class=\"fs-5 \"><strong>Odsonne Edouard<\/strong>, lui, a ouvert le score de la t\u00eate d\u2019un superbe but n\u00e9 d\u2019une demi-occasion, \u00e9valu\u00e9e \u00e0 0.06 au rang des expected goals\u2026 Autrement dit, peu auraient \u00e9t\u00e9 capables de la mettre au fond.<\/p>\n<p class=\"fs-5 \">Surtout pas un Ni\u00e7ois au vu de l\u2019inefficacit\u00e9 affolante des <strong>Rouge et Noir <\/strong>depuis le d\u00e9but de la saison.<\/p>\n<p class=\"fs-5 \">La recrue des Sang et Or aurait pu devenir un <strong>Aiglon<\/strong> cet \u00e9t\u00e9. Quatre mois apr\u00e8s, et alors que le Racing est le fier leader de la L1, il ne doit pas regretter ce tournant dans sa carri\u00e8re, lui qui a profit\u00e9 de deux centres superbes de <strong>Matthieu Udol<\/strong> pour inscrire ses 6e et 7e buts de la saison.<\/p>\n<p class=\"fs-5 \">Si l\u2019ancien Parisien y a mis timing et engagement, la f\u00e9brile d\u00e9fense azur\u00e9enne a encore p\u00e9ch\u00e9 par na\u00efvet\u00e9, quand l\u2019attaque n\u2019a pas su concr\u00e9tiser ses nombreux temps forts, notamment en premi\u00e8re mi-temps.<\/p>\n<p>                                                                                Kevin Carlos transparent \u00e0 son entr\u00e9e \u00e0 la pause<\/p>\n<p class=\"fs-5 \">Sur le bon chemin, <strong>Jansson<\/strong> s\u2019est offert quelques fulgurances. <strong>Diop<\/strong>, dans un r\u00f4le de faux 9 n\u2019a pas pes\u00e9 mais Pierre Sage reconnaissait apr\u00e8s coup que ses d\u00e9zonages n\u2019avaient pas rendu la vie facile \u00e0 son \u00e9quipe.<\/p>\n<p class=\"fs-5 \">Or, tout est devenu un peu plus simple pour les Lensois apr\u00e8s la pause et l\u2019entr\u00e9e indigente de Kevin Carlos.<\/p>\n<p class=\"fs-5 \">Lequel n\u2019a rien fait pour s\u2019enlever l\u2019\u00e9tiquette de plus en plus encombrante de grave erreur de casting.<\/p>\n<p>        <img decoding=\"async\" src=\"https:\/\/www.europesays.com\/fr\/wp-content\/uploads\/2025\/12\/ARTVIEW-10660940-ORIG-230a3fe_upload-1-fz3mclyhfpys-image-afp-8849963-small.jpg\" class=\"figure-img img-fluid rounded\" alt=\"Malang Sarr a \u00e9t\u00e9 le meilleur Ni\u00e7ois face au triste Gym de Boudaoui.&#10;\"\/><\/p>\n<p>                                    Malang Sarr a \u00e9t\u00e9 le meilleur Ni\u00e7ois face au triste Gym de Boudaoui.<br \/>\n <br \/>Photo AFP<\/p>\n<p class=\"fs-5 \">Dans un autre contexte, il y aurait pu y avoir mati\u00e8re \u00e0 davantage positiver mais Franck Haise n\u2019a m\u00eame pas franchement essay\u00e9.<\/p>\n<p class=\"fs-5 \">\u00ab\u00a0M\u00eame si on peut penser qu\u2019il y a un certain nombre de choses en am\u00e9lioration, il y a quand m\u00eame au bout une d\u00e9faite. On ne marque pas, on prend des buts\u00a0\u00bb, constate d\u00e9sabus\u00e9 le coach ni\u00e7ois.<\/p>\n<p class=\"fs-5 \">S\u2019il y a de quoi se satisfaire, c\u2019est finalement des r\u00e9sultats des autres, puisque les d\u00e9faites de <strong>Metz<\/strong>, <strong>Nantes<\/strong> et <strong>Auxerre<\/strong> permettront au moins au Gym, 13e, de commencer 2026 en \u00e9tant toujours cinq points devant le premier barragiste.<\/p>\n<p class=\"fs-5 \">C\u2019est un matelas quand m\u00eame fort inconfortable pour une \u00e9quipe qui poursuit son inqui\u00e9tante chute libre, sans que l\u2019on puisse savoir comment elle pourrait s\u2019arr\u00eater, au sein d\u2019un club et face \u00e0 un actionnaire qui semblent estimer que ne pas agir est la meilleure des solutions.<\/p>\n<p class=\"fs-5 \">L\u2019OGC Nice aura un dernier match en 2025, dimanche prochain en <strong>Coupe de France<\/strong> contre <strong>Saint-Etienne<\/strong> (L2) pour s\u2019offrir, on l\u2019esp\u00e8re, un tout petit peu de r\u00e9pit.<\/p>\n","protected":false},"excerpt":{"rendered":"Puisque les m\u00eames causes produisent les m\u00eames effets, rien n\u2019a chang\u00e9 dans le quotidien morose du Gym, revenu&hellip;\n","protected":false},"author":2,"featured_media":601016,"comment_status":"","ping_status":"","sticky":false,"template":"","format":"standard","meta":{"footnotes":""},"categories":[2819],"tags":[1111,11,1777,674,1011,27,12,2401,54521,882,25],"class_list":{"0":"post-601015","1":"post","2":"type-post","3":"status-publish","4":"format-standard","5":"has-post-thumbnail","7":"category-nice","8":"tag-actu","9":"tag-actualites","10":"tag-eu","11":"tag-europe","12":"tag-fr","13":"tag-france","14":"tag-news","15":"tag-nice","16":"tag-ogcnice","17":"tag-provence-alpes-cote-dazur","18":"tag-republique-francaise"},"share_on_mastodon":{"url":"https:\/\/pubeurope.com\/@fr\/115724245212833292","error":""},"_links":{"self":[{"href":"https:\/\/www.europesays.com\/fr\/wp-json\/wp\/v2\/posts\/601015","targetHints":{"allow":["GET"]}}],"collection":[{"href":"https:\/\/www.europesays.com\/fr\/wp-json\/wp\/v2\/posts"}],"about":[{"href":"https:\/\/www.europesays.com\/fr\/wp-json\/wp\/v2\/types\/post"}],"author":[{"embeddable":true,"href":"https:\/\/www.europesays.com\/fr\/wp-json\/wp\/v2\/users\/2"}],"replies":[{"embeddable":true,"href":"https:\/\/www.europesays.com\/fr\/wp-json\/wp\/v2\/comments?post=601015"}],"version-history":[{"count":0,"href":"https:\/\/www.europesays.com\/fr\/wp-json\/wp\/v2\/posts\/601015\/revisions"}],"wp:featuredmedia":[{"embeddable":true,"href":"https:\/\/www.europesays.com\/fr\/wp-json\/wp\/v2\/media\/601016"}],"wp:attachment":[{"href":"https:\/\/www.europesays.com\/fr\/wp-json\/wp\/v2\/media?parent=601015"}],"wp:term":[{"taxonomy":"category","embeddable":true,"href":"https:\/\/www.europesays.com\/fr\/wp-json\/wp\/v2\/categories?post=601015"},{"taxonomy":"post_tag","embeddable":true,"href":"https:\/\/www.europesays.com\/fr\/wp-json\/wp\/v2\/tags?post=601015"}],"curies":[{"name":"wp","href":"https:\/\/api.w.org\/{rel}","templated":true}]}}