{"id":601037,"date":"2025-12-15T15:27:14","date_gmt":"2025-12-15T15:27:14","guid":{"rendered":"https:\/\/www.europesays.com\/fr\/601037\/"},"modified":"2025-12-15T15:27:14","modified_gmt":"2025-12-15T15:27:14","slug":"pres-de-lyon-casse-spectaculaire-avant-noel-un-entrepot-de-vetements-de-luxe-devalise","status":"publish","type":"post","link":"https:\/\/www.europesays.com\/fr\/601037\/","title":{"rendered":"Pr\u00e8s de Lyon. Casse spectaculaire avant No\u00ebl, un entrep\u00f4t de v\u00eatements de luxe d\u00e9valis\u00e9"},"content":{"rendered":"<p>                    Par<br \/>\n        <strong><br \/>\n            <a href=\"https:\/\/actu.fr\/auteur\/julien-damboise\" title=\"Consulter tous les articles de Julien Damboise\" target=\"_blank\" rel=\"noopener\">Julien Damboise<\/a><br \/>\n                    <\/strong><\/p>\n<p>        Publi\u00e9 le<\/p>\n<p>            15 d\u00e9c. 2025 \u00e0 15h24        <\/p>\n<p><strong>INFO ACTU LYON<\/strong>. Un <strong>casse peu commun<\/strong> s\u2019est d\u00e9roul\u00e9 ce dimanche 14 d\u00e9cembre 2025 dans la m\u00e9tropole de <a href=\"https:\/\/actu.fr\/lyon\/\" target=\"_blank\" rel=\"noopener\">Lyon<\/a>. Un entrep\u00f4t de <strong>v\u00eatements de luxe<\/strong> de la commune de <a href=\"https:\/\/actu.fr\/auvergne-rhone-alpes\/decines-charpieu_69275\" target=\"_blank\" rel=\"noopener\">D\u00e9cines-Charpieu<\/a> a \u00e9t\u00e9 cibl\u00e9 \u00e0 la nuit tomb\u00e9e. Une enqu\u00eate a \u00e9t\u00e9 ouverte pour retrouver le ou les mis en cause.<\/p>\n<p>    <a href=\"https:\/\/www.google.com\/maps\/embed?pb=!1m18!1m12!1m3!1d9111.453633077816!2d4.93138704993696!3d45.75859882709946!2m3!1f0!2f0!3f0!3m2!1i1024!2i768!4f13.1!3m3!1m2!1s0x47f4c12738f39a53%3A0xc9f2d0f4b39263cb!2sAv.%20des%20Bruy%C3%A8res%2C%2069150%20D%C3%A9cines-Charpieu!5e1!3m2!1sfr!2sfr!4v1765806048946!5m2!1sfr!2sfr\" title=\"Ouvrie le lien\" target=\"_blank\" rel=\"noopener\">Cliquez ici pour visualiser le contenu<\/a><\/p>\n<p>Une intrusion avec une voiuture<\/p>\n<p class=\" wall-content\">Selon nos informations, la <a href=\"https:\/\/actu.fr\/tag\/police\" target=\"_blank\" rel=\"noopener\">police<\/a> est intervenue en urgence au niveau de l\u2019avenue des Bruy\u00e8res, une zone dans laquelle se trouvent de nombreux entrep\u00f4ts. C\u2019est justement l\u2019un d\u2019eux qui a \u00e9t\u00e9 cibl\u00e9 vers 23 h 30.<\/p>\n<p class=\" wall-content\">Une ou plusieurs personnes ont projet\u00e9 un v\u00e9hicule contre la fa\u00e7ade d\u2019une r\u00e9serve de v\u00eatements : un <strong>v\u00e9ritable casse \u00e0 la voiture b\u00e9lier<\/strong>.<\/p>\n<p>Des v\u00eatements de marque<\/p>\n<p class=\" wall-content\">Les malfaiteurs ont cibl\u00e9 un site dans lequel \u00e9taient entrepos\u00e9s des v\u00eatements de luxe, notamment de la <strong>marque Lacoste<\/strong>, d\u2019apr\u00e8s une source proche de l\u2019enqu\u00eate.<\/p>\n<p class=\" wall-content\">Le montant et le pr\u00e9judice total restaient encore \u00e0 \u00e9valuer \u00e0 la mi-journ\u00e9e, dans le cadre de l\u2019enqu\u00eate imm\u00e9diatement ouverte. Mais des affaires pour <strong>au moins plusieurs milliers d\u2019euros<\/strong> auraient \u00e9t\u00e9 emport\u00e9es.<\/p>\n<p class=\" wall-content\">En effet, le ou les mis en cause avaient d\u00e9j\u00e0 fui l\u2019entrep\u00f4t avant l\u2019arriv\u00e9e des forces de l\u2019ordre. Des investigations sont en cours.<\/p>\n<p class=\" wall-content\">Personnalisez votre actualit\u00e9 en ajoutant vos villes et m\u00e9dias en favori avec <a href=\"https:\/\/moncompte.actu.fr\" title=\"D\u00e9couvez Mon Actu\" rel=\"nofollow noopener\" data-trk=\"{&quot;cta&quot;:{&quot;action&quot;:&quot;https:\\\/\\\/moncompte.actu.fr&quot;,&quot;category&quot;:&quot;mon compte&quot;,&quot;from&quot;:&quot;article footer&quot;,&quot;name&quot;:&quot;Mon actu&quot;,&quot;type&quot;:&quot;cta&quot;}}\" target=\"_blank\">Mon Actu<\/a>.<\/p>\n","protected":false},"excerpt":{"rendered":"Par Julien Damboise Publi\u00e9 le 15 d\u00e9c. 2025 \u00e0 15h24 INFO ACTU LYON. Un casse peu commun s\u2019est&hellip;\n","protected":false},"author":2,"featured_media":601038,"comment_status":"","ping_status":"","sticky":false,"template":"","format":"standard","meta":{"footnotes":""},"categories":[1889],"tags":[1111,11,2430,1174,1777,674,118,1011,27,2428,12,1072,25],"class_list":{"0":"post-601037","1":"post","2":"type-post","3":"status-publish","4":"format-standard","5":"has-post-thumbnail","7":"category-lyon","8":"tag-actu","9":"tag-actualites","10":"tag-auvergne-rhone-alpes","11":"tag-cambriolage","12":"tag-eu","13":"tag-europe","14":"tag-faits-divers","15":"tag-fr","16":"tag-france","17":"tag-lyon","18":"tag-news","19":"tag-police","20":"tag-republique-francaise"},"share_on_mastodon":{"url":"https:\/\/pubeurope.com\/@fr\/115724290891534039","error":""},"_links":{"self":[{"href":"https:\/\/www.europesays.com\/fr\/wp-json\/wp\/v2\/posts\/601037","targetHints":{"allow":["GET"]}}],"collection":[{"href":"https:\/\/www.europesays.com\/fr\/wp-json\/wp\/v2\/posts"}],"about":[{"href":"https:\/\/www.europesays.com\/fr\/wp-json\/wp\/v2\/types\/post"}],"author":[{"embeddable":true,"href":"https:\/\/www.europesays.com\/fr\/wp-json\/wp\/v2\/users\/2"}],"replies":[{"embeddable":true,"href":"https:\/\/www.europesays.com\/fr\/wp-json\/wp\/v2\/comments?post=601037"}],"version-history":[{"count":0,"href":"https:\/\/www.europesays.com\/fr\/wp-json\/wp\/v2\/posts\/601037\/revisions"}],"wp:featuredmedia":[{"embeddable":true,"href":"https:\/\/www.europesays.com\/fr\/wp-json\/wp\/v2\/media\/601038"}],"wp:attachment":[{"href":"https:\/\/www.europesays.com\/fr\/wp-json\/wp\/v2\/media?parent=601037"}],"wp:term":[{"taxonomy":"category","embeddable":true,"href":"https:\/\/www.europesays.com\/fr\/wp-json\/wp\/v2\/categories?post=601037"},{"taxonomy":"post_tag","embeddable":true,"href":"https:\/\/www.europesays.com\/fr\/wp-json\/wp\/v2\/tags?post=601037"}],"curies":[{"name":"wp","href":"https:\/\/api.w.org\/{rel}","templated":true}]}}