{"id":601039,"date":"2025-12-15T15:28:12","date_gmt":"2025-12-15T15:28:12","guid":{"rendered":"https:\/\/www.europesays.com\/fr\/601039\/"},"modified":"2025-12-15T15:28:12","modified_gmt":"2025-12-15T15:28:12","slug":"a-lyon-le-dernier-budget-avant-les-municipales-cristallise-les-tensions-entre-aulas-et-les-ecologistes","status":"publish","type":"post","link":"https:\/\/www.europesays.com\/fr\/601039\/","title":{"rendered":"\u00c0 Lyon, le dernier budget avant les municipales cristallise les tensions entre Aulas et les \u00e9cologistes"},"content":{"rendered":"<p>\n    Jean-Michel Aulas et V\u00e9ronique Sarselli (LR) ont demand\u00e9 un audit des finances de la m\u00e9tropole et un contr\u00f4le de l\u00e9galit\u00e9 appuy\u00e9 du budget vot\u00e9 ce lundi.<\/p>\n<p class=\"fig-paragraph\"><a href=\"http:\/\/www.lefigaro.fr\/lyon\/municipales-a-lyon-aulas-largement-en-tete-lors-d-un-nouveau-sondage-une-victoire-au-premier-tour-envisageable-20251030\" data-fig-type=\"NewsFlash\" data-gtm-custom-categorie=\"navigation\" data-gtm-custom-action=\"crossclick\" data-gtm-custom-label=\"Contextuel\" data-gtm-event=\"customEventSPE\" data-fig-domain=\"LEFIGARO\" target=\"_blank\" rel=\"noopener\">Cr\u00e9dit\u00e9 d\u2019intentions de vote flatteuses \u00e0 la mairie<\/a>\u00a0de Lyon, Jean-Michel Aulas s\u2019attaque d\u00e9sormais \u00e0 la gestion de la\u00a0<a href=\"http:\/\/www.lefigaro.fr\/politique\/lyon-jean-michel-aulas-et-lr-font-alliance-pour-les-elections-a-la-metropole-20251125\" data-fig-type=\"NewsFlash\" data-gtm-custom-categorie=\"navigation\" data-gtm-custom-action=\"crossclick\" data-gtm-custom-label=\"Contextuel\" data-gtm-event=\"customEventSPE\" data-fig-domain=\"LEFIGARO\" target=\"_blank\" rel=\"noopener\">m\u00e9tropole<\/a>, \u00e9galement dirig\u00e9e par une\u00a0<a href=\"http:\/\/www.lefigaro.fr\/lyon\/la-metropole-de-lyon-va-transformer-les-logements-vacants-en-habitations-pour-les-plus-precaires-20251114\" data-fig-type=\"NewsFlash\" data-gtm-custom-categorie=\"navigation\" data-gtm-custom-action=\"crossclick\" data-gtm-custom-label=\"Contextuel\" data-gtm-event=\"customEventSPE\" data-fig-domain=\"LEFIGARO\" target=\"_blank\" rel=\"noopener\">majorit\u00e9 de gauche \u00e9cologiste<\/a>. L\u2019ex-patron de l\u2019Olympique Lyonnais a gravement remis en cause le budget de cette\u00a0<a href=\"http:\/\/www.lefigaro.fr\/lyon\/lyon-bruno-bernard-un-president-de-metropole-puissant-mais-meconnu-20230324\" data-fig-type=\"Article\" data-gtm-custom-categorie=\"navigation\" data-gtm-custom-action=\"crossclick\" data-gtm-custom-label=\"Contextuel\" data-gtm-event=\"customEventSPE\" data-fig-domain=\"LEFIGARO\" target=\"_blank\" rel=\"noopener\">collectivit\u00e9 m\u00e9connue<\/a>\u00a0mais concentrant une grande partie des comp\u00e9tences et des finances des 59 communes qui la composent. Avec sa t\u00eate de liste au Grand Lyon,\u00a0<a href=\"http:\/\/www.lefigaro.fr\/lyon\/metropole-de-lyon-veronique-sarselli-l-emporte-a-la-surprise-generale-pour-mener-la-campagne-de-la-droite-en-2026-20250204\" data-fig-type=\"NewsFlash\" data-gtm-custom-categorie=\"navigation\" data-gtm-custom-action=\"crossclick\" data-gtm-custom-label=\"Contextuel\" data-gtm-event=\"customEventSPE\" data-fig-domain=\"LEFIGARO\" target=\"_blank\" rel=\"noopener\">V\u00e9ronique Sarselli (LR)<\/a>, ils ont demand\u00e9 un contr\u00f4le de l\u00e9galit\u00e9 appuy\u00e9 de l\u2019\u00c9tat sur le budget 2026, vot\u00e9 ce lundi, qu\u2019ils estiment \u00abinsinc\u00e8re\u00bb, lors d\u2019une conf\u00e9rence de presse avant l\u2019ouverture des d\u00e9bats.<\/p>\n<p class=\"fig-paragraph\">\u00abLa m\u00e9tropole d\u00e9pense plus, pr\u00e9l\u00e8ve plus et a moins de marges de man\u0153uvre, a ass\u00e9n\u00e9 V\u00e9ronique Sarselli. Les recettes augmentent de 3,4% pour atteindre pr\u00e8s de 2,9 milliards d\u2019euros parce que la pression fiscale a fortement augment\u00e9 sur les entreprises, les propri\u00e9taires et les usagers\u00bb. Au c\u0153ur de ces recettes, le camp Aulas a cibl\u00e9 la progression des droits de mutations. Ces \u00abDMTO\u00bb dans le jargon immobilier repr\u00e9sentent la part des frais de notaires revenant \u00e0 la collectivit\u00e9 sur chaque transaction. Cette progression, qui doit nourrir les finances m\u00e9tropolitaines, a \u00e9t\u00e9 \u00absur\u00e9valu\u00e9e\u00bb selon le clan Aulas.<\/p>\n<p>                                            <a class=\"fig-a11y-skip\" href=\"#fig-a11y-skip-main-inarticle\" data-module=\"a11y-skip\" data-context=\"was @visible\"><br \/>\n    Passer la publicit\u00e9<br \/>\n<\/a>            <\/p>\n<p class=\"fig-paragraph\">\u00abNous savons tous qu\u2019il s\u2019agit l\u00e0 de recettes impr\u00e9visibles, non pilotables et volatiles\u00bb, a d\u00e9nonc\u00e9 la V\u00e9ronique Sarselli, demandant \u00abune vigilance de la pr\u00e9f\u00e8te sur le contr\u00f4le de l\u00e9galit\u00e9 du budget\u00bb. Ce contr\u00f4le de l\u00e9galit\u00e9 est effectu\u00e9 \u00abde fa\u00e7on syst\u00e9matique par la pr\u00e9fecture sur les actes les plus importants des collectivit\u00e9s territoriales, dont le budget, r\u00e9pond l\u2019entourage du pr\u00e9sident de la m\u00e9tropole\u00a0<a href=\"http:\/\/www.lefigaro.fr\/lyon\/metropole-de-lyon-bruno-bernard-lance-sa-campagne-face-a-la-liste-lr-aulas-20251205\" data-fig-type=\"NewsFlash\" data-gtm-custom-categorie=\"navigation\" data-gtm-custom-action=\"crossclick\" data-gtm-custom-label=\"Contextuel\" data-gtm-event=\"customEventSPE\" data-fig-domain=\"LEFIGARO\" target=\"_blank\" rel=\"noopener\">Bruno Bernard (EELV)<\/a>. Les budgets de la m\u00e9tropole ont toujours \u00e9t\u00e9 ratifi\u00e9s par les services de l\u2019\u00c9tat\u00bb.<\/p>\n<p class=\"fig-paragraph\">Le Grand Lyon pr\u00e9voit une augmentation li\u00e9e \u00e0 une l\u00e9g\u00e8re embellie du march\u00e9 de l\u2019immobilier li\u00e9 au recul des taux d\u2019emprunt notamment. L\u2019estimation d\u2019augmentation se base sur les donn\u00e9es de la Direction g\u00e9n\u00e9rale des finances publiques (DGFIP) pr\u00e9cise la collectivit\u00e9. Le Grand Lyon a par ailleurs augment\u00e9 le ratio de ces DMTO de 4,5% \u00e0 5% comme l\u2019a permis la loi de finances 2025, provoquant une augmentation m\u00e9canique des recettes. Bruno Bernard a reconnu des recettes \u00abvuln\u00e9rables\u00bb, renvoyant \u00e0 ses opposants de la droite et du centre les \u00abmesures successives prises par les gouvernements de Macron (&#8230;) que votre groupe soutien\u00bb sur la cotisation sur la valeur ajout\u00e9e des entreprises (CVAE), la TVA ou la taxe d\u2019habitation.<\/p>\n<p>                                            Aulas demande un audit, les \u00e9cologistes un d\u00e9bat apais\u00e9<\/p>\n<p class=\"fig-paragraph\">L\u2019\u00e9quipe de Jean-Michel Aulas a par ailleurs demand\u00e9 un \u00abaudit ind\u00e9pendant\u00bb sur les r\u00e9sultats de la majorit\u00e9 \u00e9cologiste depuis 2020. Une \u00e9tude qu\u2019il souhaiterait bas\u00e9e sur les objectifs fix\u00e9s dans la PPI &#8211; la feuille de route d\u2019investissements du mandat &#8211; pour mesurer l\u2019impact des mesures en faveur de l\u2019environnement notamment. \u00abElle montrerait certainement que seulement une part infinit\u00e9simale, probablement moins de 10%, des actions auraient un effet positif r\u00e9el sur la transition \u00e9cologique\u00bb, a avanc\u00e9 l\u2019ancien patron de l\u2019OL.<\/p>\n<p class=\"fig-paragraph\">Le budget de la m\u00e9tropole pour 2026 int\u00e8gre un milliard d\u2019euros de d\u00e9penses d\u2019investissement, dont 650 millions d\u00e9di\u00e9s \u00e0 la r\u00e9alisation de la PPI. Parmi elles, on retrouve les priorit\u00e9s politiques de la majorit\u00e9 comme l\u2019acc\u00e8s au logement, le social et le d\u00e9veloppement des mobilit\u00e9s douces. Dans le d\u00e9tail, 40 millions d\u2019euros iront en 2026 \u00e0 la poursuite du\u00a0<a href=\"http:\/\/www.lefigaro.fr\/lyon\/lyon-le-trace-d-une-des-pistes-cyclables-les-plus-contestees-valide-par-la-metropole-20250630\" data-fig-type=\"NewsFlash\" data-gtm-custom-categorie=\"navigation\" data-gtm-custom-action=\"crossclick\" data-gtm-custom-label=\"Contextuel\" data-gtm-event=\"customEventSPE\" data-fig-domain=\"LEFIGARO\" target=\"_blank\" rel=\"noopener\">r\u00e9seau cyclable<\/a>, 3,7 au d\u00e9veloppement et \u00e0 l\u2019entretien des\u00a0<a href=\"http:\/\/www.lefigaro.fr\/lyon\/lyon-succes-total-pour-les-velos-electriques-en-libre-service-qui-representent-pres-de-la-moitie-des-locations-20250411\" data-fig-type=\"NewsFlash\" data-gtm-custom-categorie=\"navigation\" data-gtm-custom-action=\"crossclick\" data-gtm-custom-label=\"Contextuel\" data-gtm-event=\"customEventSPE\" data-fig-domain=\"LEFIGARO\" target=\"_blank\" rel=\"noopener\">V\u00e9lo\u2019v \u00e9lectriques<\/a>, 3 \u00e0 la r\u00e9fection des tr\u00e9mies de\u00a0<a href=\"http:\/\/www.lefigaro.fr\/lyon\/lyon-veut-ouvrir-perrache-la-verrue-de-la-presqu-ile-coincee-dans-les-annees-70-20250222\" data-fig-type=\"NewsFlash\" data-gtm-custom-categorie=\"navigation\" data-gtm-custom-action=\"crossclick\" data-gtm-custom-label=\"Contextuel\" data-gtm-event=\"customEventSPE\" data-fig-domain=\"LEFIGARO\" target=\"_blank\" rel=\"noopener\">Perrache<\/a>\u00a0ou encore 6 \u00e0 la ZAC des Alagniers \u00e0 Rillieux-la-Pape.<\/p>\n<p class=\"fig-paragraph\">Le camp Aulas pointe de son c\u00f4t\u00e9 une \u00abexplosion des d\u00e9penses de fonctionnement\u00bb de 15% du budget principal depuis 2019 avec une progression de 19% de la masse salariale. En conseil m\u00e9tropolitain, Bruno Bernard a renvoy\u00e9 V\u00e9ronique Sarselli \u00e0 l\u2019augmentation des d\u00e9penses de fonctionnement dans sa ville de Sainte-Foy-l\u00e8s-Lyon, qui s\u2019\u00e9tablit \u00e0 16%. Il a accus\u00e9 ses opposants de \u00absalir le d\u00e9bat public\u00bb avec de \u00abfausses informations\u00bb.<\/p>\n<p class=\"fig-body-link\">\n            \u00c0 lire aussi<br \/>\n        <a class=\"fig-body-link__link\" href=\"http:\/\/www.lefigaro.fr\/lyon\/municipales-2026-a-lyon-jean-michel-aulas-superstar-des-sondages-20251120\" data-fig-type=\"NewsFlash\" data-gtm-custom-categorie=\"navigation\" data-gtm-custom-action=\"crossclick\" data-gtm-custom-label=\"Contextuel\" data-gtm-event=\"customEventSPE\" data-fig-domain=\"LEFIGARO\" target=\"_blank\" rel=\"noopener\"><\/p>\n<p>        Municipales 2026\u00a0: \u00e0 Lyon, Jean-Michel Aulas, superstar des sondages<br \/>\n    <\/a>\n<\/p>\n<p>                                            <a class=\"fig-a11y-skip\" href=\"#fig-a11y-skip-main-inarticle_mtf\" data-module=\"a11y-skip\" data-context=\"was @visible\"><br \/>\n    Passer la publicit\u00e9<br \/>\n<\/a>            <\/p>\n<p>                                            Bataille d\u2019attractivit\u00e9<\/p>\n<p class=\"fig-paragraph\">Dans son inventaire, V\u00e9ronique Sarselli a aussi point\u00e9 une baisse de l\u2019\u00e9pargne de 58% sur le mandat et un allongement de la capacit\u00e9 de d\u00e9sendettement, \u00abqui d\u00e9passe d\u00e9sormais les huit ans\u00bb. Une dette qui reste \u00abstable\u00bb sur la dur\u00e9e du mandat et \u00abs\u00e9curis\u00e9e\u00bb oppose l\u2019ex\u00e9cutif, avec 100% de l\u2019encours class\u00e9 A1 ou A2. La majorit\u00e9 rappelle la note de A+ d\u00e9cern\u00e9e \u00e0 la collectivit\u00e9 par l\u2019agence Fitch.<\/p>\n<p class=\"fig-paragraph\">Elle dit aussi retrouver des marges d\u2019investissement, avec \u00abune capacit\u00e9 d\u2019autofinancement en augmentation de 24 millions d\u2019euros, passant \u00e0 276 millions, malgr\u00e9 des pr\u00e9l\u00e8vements op\u00e9r\u00e9s par l\u2019\u00c9tat\u00bb. De quoi se f\u00e9liciter pour Bruno Bernard de la situation \u00e9conomique et de la cr\u00e9ation de 54.000 emplois depuis 2020. De la \u00abpoudre aux yeux\u00bb sur des r\u00e9ussites \u00abind\u00e9pendantes de l\u2019action politique\u00bb pour Jean-Michel Aulas.<\/p>\n<p class=\"fig-paragraph\">\u00c0 trois mois des scrutins municipaux et m\u00e9tropolitains les enjeux \u00e9conomiques d\u2019attractivit\u00e9 cristallisent les d\u00e9bats. Le vote de ce jour au Grand Lyon fut aussi l\u2019occasion pour les quatre groupes d\u2019opposition de la droite et du centre droit de fusionner sous la banni\u00e8re Grand C\u0153ur lyonnais, comme ils l\u2019avaient fait \u00e0 la ville il y a plus de deux mois. Cinq \u00e9lus ont n\u00e9anmoins refus\u00e9 de s\u2019y inscrire.<\/p>\n<p class=\"fig-paragraph\">De son c\u00f4t\u00e9, Bruno Bernard a aussi lanc\u00e9 sa campagne, dans la lign\u00e9e du mandat \u00e9coul\u00e9, mais sans LFI cette fois. Vendredi, il a annonc\u00e9 remettre dans la balance \u00e9lectorale le grand projet de r\u00e9fection de la\u00a0<a href=\"http:\/\/www.lefigaro.fr\/lyon\/lyon-moins-de-voitures-plus-d-arbres-a-quoi-va-ressembler-le-projet-rive-droite-du-rhone-20230607\" data-fig-type=\"Article\" data-gtm-custom-categorie=\"navigation\" data-gtm-custom-action=\"crossclick\" data-gtm-custom-label=\"Contextuel\" data-gtm-event=\"customEventSPE\" data-fig-domain=\"LEFIGARO\" target=\"_blank\" rel=\"noopener\">rive droite du Rh\u00f4ne<\/a>\u00a0initialement pr\u00e9vu pour 2026.<\/p>\n","protected":false},"excerpt":{"rendered":"Jean-Michel Aulas et V\u00e9ronique Sarselli (LR) ont demand\u00e9 un audit des finances de la m\u00e9tropole et un contr\u00f4le&hellip;\n","protected":false},"author":2,"featured_media":601040,"comment_status":"","ping_status":"","sticky":false,"template":"","format":"standard","meta":{"footnotes":""},"categories":[1889],"tags":[1111,11,2430,2339,5949,1777,674,1011,27,5227,2428,12,25],"class_list":{"0":"post-601039","1":"post","2":"type-post","3":"status-publish","4":"format-standard","5":"has-post-thumbnail","7":"category-lyon","8":"tag-actu","9":"tag-actualites","10":"tag-auvergne-rhone-alpes","11":"tag-ecologistes","12":"tag-elections","13":"tag-eu","14":"tag-europe","15":"tag-fr","16":"tag-france","17":"tag-jean-michel-aulas","18":"tag-lyon","19":"tag-news","20":"tag-republique-francaise"},"share_on_mastodon":{"url":"https:\/\/pubeurope.com\/@fr\/115724294752568484","error":""},"_links":{"self":[{"href":"https:\/\/www.europesays.com\/fr\/wp-json\/wp\/v2\/posts\/601039","targetHints":{"allow":["GET"]}}],"collection":[{"href":"https:\/\/www.europesays.com\/fr\/wp-json\/wp\/v2\/posts"}],"about":[{"href":"https:\/\/www.europesays.com\/fr\/wp-json\/wp\/v2\/types\/post"}],"author":[{"embeddable":true,"href":"https:\/\/www.europesays.com\/fr\/wp-json\/wp\/v2\/users\/2"}],"replies":[{"embeddable":true,"href":"https:\/\/www.europesays.com\/fr\/wp-json\/wp\/v2\/comments?post=601039"}],"version-history":[{"count":0,"href":"https:\/\/www.europesays.com\/fr\/wp-json\/wp\/v2\/posts\/601039\/revisions"}],"wp:featuredmedia":[{"embeddable":true,"href":"https:\/\/www.europesays.com\/fr\/wp-json\/wp\/v2\/media\/601040"}],"wp:attachment":[{"href":"https:\/\/www.europesays.com\/fr\/wp-json\/wp\/v2\/media?parent=601039"}],"wp:term":[{"taxonomy":"category","embeddable":true,"href":"https:\/\/www.europesays.com\/fr\/wp-json\/wp\/v2\/categories?post=601039"},{"taxonomy":"post_tag","embeddable":true,"href":"https:\/\/www.europesays.com\/fr\/wp-json\/wp\/v2\/tags?post=601039"}],"curies":[{"name":"wp","href":"https:\/\/api.w.org\/{rel}","templated":true}]}}