{"id":601058,"date":"2025-12-15T15:39:11","date_gmt":"2025-12-15T15:39:11","guid":{"rendered":"https:\/\/www.europesays.com\/fr\/601058\/"},"modified":"2025-12-15T15:39:11","modified_gmt":"2025-12-15T15:39:11","slug":"un-depute-allemand-dextreme-droite-poursuivi-pour-un-salut-nazi-presume-en-pleine-session-au-parlement","status":"publish","type":"post","link":"https:\/\/www.europesays.com\/fr\/601058\/","title":{"rendered":"Un d\u00e9put\u00e9 allemand d\u2019extr\u00eame droite poursuivi pour un salut nazi pr\u00e9sum\u00e9 en pleine session au Parlement"},"content":{"rendered":"<p>Premi\u00e8re force d\u2019opposition \u00e0 l\u2019issue des l\u00e9gislatives de f\u00e9vrier dernier, l\u2019AfD pointe en t\u00eate depuis r\u00e9guli\u00e8rement dans les sondages. Des membres et des \u00e9lus d\u00e9frayent r\u00e9guli\u00e8rement la chronique, en raison de propos jug\u00e9s racistes ou de r\u00e9f\u00e9rences nazies.<\/p>\n<p>En octobre, le Bundestag avait lev\u00e9 l\u2019immunit\u00e9 du d\u00e9put\u00e9 AfD Matthias Moosdorf, 60\u00a0ans, en raison d\u2019un salut hitl\u00e9rien pour permettre des poursuites judiciaires.<\/p>\n<p>Ce lundi 15\u00a0d\u00e9cembre, le parquet allemand a dit dans un communiqu\u00e9 engager des poursuites pour utilisation de \u00ab\u00a0symboles anticonstitutionnels\u00a0\u00bb, car \u00ab\u00a0l\u2019accus\u00e9 aurait salu\u00e9 un autre membre de son parti d\u2019un coup de talon et d\u2019un salut hitl\u00e9rien dans le vestiaire de l\u2019entr\u00e9e Est du Reichstag, le 22\u00a0juin 2023\u00a0\u00bb.<\/p>\n<p>Professeur honoraire d\u2019un conservatoire de musique de Moscou<\/p>\n<p>D\u2019apr\u00e8s cette source, le d\u00e9put\u00e9, que le parquet ne nomme pas, \u00e9tait au courant que le geste \u00ab\u00a0\u00e9tait visible par les personnes pr\u00e9sentes\u00a0\u00bb au sein du Bundestag.<\/p>\n<p>Connu pour \u00eatre proche de la Russie, Matthias Moosdorf est membre de l\u2019AfD depuis 2016. Musicien, il est \u00e9galement professeur honoraire dans un conservatoire de musique de Moscou.<\/p>\n<p>Un autre d\u00e9put\u00e9 de l\u2019AfD avait vu son immunit\u00e9 lev\u00e9e en septembre, Maximilian Krah, soup\u00e7onn\u00e9 de corruption et de blanchiment d\u2019argent en lien avec la Chine.<\/p>\n","protected":false},"excerpt":{"rendered":"Premi\u00e8re force d\u2019opposition \u00e0 l\u2019issue des l\u00e9gislatives de f\u00e9vrier dernier, l\u2019AfD pointe en t\u00eate depuis r\u00e9guli\u00e8rement dans les&hellip;\n","protected":false},"author":2,"featured_media":601059,"comment_status":"","ping_status":"","sticky":false,"template":"","format":"standard","meta":{"footnotes":""},"categories":[1587],"tags":[11,672,1804,1805,1803,1777,674,1801,12,1802],"class_list":{"0":"post-601058","1":"post","2":"type-post","3":"status-publish","4":"format-standard","5":"has-post-thumbnail","7":"category-allemagne","8":"tag-actualites","9":"tag-allemagne","10":"tag-bundesrepublik-deutschland","11":"tag-de","12":"tag-deutschland","13":"tag-eu","14":"tag-europe","15":"tag-germany","16":"tag-news","17":"tag-republique-federale-dallemagne"},"share_on_mastodon":{"url":"https:\/\/pubeurope.com\/@fr\/115724338468830277","error":""},"_links":{"self":[{"href":"https:\/\/www.europesays.com\/fr\/wp-json\/wp\/v2\/posts\/601058","targetHints":{"allow":["GET"]}}],"collection":[{"href":"https:\/\/www.europesays.com\/fr\/wp-json\/wp\/v2\/posts"}],"about":[{"href":"https:\/\/www.europesays.com\/fr\/wp-json\/wp\/v2\/types\/post"}],"author":[{"embeddable":true,"href":"https:\/\/www.europesays.com\/fr\/wp-json\/wp\/v2\/users\/2"}],"replies":[{"embeddable":true,"href":"https:\/\/www.europesays.com\/fr\/wp-json\/wp\/v2\/comments?post=601058"}],"version-history":[{"count":0,"href":"https:\/\/www.europesays.com\/fr\/wp-json\/wp\/v2\/posts\/601058\/revisions"}],"wp:featuredmedia":[{"embeddable":true,"href":"https:\/\/www.europesays.com\/fr\/wp-json\/wp\/v2\/media\/601059"}],"wp:attachment":[{"href":"https:\/\/www.europesays.com\/fr\/wp-json\/wp\/v2\/media?parent=601058"}],"wp:term":[{"taxonomy":"category","embeddable":true,"href":"https:\/\/www.europesays.com\/fr\/wp-json\/wp\/v2\/categories?post=601058"},{"taxonomy":"post_tag","embeddable":true,"href":"https:\/\/www.europesays.com\/fr\/wp-json\/wp\/v2\/tags?post=601058"}],"curies":[{"name":"wp","href":"https:\/\/api.w.org\/{rel}","templated":true}]}}