{"id":601060,"date":"2025-12-15T15:40:19","date_gmt":"2025-12-15T15:40:19","guid":{"rendered":"https:\/\/www.europesays.com\/fr\/601060\/"},"modified":"2025-12-15T15:40:19","modified_gmt":"2025-12-15T15:40:19","slug":"la-tesla-que-leurope-nattendait-pas-arrive-en-2026","status":"publish","type":"post","link":"https:\/\/www.europesays.com\/fr\/601060\/","title":{"rendered":"la Tesla que l\u2019Europe n\u2019attendait pas\u2026 arrive en 2026"},"content":{"rendered":"<p>Malgr\u00e9 la concurrence accrue des constructeurs chinois comme BYD, Tesla reste la t\u00eate de proue de la voiture \u00e9lectrique. Afin de conserver cette position (au moins dans l\u2019imaginaire collectif), la firme am\u00e9ricaine a lanc\u00e9 il y a quelques mois un nouveau mod\u00e8le\u00a0: la Model YL.<\/p>\n<p><a href=\"https:\/\/www.journaldugeek.com\/2025\/08\/28\/tesla-model-yl-la-raison-pour-laquelle-elon-musk-empeche-leurope-davoir-acces-a-la-voiture-familiale-est-ridicule\/\" rel=\"false noopener\" target=\"_blank\">Disponible uniquement en Chine<\/a>, cette voiture de six places devrait d\u00e9barquer dans les prochaines semaines en Europe. L\u2019occasion de toucher un autre march\u00e9, tr\u00e8s important sur le vieux continent, les familles. Les premi\u00e8res informations au sujet de ce SUV annoncent une commercialisation d\u00e8s le premier trimestre\u00a02026.<\/p>\n<p> Une variante proche de l\u2019original <img loading=\"lazy\" decoding=\"async\" class=\"size-full wp-image-50575505\" src=\"https:\/\/www.europesays.com\/fr\/wp-content\/uploads\/2025\/12\/Tesla-S-Plaid.jpeg\" alt=\"Tesla S Plaid\" width=\"1920\" height=\"1280\"  \/>\u00a9 Tesla <\/p>\n<p>Sur le papier, les Tesla Model Y et Model YL sont tr\u00e8s proches. Une fois c\u00f4te \u00e0 c\u00f4te je vous d\u00e9fis de faire la diff\u00e9rence l\u2019oeil nu. Certes l\u2019empattement (la distance entre l\u2019axe des roues avant et arri\u00e8re) est plus grand sur la version YL (permettant de faire monter 6\u00a0personnes \u00e0 bord), mais la diff\u00e9rence est minime (3,04\u00a0m contre 2,89\u00a0m).<\/p>\n<p>Sous le capot, <strong>cette YL a le droit \u00e0 une batterie de 88,2 kWh<\/strong>. En th\u00e9orie, elle affiche une autonomie de 750 kilom\u00e8tres. Mais la version qui devrait \u00eatre disponible en Europe, avec des jantes de 19 pouces, sera-t-elle limit\u00e9e \u00e0 681 kilom\u00e8tres\u00a0?<\/p>\n<p> Six places dans un grand SUV familial <\/p>\n<p>Une fois install\u00e9 \u00e0 l\u2019int\u00e9rieur de ce SUV, la Model YL a tout d\u2019une voiture haut de gamme. Un grand \u00e9cran tactile de 16\u00a0pouces (plus grand qu\u2019un <a href=\"https:\/\/www.journaldugeek.com\/2025\/10\/15\/apple-devoile-son-nouvel-ipad-pro-m5-pense-pour-la-creation-et-lia\/\" rel=\"false noopener\" target=\"_blank\">iPad Pro<\/a>) permet de jongler entre la climatisation et les \u00e9crans de divertissement.<\/p>\n<p>Les sic si\u00e8ges sont reparties dans une configuration particuli\u00e8re, avec 3\u00a0rang\u00e9es de deux places. Habituellement les voitures\u00a06 (ou 7\u00a0places) optent plut\u00f4t pour une configuration\u00a02-3-2. Selon les informations partag\u00e9es par<a href=\"https:\/\/x.com\/eivissacopter\/status\/1999575447953088888\"> l\u2019internaute Eivissa sur le r\u00e9seau social X<\/a>, cette voiture aurait le droit \u00e0 deux rang\u00e9es de si\u00e8ges ventil\u00e9es, la derni\u00e8re rang\u00e9e se contenterait de si\u00e8ges chauffants.<\/p>\n<p>L\u2019assise devrait \u00eatre un peu plus confortable, avec un toit panoramique plus haut. Il passe de 1,62\u00a0m\u00e8tre \u00e0 1,67\u00a0m\u00e8tre. Seule inconnue, le prix de cette voiture. En Chine elle est vendue 339\u2009000\u00a0yens (40\u2009950\u00a0euros). Une fois mise en vente sur le march\u00e9 europ\u00e9en, elle pourrait gagner quelques milliers d\u2019euros, se rapprochant des 50\u2009000\u00a0euros.<\/p>\n<p>Enfin, pr\u00e9cision que d\u2019autres rumeurs, toujours venant du m\u00eame internaute, indiquent qu\u2019une autre version de la Tesla Model Y devrait bient\u00f4t arriver en Europe. Avec 7\u00a0places, dans une configuration\u00a02-3-2 plus classique. Nous n\u2019en savons encore tr\u00e8s peu sur cette Tesla, ni sa date de commercialisation, ni m\u00eame son prix de vente.<\/p>\n<blockquote style=\"border:1px solid #971048;border-radius:8px;\">\n<p class=\"text-base text-neutral-700 dark:text-neutral-300\" style=\"color:grey;\">\ud83d\udfe3 Pour ne manquer aucune news sur le Journal du Geek, <a href=\"https:\/\/profile.google.com\/cp\/CgwvZy8xejJ2N182c2MaHmh0dHBzOi8vd3d3LmpvdXJuYWxkdWdlZWsuY29tLw==?pf=6\" target=\"_blank\" rel=\"noopener\">suivez-nous sur Google<\/a> et sur notre canal <a href=\"https:\/\/whatsapp.com\/channel\/0029VaClM5y4tRry12tb7D2h\" target=\"_blank\" rel=\"noopener\">WhatsApp<\/a>. Et si vous nous adorez, on a <a href=\"https:\/\/www.journaldugeek.com\/newsletter\/\" target=\"_blank\" rel=\"noopener\">une newsletter tous les matins<\/a>.<\/p>\n<\/blockquote>\n","protected":false},"excerpt":{"rendered":"Malgr\u00e9 la concurrence accrue des constructeurs chinois comme BYD, Tesla reste la t\u00eate de proue de la voiture&hellip;\n","protected":false},"author":2,"featured_media":601061,"comment_status":"","ping_status":"","sticky":false,"template":"","format":"standard","meta":{"footnotes":""},"categories":[1586],"tags":[11,1777,674,1011,27,12,25,181,320,321],"class_list":{"0":"post-601060","1":"post","2":"type-post","3":"status-publish","4":"format-standard","5":"has-post-thumbnail","7":"category-europe","8":"tag-actualites","9":"tag-eu","10":"tag-europe","11":"tag-fr","12":"tag-france","13":"tag-news","14":"tag-republique-francaise","15":"tag-rumeurs","16":"tag-tesla","17":"tag-voiture-electrique"},"share_on_mastodon":{"url":"https:\/\/pubeurope.com\/@fr\/115724342925804191","error":""},"_links":{"self":[{"href":"https:\/\/www.europesays.com\/fr\/wp-json\/wp\/v2\/posts\/601060","targetHints":{"allow":["GET"]}}],"collection":[{"href":"https:\/\/www.europesays.com\/fr\/wp-json\/wp\/v2\/posts"}],"about":[{"href":"https:\/\/www.europesays.com\/fr\/wp-json\/wp\/v2\/types\/post"}],"author":[{"embeddable":true,"href":"https:\/\/www.europesays.com\/fr\/wp-json\/wp\/v2\/users\/2"}],"replies":[{"embeddable":true,"href":"https:\/\/www.europesays.com\/fr\/wp-json\/wp\/v2\/comments?post=601060"}],"version-history":[{"count":0,"href":"https:\/\/www.europesays.com\/fr\/wp-json\/wp\/v2\/posts\/601060\/revisions"}],"wp:featuredmedia":[{"embeddable":true,"href":"https:\/\/www.europesays.com\/fr\/wp-json\/wp\/v2\/media\/601061"}],"wp:attachment":[{"href":"https:\/\/www.europesays.com\/fr\/wp-json\/wp\/v2\/media?parent=601060"}],"wp:term":[{"taxonomy":"category","embeddable":true,"href":"https:\/\/www.europesays.com\/fr\/wp-json\/wp\/v2\/categories?post=601060"},{"taxonomy":"post_tag","embeddable":true,"href":"https:\/\/www.europesays.com\/fr\/wp-json\/wp\/v2\/tags?post=601060"}],"curies":[{"name":"wp","href":"https:\/\/api.w.org\/{rel}","templated":true}]}}