{"id":601074,"date":"2025-12-15T15:52:11","date_gmt":"2025-12-15T15:52:11","guid":{"rendered":"https:\/\/www.europesays.com\/fr\/601074\/"},"modified":"2025-12-15T15:52:11","modified_gmt":"2025-12-15T15:52:11","slug":"cc-coxyde-la-selection-francaise-actualite","status":"publish","type":"post","link":"https:\/\/www.europesays.com\/fr\/601074\/","title":{"rendered":"CC &#8211; Coxyde : La s\u00e9lection fran\u00e7aise &#8211; Actualit\u00e9"},"content":{"rendered":"<p style=\"text-align: justify;\">Coxyde accueillera ce dimanche 21 d\u00e9cembre la troisi\u00e8me manche de la Coupe du Monde de cyclo-cross pour les cat\u00e9gories jeunes. Trois fran\u00e7ais sont en t\u00eate de la Coupe du Monde chez les Juniors, Hommes et Femmes, et chez les Espoirs Hommes. La F\u00e9d\u00e9ration fran\u00e7aise de cyclisme a publi\u00e9 la liste des coureurs s\u00e9lectionn\u00e9s par Fran\u00e7ois Trarieux.<\/p>\n<p style=\"text-align: justify;\"><strong>La s\u00e9lection fran\u00e7aise<\/strong> :\u00a0<br \/><strong>Juniors Hommes<\/strong><br \/>Soren Bruy\u00e8re Joumard (Cyclisme Seyssinet Seyssins)\u00a0<br \/>Antoine Clemente (VC Cosnac)<br \/>Victor Devos (Flandre Elite Cyclisme) <br \/>Pierre Le Bourhis (VC Pays de Loud\u00e9ac)<br \/>Soen Le Pann (EC Plestin Pays du Tr\u00e9gor)<br \/>Axel Martineau (Durtal VS)<br \/>L\u00e9o Verrier (CA Evron)<\/p>\n<p><strong>Juniors Femmes<\/strong><br \/>Justine Baud (VC Cluses Scionzier)<br \/>Lucie Elizalde (AS Bike)<br \/>Z\u00e9lie Lambert (VC Ornans)<br \/>Eloane Lebreton (VC Pays de Loud\u00e9ac)<br \/>Laly Pichon (VTT Pays de Vilaine) <br \/>Lise Revol (AS Bike<br \/>Nolwenn Vaxillaire (SCO Dijon)<\/p>\n<p><strong>Espoirs Hommes<\/strong><br \/>L\u00e9o Bisiaux (Decathlon AG2R La Mondiale)<br \/>Alexis David (AC Bisontine)<br \/>Romain Debord (AS Bike Racing-France Literie) &#8211; notre photo &#8211;<br \/>Corentin Lequet (ACT Cycling Team)<br \/>Jules Simon (AS Bike Racing-France Literie)<br \/>Aubin Sparfel (Decathlon AG2R La Mondiale DT)<br \/>Th\u00e9ophile Vassal (Jura Cyclisme Pays du Revermont)<\/p>\n<p><strong>Espoirs Femmes<\/strong><br \/>Lison Desprez (ACT Cycling Team)<\/p>\n","protected":false},"excerpt":{"rendered":"Coxyde accueillera ce dimanche 21 d\u00e9cembre la troisi\u00e8me manche de la Coupe du Monde de cyclo-cross pour les&hellip;\n","protected":false},"author":2,"featured_media":601075,"comment_status":"","ping_status":"","sticky":false,"template":"","format":"standard","meta":{"footnotes":""},"categories":[1411],"tags":[834,828,836,829,837,827,83,826,824,823,1154,207,814,817,815,816,822,821,832,211,839,1011,27,820,818,819,835,831,830,833,838,60,212,208,825],"class_list":{"0":"post-601074","1":"post","2":"type-post","3":"status-publish","4":"format-standard","5":"has-post-thumbnail","7":"category-cyclisme","8":"tag-attaque","9":"tag-belgique","10":"tag-braquet","11":"tag-bretagne","12":"tag-chute","13":"tag-competition","14":"tag-coupe-de-france","15":"tag-coureur","16":"tag-course-cyclisme","17":"tag-course-cycliste","18":"tag-cycling","19":"tag-cyclisme","20":"tag-direct","21":"tag-direct-velo","22":"tag-directvelo","23":"tag-directvelo-com","24":"tag-epreuve","25":"tag-epreuve-cycliste","26":"tag-federation-francaise-de-cyclisme","27":"tag-ffc","28":"tag-flandres","29":"tag-fr","30":"tag-france","31":"tag-live","32":"tag-live-course","33":"tag-live-epreuve","34":"tag-peloton","35":"tag-radio-peloton","36":"tag-radio-tour","37":"tag-ravitaillement","38":"tag-relance","39":"tag-sports","40":"tag-uci","41":"tag-velo","42":"tag-velos"},"share_on_mastodon":{"url":"https:\/\/pubeurope.com\/@fr\/115724389250801483","error":""},"_links":{"self":[{"href":"https:\/\/www.europesays.com\/fr\/wp-json\/wp\/v2\/posts\/601074","targetHints":{"allow":["GET"]}}],"collection":[{"href":"https:\/\/www.europesays.com\/fr\/wp-json\/wp\/v2\/posts"}],"about":[{"href":"https:\/\/www.europesays.com\/fr\/wp-json\/wp\/v2\/types\/post"}],"author":[{"embeddable":true,"href":"https:\/\/www.europesays.com\/fr\/wp-json\/wp\/v2\/users\/2"}],"replies":[{"embeddable":true,"href":"https:\/\/www.europesays.com\/fr\/wp-json\/wp\/v2\/comments?post=601074"}],"version-history":[{"count":0,"href":"https:\/\/www.europesays.com\/fr\/wp-json\/wp\/v2\/posts\/601074\/revisions"}],"wp:featuredmedia":[{"embeddable":true,"href":"https:\/\/www.europesays.com\/fr\/wp-json\/wp\/v2\/media\/601075"}],"wp:attachment":[{"href":"https:\/\/www.europesays.com\/fr\/wp-json\/wp\/v2\/media?parent=601074"}],"wp:term":[{"taxonomy":"category","embeddable":true,"href":"https:\/\/www.europesays.com\/fr\/wp-json\/wp\/v2\/categories?post=601074"},{"taxonomy":"post_tag","embeddable":true,"href":"https:\/\/www.europesays.com\/fr\/wp-json\/wp\/v2\/tags?post=601074"}],"curies":[{"name":"wp","href":"https:\/\/api.w.org\/{rel}","templated":true}]}}