{"id":601085,"date":"2025-12-15T15:59:12","date_gmt":"2025-12-15T15:59:12","guid":{"rendered":"https:\/\/www.europesays.com\/fr\/601085\/"},"modified":"2025-12-15T15:59:12","modified_gmt":"2025-12-15T15:59:12","slug":"les-bandes-annonces-arrivent-mercredi","status":"publish","type":"post","link":"https:\/\/www.europesays.com\/fr\/601085\/","title":{"rendered":"les bandes-annonces arrivent mercredi !"},"content":{"rendered":"<p>Le compte \u00e0 rebours est lanc\u00e9. Dans moins d\u2019un an, <a href=\"https:\/\/www.journaldugeek.com\/2025\/06\/10\/captain-america-dans-avengers-doomsday-chris-evans-repond\/\" target=\"_blank\" rel=\"noopener\">Avengers\u00a0: Doomsday<\/a> envahira les salles obscures apr\u00e8s une longue phase de gestation et de nombreux revers cr\u00e9atifs. Le film annonc\u00e9 en 2024 au Comic Con de San Diego n\u2019a encore montr\u00e9 que peu de choses de son intrigue, se contentant d\u2019un live de trois heures avec des chaises pour seul divertissement. L\u2019\u00e9v\u00e9nement \u00e9tait surtout l\u2019occasion de d\u00e9voiler une partie du casting, du c\u00f4t\u00e9 des Avengers historiques, comme des nouveaux venus et des X-Men. Robert Downey Jr \u00e9tait le seul \u00e0 montrer son visage.<\/p>\n<p>Mais ce secret entourant le film des fr\u00e8res Russo s\u2019appr\u00eate \u00e0 \u00eatre lev\u00e9. Disney pourrait profiter du lancement d\u2019<a href=\"https:\/\/www.journaldugeek.com\/2025\/12\/09\/disneyland-paris-a-une-surprise-pour-les-fans-davatar-quand-et-comment-voir-le-spectacle-de-drones\/\" target=\"_blank\" rel=\"noopener\">Avatar\u00a0: de feu et de cendres<\/a> pour offrir un aper\u00e7u exclusif de la production Marvel Studios. Selon les informations The Hollywood Reporter, quatre bandes-annonces seront propos\u00e9es en exclusivit\u00e9 au cin\u00e9ma. Selon des sources proches du dossier, il s\u2019agira de profiter d\u2019une s\u00e9quence diff\u00e9rente chaque semaine en exclusivit\u00e9 au cin\u00e9ma. On peut imaginer que lesdites s\u00e9quences soient partag\u00e9es sur les r\u00e9seaux sociaux \u00e0 chaque fin de cycle d\u2019exploitation, toutes les semaines pendant un peu plus d\u2019un mois donc.<\/p>\n<p>Pour l\u2019heure, Marvel Studios n\u2019a pas comment\u00e9 les d\u00e9clarations du m\u00e9dia am\u00e9ricain. \u00c0 Paris comme ailleurs, la bande-annonce de Doomsday reste donc encore un myst\u00e8re. Aucune vid\u00e9o du genre n\u2019a \u00e9t\u00e9 pr\u00e9sent\u00e9e lors de l\u2019avant-premi\u00e8re du dernier film de James Cameron \u00e0 La Seine Musicale.<\/p>\n<p>Le public devrait \u00eatre fix\u00e9 d\u00e8s ce mercredi 17 d\u00e9cembre pour la sortie d\u2019<a href=\"https:\/\/www.journaldugeek.com\/2025\/12\/03\/avatar-3-que-disent-les-premiers-avis-du-gros-blockbuster-de-lannee-2025\/\" target=\"_blank\" rel=\"false noopener\">Avatar\u00a0: de feu et de cendres<\/a>. Rappelons que ce n\u2019est pas la premi\u00e8re fois que Disney mise sur ce format d\u2019exclusivit\u00e9 en salles. C\u2019\u00e9tait d\u00e9j\u00e0 le cas pour la bande-annonce d\u2019Avatar 3 justement, propos\u00e9e avant Mufasa\u00a0: Le Roi Lion. Le b\u00e9n\u00e9fice est double pour la firme aux grandes oreilles.\u00a0 Elle dispose d\u2019une plateforme premium pour faire monter la pression autour d\u2019Avengers 5\u2026 tout en offrant aux aficionados de la Maison des Id\u00e9es une occasion de retourner en salle \u00e0 quatre reprises. Gagnant, Gagnant.<\/p>\n<p> \u00c0 quoi faut-il s\u2019attendre\u00a0? <\/p>\n<p>Pour l\u2019heure, difficile de savoir ce que ces premi\u00e8res images r\u00e9servent. N\u00e9anmoins, de premi\u00e8res rumeurs viennent d\u2019envahir les r\u00e9seaux sociaux et les colonnes des m\u00e9dias am\u00e9ricains. Les bandes-annonces auraient \u00e9t\u00e9 envoy\u00e9es aux exploitants de salles et certains regards indiscrets se sont empress\u00e9s de partager les informations sur le sujet. La premi\u00e8re s\u00e9quence, propos\u00e9e cette semaine donc, verrait le retour d\u2019un historique du MCU. <strong>*** Attention spoilers ***\u00a0<\/strong><\/p>\n<p>La bande-annonce de cette semaine fait intervenir Steve Rogers, alias Captain America. On le voit, selon <a href=\"https:\/\/featurefirst.net\/avengers-doomsday-trailers-thor-doom-exclusive\/\" target=\"_blank\" rel=\"noopener\">Feature First.net<\/a>, sur sa moto et alors qu\u2019il se rend dans la maison qu\u2019il habite \u00e0 la fin d\u2019Avengers\u00a0: Endgame avec Peggy Carter. Ensuite, un carton vient officialiser la chose \u201cSteve Rogers sera dans Avengers\u00a0: Doomsday\u201d. L\u2019information n\u2019est pas des plus surprenantes, l\u2019acteur \u00e9tant largement cit\u00e9 parmi ceux qui auraient le plus probablement droit \u00e0 un retour. On ne sait en revanche pas par quel miracle cette intervention du premier Avengers est possible. C\u2019est sa version jeune, donc celle qui est retourn\u00e9e dans le pass\u00e9, qui est pr\u00e9sent\u00e9e. Le multivers a ses myst\u00e8res que Doomsday doit encore r\u00e9v\u00e9ler.<\/p>\n<p>Toujours selon Feature First, ensuite, ce sont Thor et Victor Von Doom qui seront \u00e0 l\u2019honneur. La pr\u00e9sence du premier n\u2019est pas une surprise puisqu\u2019il comptait parmi les noms cit\u00e9s lors du live d\u2019annonce du casting. Quant au second, ce sera sans doute une occasion pour les fans de le voir en costume pour la toute premi\u00e8re fois. Rappelons que s\u2019il est apparu dans <a href=\"https:\/\/www.journaldugeek.com\/2025\/07\/29\/les-4-fantastiques-combien-de-scenes-post-credits-pour-le-nouveau-marvel\/\" target=\"_blank\" rel=\"noopener\">Les 4 Fantastiques\u00a0: premier pas<\/a>, son visage n\u2019a pas \u00e9t\u00e9 montr\u00e9. Il avait fallu se contenter d\u2019une silhouette de dos et d\u2019un masque. La derni\u00e8re bande-annonce devrait \u00eatre li\u00e9e au film dans son int\u00e9gralit\u00e9.<\/p>\n<p>    <a href=\"https:\/\/www.youtube.com\/user\/JournalduGeek?sub_confirmation=1\" target=\"_blank\" rel=\"nofollow noopener\"><br \/>\n        S&rsquo;abonner \u00e0 Journal du Geek<br \/>\n    <\/a> <\/p>\n<p>Pour l\u2019heure, Disney n\u2019a pas r\u00e9pondu \u00e0 nos sollicitations, cet article pourra \u00eatre mis \u00e0 jour pour inclure leur r\u00e9ponse. Dans tous les cas, Avengers\u00a0: Doomsday est attendu au cin\u00e9ma le <strong>16 d\u00e9cembre 2026<\/strong>. Le film r\u00e9alis\u00e9 par Joe et Anthony Russo convoque Robert Downey Jr, Vanessa Kirby, Joseph Quinn, Ebon Moss-Bachrach, Hayley Atwell, Chris Hemsworth, Paul Rudd, Letitia Wright, Sebastian Stan. Anthony Mackie sera aussi du voyage, offrant aux spectateurs une double dose de Captain America.<\/p>\n<blockquote style=\"border:1px solid #971048;border-radius:8px;\">\n<p class=\"text-base text-neutral-700 dark:text-neutral-300\" style=\"color:grey;\">\ud83d\udfe3 Pour ne manquer aucune news sur le Journal du Geek, <a href=\"https:\/\/profile.google.com\/cp\/CgwvZy8xejJ2N182c2MaHmh0dHBzOi8vd3d3LmpvdXJuYWxkdWdlZWsuY29tLw==?pf=6\" target=\"_blank\" rel=\"noopener\">suivez-nous sur Google<\/a> et sur notre canal <a href=\"https:\/\/whatsapp.com\/channel\/0029VaClM5y4tRry12tb7D2h\" target=\"_blank\" rel=\"noopener\">WhatsApp<\/a>. Et si vous nous adorez, on a <a href=\"https:\/\/www.journaldugeek.com\/newsletter\/\" target=\"_blank\" rel=\"noopener\">une newsletter tous les matins<\/a>.<\/p>\n<\/blockquote>\n","protected":false},"excerpt":{"rendered":"Le compte \u00e0 rebours est lanc\u00e9. Dans moins d\u2019un an, Avengers\u00a0: Doomsday envahira les salles obscures apr\u00e8s une&hellip;\n","protected":false},"author":2,"featured_media":601086,"comment_status":"","ping_status":"","sticky":false,"template":"","format":"standard","meta":{"footnotes":""},"categories":[1354],"tags":[4553,650,520,58,59,1346,1011,27,2135,1360],"class_list":{"0":"post-601085","1":"post","2":"type-post","3":"status-publish","4":"format-standard","5":"has-post-thumbnail","7":"category-films","8":"tag-avengers-doomsday","9":"tag-cinema","10":"tag-disney","11":"tag-divertissement","12":"tag-entertainment","13":"tag-films","14":"tag-fr","15":"tag-france","16":"tag-marvel","17":"tag-movies"},"share_on_mastodon":{"url":"https:\/\/pubeurope.com\/@fr\/115724416781782144","error":""},"_links":{"self":[{"href":"https:\/\/www.europesays.com\/fr\/wp-json\/wp\/v2\/posts\/601085","targetHints":{"allow":["GET"]}}],"collection":[{"href":"https:\/\/www.europesays.com\/fr\/wp-json\/wp\/v2\/posts"}],"about":[{"href":"https:\/\/www.europesays.com\/fr\/wp-json\/wp\/v2\/types\/post"}],"author":[{"embeddable":true,"href":"https:\/\/www.europesays.com\/fr\/wp-json\/wp\/v2\/users\/2"}],"replies":[{"embeddable":true,"href":"https:\/\/www.europesays.com\/fr\/wp-json\/wp\/v2\/comments?post=601085"}],"version-history":[{"count":0,"href":"https:\/\/www.europesays.com\/fr\/wp-json\/wp\/v2\/posts\/601085\/revisions"}],"wp:featuredmedia":[{"embeddable":true,"href":"https:\/\/www.europesays.com\/fr\/wp-json\/wp\/v2\/media\/601086"}],"wp:attachment":[{"href":"https:\/\/www.europesays.com\/fr\/wp-json\/wp\/v2\/media?parent=601085"}],"wp:term":[{"taxonomy":"category","embeddable":true,"href":"https:\/\/www.europesays.com\/fr\/wp-json\/wp\/v2\/categories?post=601085"},{"taxonomy":"post_tag","embeddable":true,"href":"https:\/\/www.europesays.com\/fr\/wp-json\/wp\/v2\/tags?post=601085"}],"curies":[{"name":"wp","href":"https:\/\/api.w.org\/{rel}","templated":true}]}}