{"id":601096,"date":"2025-12-15T16:05:16","date_gmt":"2025-12-15T16:05:16","guid":{"rendered":"https:\/\/www.europesays.com\/fr\/601096\/"},"modified":"2025-12-15T16:05:16","modified_gmt":"2025-12-15T16:05:16","slug":"apres-sa-reunion-avec-les-negociateurs-americains-volodymyr-zelensky-rencontrera-lundi-des-responsables-europeens","status":"publish","type":"post","link":"https:\/\/www.europesays.com\/fr\/601096\/","title":{"rendered":"apr\u00e8s sa r\u00e9union avec les n\u00e9gociateurs am\u00e9ricains, Volodymyr Zelensky rencontrera lundi des responsables europ\u00e9ens"},"content":{"rendered":"<p>   La cheffe du renseignement britannique, le MI 6, alerte sur la menace russe               <img decoding=\"async\" class=\"post__live-container--img post__space-node\"  src=\"https:\/\/www.europesays.com\/fr\/wp-content\/uploads\/2025\/12\/1496b01_upload-1-tgt3qecqldlj-000-62ju3q8.jpg\" data- alt=\"La cheffe du renseignement britanique (MI 6), Blaise Metreweli, sur une photo non dat\u00e9e diffus\u00e9e le 13\u00a0juin 2025\u00a0par le service de presse du gouvernement britannique.\"\/>   La cheffe du renseignement britanique (MI 6), Blaise Metreweli, sur une photo non dat\u00e9e diffus\u00e9e le 13\u00a0juin 2025\u00a0par le service de presse du gouvernement britannique. SERVICE DE PRESSE DU GOUVERNEMENT BRITANNIQUE\/VIA AFP               <\/p>\n<p class=\"post__live-container--answer-text post__space-node\">Dans son premier discours public, lundi apr\u00e8s-midi, Blaise Metreweli, la nouvelle cheffe du MI 6 britannique, a pr\u00e9vu de souligner l\u2019importance de la \u00ab\u00a0ma\u00eetrise des technologies\u00a0\u00bb pour lutter contre les menaces \u00e9manant de la Russie et d\u2019autres acteurs hostiles qui ont ouvert une nouvelle \u00ab\u00a0\u00e8re d\u2019incertitude\u00a0\u00bb. \u00ab\u00a0La ligne de front est partout\u00a0\u00bb du fait de ces menaces hybrides, selon des extraits de son discours qui doit avoir lieu au quartier g\u00e9n\u00e9ral du service \u00e0 Vauxhall, \u00e0 Londres, <a href=\"https:\/\/www.gov.uk\/government\/news\/mi6-chief-says-the-front-line-is-everywhere-in-first-speech-as-the-uk-faces-new-age-of-uncertainty\" target=\"_blank\" rel=\"noopener\" title=\"Nouvelle fen\u00eatre\">mis en ligne par le gouvernement<\/a>.<\/p>\n<p class=\"post__live-container--answer-text post__space-node\">\u00ab\u00a0L\u2019exportation du chaos est une caract\u00e9ristique et non une exception de l\u2019approche russe en mati\u00e8re d\u2019engagement international, et nous devons nous pr\u00e9parer \u00e0 ce que cela continue jusqu\u2019\u00e0 ce que [le pr\u00e9sident russe Vladimir] Poutine soit contraint de revoir sa strat\u00e9gie\u00a0\u00bb, doit-elle affirmer.<\/p>\n<p class=\"post__live-container--answer-text post__space-node\">Cette ancienne directrice g\u00e9n\u00e9rale de la division Innovation et Technologie du MI 6 doit insister sur le fait que \u00ab\u00a0la ma\u00eetrise des technologies doit impr\u00e9gner tout\u00a0\u00bb le travail des services de renseignement. \u00ab\u00a0Pas seulement dans nos laboratoires, mais aussi sur le terrain, dans nos techniques op\u00e9rationnelles et, plus important encore, dans l\u2019\u00e9tat d\u2019esprit de chaque agent. Nous devons \u00eatre aussi \u00e0 l\u2019aise avec les lignes de code qu\u2019avec les sources humaines\u00a0\u00bb.<\/p>\n<p class=\"post__live-container--answer-text post__space-node\">Face \u00e0 une Russie \u00ab\u00a0agressive, expansionniste et r\u00e9visionniste\u00a0\u00bb, le soutien du Royaume-Uni \u00e0 l\u2019Ukraine sera \u00ab\u00a0ind\u00e9fectible\u00a0\u00bb, doit aussi insister la dirigeante de 48\u00a0ans, dont la famille est originaire d\u2019Europe de l\u2019Est.<\/p>\n<p class=\"post__live-container--answer-text post__space-node\">Comme d\u2019autres pays d\u2019Europe, le Royaume-Uni a connu une hausse de 50\u00a0% de \u00ab\u00a0cyberattaques d\u2019ampleur significative\u00a0\u00bb d\u2019ao\u00fbt\u00a02024 \u00e0 ao\u00fbt\u00a02025, selon un r\u00e9cent rapport du Centre national pour la cybers\u00e9curit\u00e9, qui pointait notamment les menaces venant de Russie, de Chine, d\u2019Iran ou de Cor\u00e9e du Nord.<\/p>\n<p class=\"post__live-container--answer-text post__space-node\">La menace russe figure \u00e9galement en bonne place du discours que doit prononcer plus tard lundi le chef d\u2019\u00e9tat-major des arm\u00e9es du Royaume-Uni, <a href=\"https:\/\/my.rusi.org\/events\/cds-lecture-2025-by-air-chief-marshal-sir-richard-knighton.html\" target=\"_blank\" rel=\"noopener\" title=\"Nouvelle fen\u00eatre\">Richard Knighton<\/a>, devant le cercle de r\u00e9flexion<strong>\u00a0<\/strong>Royal United Services Institute, sp\u00e9cialis\u00e9 dans la d\u00e9fense. Il doit appeler \u00e0 la \u00ab\u00a0r\u00e9silience nationale\u00a0\u00bb face aux \u00ab\u00a0menaces croissantes\u00a0\u00bb contre le Royaume-Uni et l\u2019OTAN. La semaine derni\u00e8re, le minist\u00e8re de la d\u00e9fense a annonc\u00e9 l\u2019unification du renseignement militaire derri\u00e8re une seule entit\u00e9 baptis\u00e9e\u00a0Military Intelligence Service pour faire face \u00e0 l\u2019augmentation des \u00ab\u00a0actions hostiles\u00a0\u00bb.<\/p>\n","protected":false},"excerpt":{"rendered":"La cheffe du renseignement britannique, le MI 6, alerte sur la menace russe La cheffe du renseignement britanique&hellip;\n","protected":false},"author":2,"featured_media":601097,"comment_status":"","ping_status":"","sticky":false,"template":"","format":"standard","meta":{"footnotes":""},"categories":[5],"tags":[11,1011,27,14,12,28],"class_list":{"0":"post-601096","1":"post","2":"type-post","3":"status-publish","4":"format-standard","5":"has-post-thumbnail","7":"category-international","8":"tag-actualites","9":"tag-fr","10":"tag-france","11":"tag-international","12":"tag-news","13":"tag-world"},"share_on_mastodon":{"url":"https:\/\/pubeurope.com\/@fr\/115724441427172659","error":""},"_links":{"self":[{"href":"https:\/\/www.europesays.com\/fr\/wp-json\/wp\/v2\/posts\/601096","targetHints":{"allow":["GET"]}}],"collection":[{"href":"https:\/\/www.europesays.com\/fr\/wp-json\/wp\/v2\/posts"}],"about":[{"href":"https:\/\/www.europesays.com\/fr\/wp-json\/wp\/v2\/types\/post"}],"author":[{"embeddable":true,"href":"https:\/\/www.europesays.com\/fr\/wp-json\/wp\/v2\/users\/2"}],"replies":[{"embeddable":true,"href":"https:\/\/www.europesays.com\/fr\/wp-json\/wp\/v2\/comments?post=601096"}],"version-history":[{"count":0,"href":"https:\/\/www.europesays.com\/fr\/wp-json\/wp\/v2\/posts\/601096\/revisions"}],"wp:featuredmedia":[{"embeddable":true,"href":"https:\/\/www.europesays.com\/fr\/wp-json\/wp\/v2\/media\/601097"}],"wp:attachment":[{"href":"https:\/\/www.europesays.com\/fr\/wp-json\/wp\/v2\/media?parent=601096"}],"wp:term":[{"taxonomy":"category","embeddable":true,"href":"https:\/\/www.europesays.com\/fr\/wp-json\/wp\/v2\/categories?post=601096"},{"taxonomy":"post_tag","embeddable":true,"href":"https:\/\/www.europesays.com\/fr\/wp-json\/wp\/v2\/tags?post=601096"}],"curies":[{"name":"wp","href":"https:\/\/api.w.org\/{rel}","templated":true}]}}