{"id":601122,"date":"2025-12-15T16:22:13","date_gmt":"2025-12-15T16:22:13","guid":{"rendered":"https:\/\/www.europesays.com\/fr\/601122\/"},"modified":"2025-12-15T16:22:13","modified_gmt":"2025-12-15T16:22:13","slug":"grenoble-une-cyberattaque-electorale-au-programme-de-la-4e-edition-de-la-nuit-de-la-crise","status":"publish","type":"post","link":"https:\/\/www.europesays.com\/fr\/601122\/","title":{"rendered":"Grenoble. Une cyberattaque \u00e9lectorale au programme de la 4e \u00e9dition de la Nuit de la crise"},"content":{"rendered":"<p>La 4e \u00e9dition de la Nuit de la crise organis\u00e9e \u00e0 Sciences Po Grenoble se d\u00e9roulera ce jeudi 18\u00a0d\u00e9cembre. L\u2019initiative, qui se pr\u00e9sente comme \u00ab\u00a0un laboratoire p\u00e9dagogique [\u2026] o\u00f9 l\u2019on apprend \u00e0 naviguer dans un monde instable fait d\u2019incertitude permanente\u00a0\u00bb, va, cette ann\u00e9e, proposer aux \u00e9tudiants de g\u00e9rer une cyberattaque \u00e9lectorale en pleine soir\u00e9e de second tour des \u00e9lections municipales. \u00ab\u00a0Sites pirat\u00e9s, rumeurs virales, doutes sur l\u2019int\u00e9grit\u00e9 du scrutin\u00a0: dans les cellules de crise reconstitu\u00e9es, les \u00e9quipes doivent arbitrer vite, communiquer juste et prot\u00e9ger la confiance publique\u00a0\u00bb, d\u00e9taille Sciences Po Grenoble.<\/p>\n<p>  Ma\u00eetriser la communication et les \u00e9motions<\/p>\n<p>Ce \u00ab\u00a0serious game\u00a0\u00bb invitera donc les \u00e9tudiants \u00e0 ma\u00eetriser la communication lors d\u2019une telle crise. \u00ab\u00a0Et leurs \u00e9motions\u00a0\u00bb, compl\u00e8te Camille Chaussinand, ma\u00eetre de conf\u00e9rences associ\u00e9 \u00e0 Sciences Po Grenoble et porteur de la chaire \u00ab\u00a0Gestion de crise\u00a0\u00bb. \u00ab\u00a0La charge \u00e9motionnelle peut effectivement avoir un impact important\u00a0\u00bb, d\u00e9taille l\u2019enseignant.<\/p>\n<p>\u00ab\u00a0En formant les \u00e9tudiants, qui sont les futurs cadres publics, \u00e9lus ou responsables d\u2019organisations, la chaire \u00ab\u00a0Gestion et communication de crise\u00a0\u00bb contribue \u00e0 diffuser une v\u00e9ritable culture du risque\u00a0\u00bb, r\u00e9sume Sciences Po Grenoble.<\/p>\n<p>Cette 4e \u00e9dition de la Nuit de la crise verra donc une quarantaine d\u2019\u00e9tudiants de Sciences Po Grenoble jouer les r\u00f4les des diff\u00e9rents repr\u00e9sentants des institutions mobilis\u00e9es dans ce type de crise\u00a0: justice, pr\u00e9fecture, municipalit\u00e9s\u2026 Ils seront deux fois plus nombreux, dans l\u2019amphith\u00e9\u00e2tre, \u00e0 assister \u00e0 cette situation et observer les comportements de et les choix des d\u00e9cideurs.<\/p>\n<p>Ouverte \u00e0 tous les \u00e9tudiants, cette Nuit de la crise qui se d\u00e9roulera dans les locaux de Sciences Po Grenoble, sur le domaine universitaire, d\u00e9butera \u00e0 15\u00a0h\u00a030 pour s\u2019achever vers 20\u00a0h\u00a030.<\/p>\n","protected":false},"excerpt":{"rendered":"La 4e \u00e9dition de la Nuit de la crise organis\u00e9e \u00e0 Sciences Po Grenoble se d\u00e9roulera ce jeudi&hellip;\n","protected":false},"author":2,"featured_media":601123,"comment_status":"","ping_status":"","sticky":false,"template":"","format":"standard","meta":{"footnotes":""},"categories":[9566],"tags":[1111,11,2430,112,1057,4854,1777,674,1011,27,2731,2732,108,12,25],"class_list":{"0":"post-601122","1":"post","2":"type-post","3":"status-publish","4":"format-standard","5":"has-post-thumbnail","7":"category-grenoble","8":"tag-actu","9":"tag-actualites","10":"tag-auvergne-rhone-alpes","11":"tag-edition-grenoble-agglomeration","12":"tag-education","13":"tag-enseignement-superieur","14":"tag-eu","15":"tag-europe","16":"tag-fr","17":"tag-france","18":"tag-grenoble","19":"tag-grenoble-bassin","20":"tag-isere","21":"tag-news","22":"tag-republique-francaise"},"share_on_mastodon":{"url":"https:\/\/pubeurope.com\/@fr\/115724507186327376","error":""},"_links":{"self":[{"href":"https:\/\/www.europesays.com\/fr\/wp-json\/wp\/v2\/posts\/601122","targetHints":{"allow":["GET"]}}],"collection":[{"href":"https:\/\/www.europesays.com\/fr\/wp-json\/wp\/v2\/posts"}],"about":[{"href":"https:\/\/www.europesays.com\/fr\/wp-json\/wp\/v2\/types\/post"}],"author":[{"embeddable":true,"href":"https:\/\/www.europesays.com\/fr\/wp-json\/wp\/v2\/users\/2"}],"replies":[{"embeddable":true,"href":"https:\/\/www.europesays.com\/fr\/wp-json\/wp\/v2\/comments?post=601122"}],"version-history":[{"count":0,"href":"https:\/\/www.europesays.com\/fr\/wp-json\/wp\/v2\/posts\/601122\/revisions"}],"wp:featuredmedia":[{"embeddable":true,"href":"https:\/\/www.europesays.com\/fr\/wp-json\/wp\/v2\/media\/601123"}],"wp:attachment":[{"href":"https:\/\/www.europesays.com\/fr\/wp-json\/wp\/v2\/media?parent=601122"}],"wp:term":[{"taxonomy":"category","embeddable":true,"href":"https:\/\/www.europesays.com\/fr\/wp-json\/wp\/v2\/categories?post=601122"},{"taxonomy":"post_tag","embeddable":true,"href":"https:\/\/www.europesays.com\/fr\/wp-json\/wp\/v2\/tags?post=601122"}],"curies":[{"name":"wp","href":"https:\/\/api.w.org\/{rel}","templated":true}]}}