{"id":601132,"date":"2025-12-15T16:27:10","date_gmt":"2025-12-15T16:27:10","guid":{"rendered":"https:\/\/www.europesays.com\/fr\/601132\/"},"modified":"2025-12-15T16:27:10","modified_gmt":"2025-12-15T16:27:10","slug":"municipales-2026-a-nice-eric-ciotti-propose-un-changement-radical-pour-le-carnaval-de-nice","status":"publish","type":"post","link":"https:\/\/www.europesays.com\/fr\/601132\/","title":{"rendered":"Municipales 2026 \u00e0 Nice. Eric Ciotti propose un changement radical pour le Carnaval de Nice"},"content":{"rendered":"<p>                    Par<br \/>\n        <strong><br \/>\n            <a href=\"https:\/\/actu.fr\/auteur\/ugo-maillard\" title=\"Consulter tous les articles de Ugo Maillard\" target=\"_blank\" rel=\"noopener\">Ugo Maillard<\/a><br \/>\n                    <\/strong><\/p>\n<p>        Publi\u00e9 le<\/p>\n<p>            15 d\u00e9c. 2025 \u00e0 16h56        <\/p>\n<p>Le programme du candidat se pr\u00e9cise. Ce lundi 15\u00a0d\u00e9cembre 2025, <a href=\"https:\/\/actu.fr\/tag\/eric-ciotti\" target=\"_blank\" rel=\"noopener\">\u00c9ric Ciotti<\/a> a d\u00e9voil\u00e9 devant la presse <strong>dix mesures<\/strong> qui figureront sur son programme pour les <strong>\u00e9lections municipales<\/strong> de 2026 \u00e0 Nice (<a href=\"https:\/\/actu.fr\/provence-alpes-cote-d-azur\/alpes-maritimes_06\" target=\"_blank\" rel=\"noopener\">Alpes-Maritimes<\/a>).<\/p>\n<p class=\" wall-content\">Le candidat UDR (Union des droites) tire ces propositions d\u2019une consultation citoyenne en ligne qui vise \u00e0 construire \u00ab\u2009un programme participatif\u2009\u00bb.<\/p>\n<p class=\" wall-content\">Parmi les id\u00e9es \u00e9nonc\u00e9es\u2009: une <strong>refonte<\/strong> du <a href=\"https:\/\/actu.fr\/tag\/carnaval-de-nice\" target=\"_blank\" rel=\"noopener\">Carnaval de Nice<\/a>.<\/p>\n<p>\u00c9ric Ciotti veut le retour des batailles des fleurs sur la Prom\u2019<\/p>\n<p class=\" wall-content\">Le temps des propositions concr\u00e8tes est venu. En ce mois de d\u00e9cembre, soit \u00e0 trois mois du premier tour des \u00e9lections municipales, les listes d\u00e9clar\u00e9es \u00e0 Nice se jettent dans la bataille des <strong>annonces programmatiques<\/strong>.<\/p>\n<p class=\" wall-content\">Ce lundi, celui qui est pressenti comme le principal opposant de Christian Estrosi pour la mairie de Nice a souhait\u00e9 \u00ab\u2009mettre l\u2019accent sur du concret, au plus pr\u00e8s des attentes des Ni\u00e7ois\u2009\u00bb. Parmi les \u00ab\u20095\u2009000 retours\u2009\u00bb obtenus <a href=\"https:\/\/www.ciotti2026.fr\/idees_nice\" target=\"_blank\" rel=\"noopener\">via un formulaire<\/a>, de nombreuses th\u00e9matiques ont \u00e9t\u00e9 balay\u00e9es par le candidat UDR alli\u00e9 au Rassemblement National, dont la vie \u00e9v\u00e9nementielle.<\/p>\n<p class=\" wall-content\">\u00ab\u2009Je veux le retour de la <a href=\"https:\/\/actu.fr\/provence-alpes-cote-d-azur\/nice_06088\/nice-et-si-les-miss-de-la-bataille-des-fleurs-du-carnaval-etaient-des-hommes_62290790.html\" target=\"_blank\" rel=\"noopener\">Bataille des fleurs<\/a> sur la promenade des Anglais\u2009\u00bb, a promis \u00c9ric Ciotti. Pour rappel, ces \u00e9v\u00e9nements organis\u00e9s quatre \u00e0 cinq fois en apr\u00e8s-midi durant le Carnaval de Nice se tiennent sur la place Mass\u00e9na. Le candidat \u00e0 la mairie de Nice souhaite \u00e9galement proposer \u00ab\u2009un corso gratuit et ouvert \u00e0 tous\u2009\u00bb.<\/p>\n<blockquote class=\"ac-article-quote wall-content\">\n<p>Je veux qu&rsquo;on rouvre le Carnaval sur la ville et une journ\u00e9e totalement gratuite pour les Ni\u00e7ois.<\/p>\n<p>    <strong>\u00c9ric Ciotti<\/strong>\n            <\/p><\/blockquote>\n<p>Votre r\u00e9gion, votre actu !<\/p>\n<p>Recevez chaque jour les infos qui comptent pour vous.<\/p>\n<p>\t<a href=\"https:\/\/actu.fr\/newsletter\" class=\"ac-btn ac-btn--corner ac-btn--medium ac-btn--blue800\" target=\"_blank\" rel=\"noopener\">S&rsquo;incrire<\/a><\/p>\n<p class=\" wall-content\">Pour rappel, la mairie de Nice dirig\u00e9e par Christian Estrosi a inaugur\u00e9, lors de l\u2019\u00e9dition 2025, la Carnavalina\u2009: <a href=\"https:\/\/actu.fr\/provence-alpes-cote-d-azur\/nice_06088\/carnaval-de-nice-2025-ces-festivites-sont-entierement-gratuites-une-grande-nouveaute_62235023.html\" target=\"_blank\" rel=\"noopener\">des festivit\u00e9s enti\u00e8rement gratuites<\/a> et sans aucune palissade noire, d\u00e9cri\u00e9es par les Ni\u00e7ois depuis que l\u2019\u00e9v\u00e9nement est payant. Des festivit\u00e9s gratuites, mais il ne s\u2019agit pas d\u2019un corso, comme le propose \u00c9ric Ciotti.<\/p>\n<p>Priorit\u00e9 \u00e0 la s\u00e9curit\u00e9, au handicap et aux seniors<\/p>\n<p class=\" wall-content\">Selon les r\u00e9sultats de cette grande consultation communiqu\u00e9s par les \u00e9quipes d\u2019\u00c9ric Ciotti, trois grandes pr\u00e9occupations se d\u00e9gagent\u2009: la <strong>s\u00e9curit\u00e9<\/strong> et la tranquillit\u00e9 publique, le <strong>handicap<\/strong> et les <strong>seniors<\/strong>.<\/p>\n<p class=\" wall-content\">Sur ces trois th\u00e9matiques, \u00c9ric Ciotti a formul\u00e9 plusieurs propositions qui int\u00e9greront son programme de campagne pour les \u00e9lections municipales\u2009:<\/p>\n<ul class=\" wall-content\">\n<li>D\u00e9finition de zones d\u2019intervention prioritaires, quartier par quartier<\/li>\n<li>Appui de l\u2019intelligence artificielle dans le traitement des images issues de vid\u00e9oprotection<\/li>\n<li>Extension du service Mobil\u2019Azur avec une augmentation de la flotte, un \u00e9largissement des plages horaires et une meilleure desserte des quartiers.<\/li>\n<li>Am\u00e9nagement de plages d\u00e9di\u00e9es aux seniors avec une s\u00e9curit\u00e9 renforc\u00e9e, installation de casiers et cr\u00e9ation d\u2019un espace biblioth\u00e8que<\/li>\n<\/ul>\n<p class=\" wall-content\">\u00c0 noter que hormis cette consultation citoyenne, \u00c9ric Ciotti souhaite prolonger cette participation de tous \u00e0 la vie municipale avec la mise en place de r\u00e9f\u00e9rendums citoyens. Concernant les modalit\u00e9s, le flou persiste.<\/p>\n<p class=\" wall-content\">Personnalisez votre actualit\u00e9 en ajoutant vos villes et m\u00e9dias en favori avec <a href=\"https:\/\/moncompte.actu.fr\" title=\"D\u00e9couvez Mon Actu\" rel=\"nofollow noopener\" data-trk=\"{&quot;cta&quot;:{&quot;action&quot;:&quot;https:\\\/\\\/moncompte.actu.fr&quot;,&quot;category&quot;:&quot;mon compte&quot;,&quot;from&quot;:&quot;article footer&quot;,&quot;name&quot;:&quot;Mon actu&quot;,&quot;type&quot;:&quot;cta&quot;}}\" target=\"_blank\">Mon Actu<\/a>.<\/p>\n","protected":false},"excerpt":{"rendered":"Par Ugo Maillard Publi\u00e9 le 15 d\u00e9c. 2025 \u00e0 16h56 Le programme du candidat se pr\u00e9cise. Ce lundi&hellip;\n","protected":false},"author":2,"featured_media":601133,"comment_status":"","ping_status":"","sticky":false,"template":"","format":"standard","meta":{"footnotes":""},"categories":[2819],"tags":[1111,11,4188,6537,1777,674,1011,27,3434,12,2401,316,882,25],"class_list":{"0":"post-601132","1":"post","2":"type-post","3":"status-publish","4":"format-standard","5":"has-post-thumbnail","7":"category-nice","8":"tag-actu","9":"tag-actualites","10":"tag-elections-municipales","11":"tag-eric-ciotti","12":"tag-eu","13":"tag-europe","14":"tag-fr","15":"tag-france","16":"tag-municipales-2026","17":"tag-news","18":"tag-nice","19":"tag-politique","20":"tag-provence-alpes-cote-dazur","21":"tag-republique-francaise"},"share_on_mastodon":{"url":"https:\/\/pubeurope.com\/@fr\/115724527017884553","error":""},"_links":{"self":[{"href":"https:\/\/www.europesays.com\/fr\/wp-json\/wp\/v2\/posts\/601132","targetHints":{"allow":["GET"]}}],"collection":[{"href":"https:\/\/www.europesays.com\/fr\/wp-json\/wp\/v2\/posts"}],"about":[{"href":"https:\/\/www.europesays.com\/fr\/wp-json\/wp\/v2\/types\/post"}],"author":[{"embeddable":true,"href":"https:\/\/www.europesays.com\/fr\/wp-json\/wp\/v2\/users\/2"}],"replies":[{"embeddable":true,"href":"https:\/\/www.europesays.com\/fr\/wp-json\/wp\/v2\/comments?post=601132"}],"version-history":[{"count":0,"href":"https:\/\/www.europesays.com\/fr\/wp-json\/wp\/v2\/posts\/601132\/revisions"}],"wp:featuredmedia":[{"embeddable":true,"href":"https:\/\/www.europesays.com\/fr\/wp-json\/wp\/v2\/media\/601133"}],"wp:attachment":[{"href":"https:\/\/www.europesays.com\/fr\/wp-json\/wp\/v2\/media?parent=601132"}],"wp:term":[{"taxonomy":"category","embeddable":true,"href":"https:\/\/www.europesays.com\/fr\/wp-json\/wp\/v2\/categories?post=601132"},{"taxonomy":"post_tag","embeddable":true,"href":"https:\/\/www.europesays.com\/fr\/wp-json\/wp\/v2\/tags?post=601132"}],"curies":[{"name":"wp","href":"https:\/\/api.w.org\/{rel}","templated":true}]}}