{"id":601134,"date":"2025-12-15T16:28:11","date_gmt":"2025-12-15T16:28:11","guid":{"rendered":"https:\/\/www.europesays.com\/fr\/601134\/"},"modified":"2025-12-15T16:28:11","modified_gmt":"2025-12-15T16:28:11","slug":"un-blocage-prevu-a-nice-voici-a-quoi-sattendre","status":"publish","type":"post","link":"https:\/\/www.europesays.com\/fr\/601134\/","title":{"rendered":"un blocage pr\u00e9vu \u00e0 Nice, voici \u00e0 quoi s&rsquo;attendre"},"content":{"rendered":"<p>                    Par<br \/>\n        <strong><br \/>\n            <a href=\"https:\/\/actu.fr\/auteur\/arthur-frand\" title=\"Consulter tous les articles de Arthur Frand\" target=\"_blank\" rel=\"noopener\">Arthur Frand<\/a><br \/>\n                    <\/strong><\/p>\n<p>        Publi\u00e9 le<\/p>\n<p>            15 d\u00e9c. 2025 \u00e0 15h57        <\/p>\n<p>Les blocages d\u2019agriculteurs se poursuivent en France. Depuis quelques jours, ils contestent fermement la <strong>politique sanitaire du gouvernement<\/strong> face \u00e0 l<a href=\"https:\/\/actu.fr\/societe\/carte-dermatose-nodulaire-des-bovins-quels-sont-les-departements-les-plus-touches-par-la-maladie_63577009.html\" target=\"_blank\" rel=\"noopener\">\u2019\u00e9pid\u00e9mie de dermatose nodulaire<\/a> contagieuse qui a provoqu\u00e9 l\u2019abattage de troupeaux de vaches.<\/p>\n<p class=\" wall-content\">Aucun cas n\u2019a pour le moment \u00e9t\u00e9 constat\u00e9 dans les <a href=\"https:\/\/actu.fr\/provence-alpes-cote-d-azur\/alpes-maritimes_06\" target=\"_blank\" rel=\"noopener\">Alpes-Maritimes<\/a>, ce qui n\u2019emp\u00eache pas certains \u00e9leveurs de se mobiliser. La Conf\u00e9d\u00e9ration paysanne appelle \u00e0 la mobilisation \u00e0 <a href=\"https:\/\/actu.fr\/nice\/\" target=\"_blank\" rel=\"noopener\">Nice<\/a>, ce mardi 16\u00a0d\u00e9cembre. Cette derni\u00e8re va interpeller le pr\u00e9fet du d\u00e9partement. Voici ce qui est pr\u00e9vu.<\/p>\n<p>Une mobilisation au centre administratif<\/p>\n<p class=\" wall-content\">Ce mardi 16\u00a0d\u00e9cembre, plusieurs <strong>dizaines d\u2019agriculteurs<\/strong> avec leurs engins convergeront vers le centre administratif des Alpes-Maritimes (CADAM), si\u00e8ge de la pr\u00e9fecture, au 147 boulevard du Mercantour. Le rendez-vous est fix\u00e9 tr\u00e8s t\u00f4t \u00e0 6h30 par la Conf\u00e9d\u00e9ration paysanne.<\/p>\n<p>    <a href=\"https:\/\/www.google.com\/maps\/embed?pb=!1m18!1m12!1m3!1d2885.669033581033!2d7.197209077084925!3d43.675852671101026!2m3!1f0!2f0!3f0!3m2!1i1024!2i768!4f13.1!3m3!1m2!1s0x12cdd10ce4a72f4d%3A0x4083b9d0456a5408!2sCADAM%20%2F%20Conseil%20D%C3%A9partemental!5e0!3m2!1sfr!2sfr!4v1765809036229!5m2!1sfr!2sfr\" title=\"Ouvrie le lien\" target=\"_blank\" rel=\"noopener\">Cliquez ici pour visualiser le contenu<\/a><\/p>\n<p class=\" wall-content\">La mobilisation sera fixe sauf changement de derni\u00e8re minute. Mais il est probable que des perturbations soient constat\u00e9es aux alentours, \u00e0 Nice-Ouest, surtout en heure de pointe.<\/p>\n<p>Plusieurs heures de blocage\u2009?<\/p>\n<p class=\" wall-content\">La Conf\u00e9d\u00e9ration paysanne annonce son intention de <strong>bloquer la pr\u00e9fecture<\/strong> durant plusieurs heures s\u2019il le faut. Jusqu\u2019\u00e0 obtenir une discussion avec le pr\u00e9fet des Alpes-Maritimes. \u00ab\u2009L\u2019objectif est de perturber l\u2019arriv\u00e9e du personnel, symboliquement. On est d\u00e9termin\u00e9s \u00e0 avoir des r\u00e9ponses claires, dans notre sens, de la ministre (Annie Genevard) ou du pr\u00e9fet (Laurent Hottiaux)\u2009\u00bb, souligne Baptiste Roy, mara\u00eecher et porte-parole local.<\/p>\n<p class=\" wall-content\">\u00ab\u2009Nous contestons cette strat\u00e9gie qui consiste \u00e0 abattre un troupeau entier d\u00e8s qu\u2019un cas est d\u00e9tect\u00e9, sachant que c\u2019est une maladie b\u00e9nigne, faiblement contagieuse et non transmissible \u00e0 l\u2019homme. On exige un autre protocole sanitaire comme la vaccination. Pas l\u2019abattage syst\u00e9matique car c\u2019est un drame pour un agriculteur\u2009\u00bb, estime Baptiste Roy.<\/p>\n<p>Votre r\u00e9gion, votre actu !<\/p>\n<p>Recevez chaque jour les infos qui comptent pour vous.<\/p>\n<p>\t<a href=\"https:\/\/actu.fr\/newsletter\" class=\"ac-btn ac-btn--corner ac-btn--medium ac-btn--blue800\" target=\"_blank\" rel=\"noopener\">S&rsquo;incrire<\/a><\/p>\n<p>    <a href=\"https:\/\/www.facebook.com\/plugins\/post.php?href=https%3A%2F%2Fwww.facebook.com%2FConf06%2Fposts%2Fpfbid0xdCmRy5v5dv1mbiat6sTrzUaUHeS3NiNNfJCTnEtWjhCatmq6ckETkqE8LdNM9cEl&amp;amp;show_text=true&amp;amp;width=350\" title=\"Ouvrie le lien\" target=\"_blank\" rel=\"noopener\">Cliquez ici pour visualiser le contenu<\/a><\/p>\n<p>Une seule manifestation pr\u00e9vue<\/p>\n<p class=\" wall-content\">Une <strong>centaine d\u2019agriculteurs<\/strong> est esp\u00e9r\u00e9e par la Conf\u00e9d\u00e9ration paysanne ce mardi. Aucun autre barrage de routier n\u2019est pr\u00e9vu \u00e0 Nice pour le moment.<\/p>\n<p class=\" wall-content\">De son c\u00f4t\u00e9, la F\u00e9d\u00e9ration D\u00e9partementale Syndicat Exploitants Agricole (FDSEA), majoritaire \u00e0 la chambre de l\u2019agriculture, n\u2019a rien annonc\u00e9 et s\u2019attend plut\u00f4t \u00e0 une \u00ab\u2009faible mobilisation\u2009\u00bb \u00e0 Nice, ce mardi.<\/p>\n<p class=\" wall-content\">Personnalisez votre actualit\u00e9 en ajoutant vos villes et m\u00e9dias en favori avec <a href=\"https:\/\/moncompte.actu.fr\" title=\"D\u00e9couvez Mon Actu\" rel=\"nofollow noopener\" data-trk=\"{&quot;cta&quot;:{&quot;action&quot;:&quot;https:\\\/\\\/moncompte.actu.fr&quot;,&quot;category&quot;:&quot;mon compte&quot;,&quot;from&quot;:&quot;article footer&quot;,&quot;name&quot;:&quot;Mon actu&quot;,&quot;type&quot;:&quot;cta&quot;}}\" target=\"_blank\">Mon Actu<\/a>.<\/p>\n","protected":false},"excerpt":{"rendered":"Par Arthur Frand Publi\u00e9 le 15 d\u00e9c. 2025 \u00e0 15h57 Les blocages d\u2019agriculteurs se poursuivent en France. Depuis&hellip;\n","protected":false},"author":2,"featured_media":601135,"comment_status":"","ping_status":"","sticky":false,"template":"","format":"standard","meta":{"footnotes":""},"categories":[2819],"tags":[1111,11,327,34638,1777,674,1011,27,1272,12,2401,882,25,104],"class_list":{"0":"post-601134","1":"post","2":"type-post","3":"status-publish","4":"format-standard","5":"has-post-thumbnail","7":"category-nice","8":"tag-actu","9":"tag-actualites","10":"tag-agriculture","11":"tag-confederation-paysanne","12":"tag-eu","13":"tag-europe","14":"tag-fr","15":"tag-france","16":"tag-manifestations","17":"tag-news","18":"tag-nice","19":"tag-provence-alpes-cote-dazur","20":"tag-republique-francaise","21":"tag-societe"},"share_on_mastodon":{"url":"https:\/\/pubeurope.com\/@fr\/115724530794288761","error":""},"_links":{"self":[{"href":"https:\/\/www.europesays.com\/fr\/wp-json\/wp\/v2\/posts\/601134","targetHints":{"allow":["GET"]}}],"collection":[{"href":"https:\/\/www.europesays.com\/fr\/wp-json\/wp\/v2\/posts"}],"about":[{"href":"https:\/\/www.europesays.com\/fr\/wp-json\/wp\/v2\/types\/post"}],"author":[{"embeddable":true,"href":"https:\/\/www.europesays.com\/fr\/wp-json\/wp\/v2\/users\/2"}],"replies":[{"embeddable":true,"href":"https:\/\/www.europesays.com\/fr\/wp-json\/wp\/v2\/comments?post=601134"}],"version-history":[{"count":0,"href":"https:\/\/www.europesays.com\/fr\/wp-json\/wp\/v2\/posts\/601134\/revisions"}],"wp:featuredmedia":[{"embeddable":true,"href":"https:\/\/www.europesays.com\/fr\/wp-json\/wp\/v2\/media\/601135"}],"wp:attachment":[{"href":"https:\/\/www.europesays.com\/fr\/wp-json\/wp\/v2\/media?parent=601134"}],"wp:term":[{"taxonomy":"category","embeddable":true,"href":"https:\/\/www.europesays.com\/fr\/wp-json\/wp\/v2\/categories?post=601134"},{"taxonomy":"post_tag","embeddable":true,"href":"https:\/\/www.europesays.com\/fr\/wp-json\/wp\/v2\/tags?post=601134"}],"curies":[{"name":"wp","href":"https:\/\/api.w.org\/{rel}","templated":true}]}}