{"id":601144,"date":"2025-12-15T16:34:13","date_gmt":"2025-12-15T16:34:13","guid":{"rendered":"https:\/\/www.europesays.com\/fr\/601144\/"},"modified":"2025-12-15T16:34:13","modified_gmt":"2025-12-15T16:34:13","slug":"francois-grandjacques-tais-toi-donc-lia-nest-pas-intelligente","status":"publish","type":"post","link":"https:\/\/www.europesays.com\/fr\/601144\/","title":{"rendered":"Fran\u00e7ois Grandjacques, Tais-toi donc : \u00ab\u00a0L&rsquo;IA n&rsquo;est pas intelligente\u00a0\u00bb"},"content":{"rendered":"<p><strong>Pour une association qui lutte contre l\u2019isolement des personnes \u00e2g\u00e9es \u00e0 l\u2019h\u00f4pital, vous venez de r\u00e9aliser \u00ab\u00a0La Chaise\u00a0\u00bb, un film enti\u00e8rement cr\u00e9\u00e9 avec l\u2019IA. Comment ce projet est-il n\u00e9\u00a0?<\/strong><br class=\"autobr\"\/><br \/>\nJean-Pierre Renard, pr\u00e9sident de VMEH\u00a0[<a href=\"#nb1\" class=\"spip_note\" rel=\"appendix\" title=\"Visite des malades dans les \u00e9tablissements hospitaliers, association loi\u00a0(\u2026)\" id=\"nh1\">1<\/a>], m\u2019a contact\u00e9. Il souhaitait depuis longtemps faire un court-m\u00e9trage pour faire conna\u00eetre l\u2019association et raconter son histoire&#8230; Histoire qui remonte \u00e0 1634, une \u00e9poque o\u00f9 l\u2019image n\u2019existait pas. De fait, toutes les bo\u00eetes de production lui disaient non\u00a0: la reconstitution historique, c\u2019est tr\u00e8s cher\u00a0! Puis, l\u2019IA est apparue et tout est devenu possible. Il a cherch\u00e9 des studios sp\u00e9cialis\u00e9s et il m\u2019a trouv\u00e9.<\/p>\n<p><strong>Pourquoi ce film n\u2019aurait jamais vu le jour sans l\u2019IA\u00a0?<\/strong><br class=\"autobr\"\/><br \/>\nParce qu\u2019il aurait co\u00fbt\u00e9 un million d\u2019euros, totalement hors de port\u00e9e pour l\u2019association. L\u2019IA a permis de diviser ce co\u00fbt par 25, soit 40.000 euros. Ils repr\u00e9sentent 21 jours de travail \u00e9tal\u00e9s sur quatre mois, plus le budget pour payer les diff\u00e9rents outils qui co\u00fbtent plusieurs centaines d\u2019euros mensuels, et la r\u00e9mun\u00e9ration d\u2019un vrai com\u00e9dien pour la voix off, car l\u2019IA est tr\u00e8s nulle de ce c\u00f4t\u00e9-l\u00e0.<\/p>\n<p><strong>Le reste est presque 100\u00a0% IA, \u00e0 part l\u2019intervention du vrai Monsieur Renard. Il n\u2019est mentionn\u00e9 nulle part que les images ne sont pas r\u00e9elles. N\u2019existe-t-il pas un risque de tromper le spectateur\u00a0?<\/strong><br class=\"autobr\"\/><br \/>\nNon. Je ne cache pas qu\u2019il s\u2019agit d\u2019IA et j\u2019ai volontairement laiss\u00e9 certaines hallucinations. Par ailleurs, le but n\u2019est pas documentaire, il est de recruter des b\u00e9n\u00e9voles pour accompagner les gens \u00e0 l\u2019h\u00f4pital. Ce n\u2019est pas un travail historique.<br class=\"autobr\"\/><br \/>\nLe probl\u00e8me, c\u2019est de penser, \u00e0 la base, que l\u2019image est quelque chose de r\u00e9el. Quand un peintre fait une peinture hyperr\u00e9aliste, il ne pr\u00e9vient pas que c\u2019est une peinture. Jusqu\u2019\u00e0 l\u2019apparition de la photo en 1830, personne ne se disait qu\u2019une image \u00e9tait un outil de preuve et je pense que c\u2019est une tr\u00e8s bonne nouvelle que l\u2019IA recr\u00e9e ce doute vis-\u00e0-vis de l\u2019image. Car, m\u00eame une image \u00ab\u00a0r\u00e9elle\u00a0\u00bb n\u2019est jamais une v\u00e9rit\u00e9. Il n\u2019existe qu\u2019un seul genre audiovisuel\u00a0: c\u2019est la fiction.<\/p>\n<p> <a href=\"https:\/\/www.touleco.fr\/IMG\/jpg\/e\/d\/7\/pxl_20251201_093739646_portrait.jpg\" class=\"spip_doc_lien mediabox\" type=\"image\/jpeg\" target=\"_blank\" rel=\"noopener\"><br \/>\n\t\t<img loading=\"lazy\" decoding=\"async\" src=\"https:\/\/www.europesays.com\/fr\/wp-content\/uploads\/2025\/12\/a3551836010a74caba062e32c8dd9f.webp\" width=\"650\" height=\"492\" alt=\"\"\/><\/a><\/p>\n<p><strong>M\u00eame dans le documentaire\u00a0?<\/strong><br class=\"autobr\"\/><br \/>\nOui, car, m\u00eame l\u00e0, on n\u2019est pas neutre. On veut toujours montrer quelque chose finalement. Dans mon projet \u00ab\u00a0Toulouse 24\u00a0\u00bb, prochainement diffus\u00e9, j\u2019ai justement essay\u00e9 de revenir aux fondamentaux. Produire quelque chose le plus simple, le plus objectif possible\u00a0: 24 \u00e9pisodes de deux minutes, avec \u00e0 chaque fois une quinzaine de plans de Toulouse \u00e0 des endroits diff\u00e9rents, mais \u00e0 la m\u00eame heure. Pas de commentaires, d\u2019acteurs, rien. On montre la ville, telle quelle. Et pourtant, c\u2019est quand m\u00eame biais\u00e9. Par le choix des plans, la date \u00e0 laquelle c\u2019est film\u00e9 et les \u00e9v\u00e9nements associ\u00e9s, la m\u00e9t\u00e9o&#8230;<\/p>\n<p><strong>C\u2019est nostalgique comme d\u00e9marche, non\u00a0?<\/strong><br class=\"autobr\"\/><br \/>\nPeut-\u00eatre. Historique, plut\u00f4t. En 2006, je faisais un film par semaine. Le concept cartonnait, j\u2019en ai fait 78 sur YouTube. Et il y avait un \u00e9pisode o\u00f9 je filmais juste la ville de Saint-Mand\u00e9, en r\u00e9gion parisienne, sans rien. En soi, \u00e7a n\u2019a sans doute aucun int\u00e9r\u00eat. Mais dans dix ans\u00a0? Cent ans\u00a0? Peut-\u00eatre que \u00e7a aura une valeur \u00e9norme&#8230; Ou pas. (sourires)<\/p>\n<p><strong>Existe-t-il d\u00e9sormais une vraie demande pour les productions IA\u00a0?<\/strong><br class=\"autobr\"\/><br \/>\nBien s\u00fbr. Ce qui marche tr\u00e8s bien en ce moment, ce sont les animations avec les objets, g\u00e9n\u00e9ralement pour des artisans ou commer\u00e7ants qui n\u2019avaient pas du tout les moyens de communiquer avant. Par exemple, une cr\u00e9atrice de robes de mari\u00e9e ou un p\u00e2tissier. Ce sont des vid\u00e9os simples et rapides \u00e0 faire.<\/p>\n<p><strong>L\u2019IA g\u00e9n\u00e9rative est tr\u00e8s critiqu\u00e9e dans le milieu cr\u00e9atif, notamment parce qu\u2019on lui reproche de \u00ab\u00a0pomper\u00a0\u00bb le style des artistes. Comment vous positionnez-vous\u00a0?<\/strong><br class=\"autobr\"\/><br \/>\nC\u2019est un sujet extr\u00eamement clivant. L\u2019un de mes amis proches a m\u00eame refus\u00e9 de voir \u00ab\u00a0La Chaise\u00a0\u00bb. Je pense que pour lui, l\u2019IA est un voleur, elle vole le style mais surtout le salaire des artistes, graphistes, com\u00e9diens. Et que ce film symbolise tout cela.<\/p>\n<p><strong>Vous comprenez cette col\u00e8re\u00a0?<\/strong><br class=\"autobr\"\/><br \/>\nBien s\u00fbr. Mais \u00ab\u00a0intelligence artificielle\u00a0\u00bb, c\u2019est un tr\u00e8s mauvais nom. L\u2019IA n\u2019est pas intelligente, elle ne cr\u00e9e rien, m\u00eame pas les probl\u00e8mes qu\u2019on lui impute. Certes, elle peut les accentuer. Mais le cin\u00e9ma n\u2019a pas tu\u00e9 le th\u00e9\u00e2tre, les effets sp\u00e9ciaux n\u2019ont pas tu\u00e9 les com\u00e9diens. L\u2019IA est un outil in\u00e9dit mais reste un outil. L\u2019infinie d\u00e9licatesse d\u2019un regard entre deux personnes&#8230; Elle n\u2019y arrivera pas.<\/p>\n<p><strong>C\u2019est certes un outil. Toujours est-il qu\u2019il va d\u00e9truire des emplois, non\u00a0?<\/strong><br class=\"autobr\"\/><br \/>\nSans doute, mais il en cr\u00e9era aussi. Depuis que l\u2019IA fonctionne tr\u00e8s bien dans la m\u00e9decine, il y a eu des embauches g\u00e9n\u00e9r\u00e9es. Quand l\u2019imprimerie est apparue, le travail des moines copistes a disparu mais d\u2019autres m\u00e9tiers sont apparus. C\u2019est dommage, je ne le nie pas, mais je crois que c\u2019est in\u00e9luctable, \u00e7a s\u2019appelle la vie. Tout change, tout le temps.<\/p>\n<p><strong>Vous plaidez pour la r\u00e9conciliation&#8230;<\/strong><br class=\"autobr\"\/><br \/>\nOui. J\u2019ai envie de transmettre mon exp\u00e9rience, dans un but d\u2019apaisement. L\u2019IA, il faut juste en parler sereinement, m\u00eame si c\u2019est vraiment important de r\u00e9fl\u00e9chir \u00e0 ce qu\u2019on fait en ce moment. L\u2019intelligence artificielle peut \u00eatre source de mal-\u00eatre, surtout dans mon secteur d\u2019activit\u00e9. Je vois autour de moi des r\u00e9actions tr\u00e8s agressives, souvent d\u00e9mesur\u00e9es. Je m\u2019attends m\u00eame \u00e0 \u00eatre agress\u00e9 pour mes prises de position sur le sujet. Pourtant, si l\u2019IA est incontestablement \u00ab\u00a0productive\u00a0\u00bb c\u2019est surtout la part d\u2019imaginaire accessible qu\u2019elle apporte que je trouve formidable. Elle ouvre un tout nouveau pan, gigantesque, dans le monde de la communication et de la cr\u00e9ativit\u00e9 en g\u00e9n\u00e9ral. <br class=\"autobr\"\/><br \/>\nPropos recueillis par Marie-Dominique Lacour<\/p>\n<p>Sur la photo\u00a0: Fran\u00e7ois Grandjacques au studio Astorg, au c\u0153ur de Toulouse. Cr\u00e9dit M-D.L-Toul\u00c9co.<\/p>\n<p>Notes<\/p>\n<p>[<a href=\"#nh1\" class=\"spip_note\" title=\"Notes 1\" rev=\"appendix\">1<\/a>]\u00a0Visite des malades dans les \u00e9tablissements hospitaliers, association loi 1901 situ\u00e9e \u00e0 Nantes<\/p>\n","protected":false},"excerpt":{"rendered":"Pour une association qui lutte contre l\u2019isolement des personnes \u00e2g\u00e9es \u00e0 l\u2019h\u00f4pital, vous venez de r\u00e9aliser \u00ab\u00a0La Chaise\u00a0\u00bb,&hellip;\n","protected":false},"author":2,"featured_media":601145,"comment_status":"","ping_status":"","sticky":false,"template":"","format":"standard","meta":{"footnotes":""},"categories":[2816],"tags":[1111,11,9646,1777,674,1011,27,223,12,2680,7868,25,2312],"class_list":{"0":"post-601144","1":"post","2":"type-post","3":"status-publish","4":"format-standard","5":"has-post-thumbnail","7":"category-toulouse","8":"tag-actu","9":"tag-actualites","10":"tag-audiovisuel","11":"tag-eu","12":"tag-europe","13":"tag-fr","14":"tag-france","15":"tag-intelligence-artificielle","16":"tag-news","17":"tag-occitanie","18":"tag-propriete-intellectuelle","19":"tag-republique-francaise","20":"tag-toulouse"},"share_on_mastodon":{"url":"https:\/\/pubeurope.com\/@fr\/115724555343228826","error":""},"_links":{"self":[{"href":"https:\/\/www.europesays.com\/fr\/wp-json\/wp\/v2\/posts\/601144","targetHints":{"allow":["GET"]}}],"collection":[{"href":"https:\/\/www.europesays.com\/fr\/wp-json\/wp\/v2\/posts"}],"about":[{"href":"https:\/\/www.europesays.com\/fr\/wp-json\/wp\/v2\/types\/post"}],"author":[{"embeddable":true,"href":"https:\/\/www.europesays.com\/fr\/wp-json\/wp\/v2\/users\/2"}],"replies":[{"embeddable":true,"href":"https:\/\/www.europesays.com\/fr\/wp-json\/wp\/v2\/comments?post=601144"}],"version-history":[{"count":0,"href":"https:\/\/www.europesays.com\/fr\/wp-json\/wp\/v2\/posts\/601144\/revisions"}],"wp:featuredmedia":[{"embeddable":true,"href":"https:\/\/www.europesays.com\/fr\/wp-json\/wp\/v2\/media\/601145"}],"wp:attachment":[{"href":"https:\/\/www.europesays.com\/fr\/wp-json\/wp\/v2\/media?parent=601144"}],"wp:term":[{"taxonomy":"category","embeddable":true,"href":"https:\/\/www.europesays.com\/fr\/wp-json\/wp\/v2\/categories?post=601144"},{"taxonomy":"post_tag","embeddable":true,"href":"https:\/\/www.europesays.com\/fr\/wp-json\/wp\/v2\/tags?post=601144"}],"curies":[{"name":"wp","href":"https:\/\/api.w.org\/{rel}","templated":true}]}}