{"id":601178,"date":"2025-12-15T16:52:14","date_gmt":"2025-12-15T16:52:14","guid":{"rendered":"https:\/\/www.europesays.com\/fr\/601178\/"},"modified":"2025-12-15T16:52:14","modified_gmt":"2025-12-15T16:52:14","slug":"allemagne-faut-il-interdire-les-reseaux-sociaux-aux-jeunes-la-reponse-est-claire","status":"publish","type":"post","link":"https:\/\/www.europesays.com\/fr\/601178\/","title":{"rendered":"Allemagne : Faut-il interdire les r\u00e9seaux sociaux aux jeunes ? La r\u00e9ponse est claire !"},"content":{"rendered":"<p class=\"is-first-paragraph\">Une large majorit\u00e9 de la population allemande se prononce en faveur d\u2019un interdit des r\u00e9seaux sociaux pour les enfants et adolescents de moins de 16 ans. Lors d\u2019une enqu\u00eate repr\u00e9sentative men\u00e9e par l\u2019institut Insa pour le compte du \u00ab Bild am Sonntag \u00bb, 60 % des participants ont d\u00e9clar\u00e9 \u00eatre favorables \u00e0 cette mesure, tandis que 24 % s\u2019y sont oppos\u00e9s. Dix pour cent se sont montr\u00e9s indiff\u00e9rents, et 6 % n\u2019ont pas su exprimer leur opinion.<\/p>\n<p>Australie a \u00e9t\u00e9 le premier pays au monde \u00e0 instaurer, mercredi dernier, un interdit des r\u00e9seaux sociaux pour les jeunes de moins de 16 ans. Cette r\u00e9glementation impose aux plateformes en ligne comme TikTok, Instagram et Snapchat de prendre des mesures strictes, sous peine d\u2019amendes pouvant atteindre 27 millions d\u2019euros si elles ne respectent pas les nouvelles normes.<\/p>\n<p>Pour l\u2019enqu\u00eate command\u00e9e par le \u00ab Bams \u00bb, l\u2019institut de sondage Insa a interrog\u00e9 1003 personnes, en leur posant la question suivante : \u00ab Dans l\u2019ensemble, \u00eates-vous pour ou contre un interdit des r\u00e9seaux sociaux pour les jeunes de moins de 16 ans ? \u00bb<\/p>\n<p>Points \u00e0 retenir<\/p>\n<ul>\n<li>60 % des Allemands se prononcent pour un interdit des r\u00e9seaux sociaux pour les moins de 16 ans.<\/li>\n<li>24 % des sond\u00e9s sont oppos\u00e9s \u00e0 cette proposition.<\/li>\n<li>L\u2019Australie a \u00e9t\u00e9 pionni\u00e8re en mati\u00e8re de r\u00e9glementation des r\u00e9seaux sociaux pour les jeunes.<\/li>\n<li>Des amendes substantielles sont envisag\u00e9es pour les plateformes ne respectant pas les nouvelles r\u00e8gles.<\/li>\n<li>La question de la s\u00e9curit\u00e9 en ligne pour les jeunes reste cruciale dans le d\u00e9bat public.<\/li>\n<\/ul>\n<p>En repensant \u00e0 cette situation, il est int\u00e9ressant de constater comment les r\u00e9gulations autour des r\u00e9seaux sociaux \u00e9voluent rapidement, souvent en r\u00e9ponse \u00e0 des pr\u00e9occupations soci\u00e9tales pressantes. Je m\u2019interroge sur l\u2019impact d\u2019une telle l\u00e9gislation sur la libert\u00e9 d\u2019expression des jeunes, mais aussi sur leur d\u00e9veloppement social. Quelles alternatives pourraient \u00eatre mises en place pour assurer un usage s\u00fbr des outils num\u00e9riques, sans l\u00e9ser leur cr\u00e9ativit\u00e9 et leur capacit\u00e9 d\u2019interaction ? Ce d\u00e9bat soul\u00e8ve des questions fondamentales sur l\u2019\u00e9quilibre entre protection et libert\u00e9 dans un monde de plus en plus connect\u00e9.<\/p>\n<p>  Navigation de l\u2019article<\/p>\n","protected":false},"excerpt":{"rendered":"Une large majorit\u00e9 de la population allemande se prononce en faveur d\u2019un interdit des r\u00e9seaux sociaux pour les&hellip;\n","protected":false},"author":2,"featured_media":601179,"comment_status":"","ping_status":"","sticky":false,"template":"","format":"standard","meta":{"footnotes":""},"categories":[1587],"tags":[11,672,1804,1805,1803,1777,674,1801,12,1802],"class_list":{"0":"post-601178","1":"post","2":"type-post","3":"status-publish","4":"format-standard","5":"has-post-thumbnail","7":"category-allemagne","8":"tag-actualites","9":"tag-allemagne","10":"tag-bundesrepublik-deutschland","11":"tag-de","12":"tag-deutschland","13":"tag-eu","14":"tag-europe","15":"tag-germany","16":"tag-news","17":"tag-republique-federale-dallemagne"},"share_on_mastodon":{"url":"https:\/\/pubeurope.com\/@fr\/115724625994223170","error":""},"_links":{"self":[{"href":"https:\/\/www.europesays.com\/fr\/wp-json\/wp\/v2\/posts\/601178","targetHints":{"allow":["GET"]}}],"collection":[{"href":"https:\/\/www.europesays.com\/fr\/wp-json\/wp\/v2\/posts"}],"about":[{"href":"https:\/\/www.europesays.com\/fr\/wp-json\/wp\/v2\/types\/post"}],"author":[{"embeddable":true,"href":"https:\/\/www.europesays.com\/fr\/wp-json\/wp\/v2\/users\/2"}],"replies":[{"embeddable":true,"href":"https:\/\/www.europesays.com\/fr\/wp-json\/wp\/v2\/comments?post=601178"}],"version-history":[{"count":0,"href":"https:\/\/www.europesays.com\/fr\/wp-json\/wp\/v2\/posts\/601178\/revisions"}],"wp:featuredmedia":[{"embeddable":true,"href":"https:\/\/www.europesays.com\/fr\/wp-json\/wp\/v2\/media\/601179"}],"wp:attachment":[{"href":"https:\/\/www.europesays.com\/fr\/wp-json\/wp\/v2\/media?parent=601178"}],"wp:term":[{"taxonomy":"category","embeddable":true,"href":"https:\/\/www.europesays.com\/fr\/wp-json\/wp\/v2\/categories?post=601178"},{"taxonomy":"post_tag","embeddable":true,"href":"https:\/\/www.europesays.com\/fr\/wp-json\/wp\/v2\/tags?post=601178"}],"curies":[{"name":"wp","href":"https:\/\/api.w.org\/{rel}","templated":true}]}}