{"id":601188,"date":"2025-12-15T16:57:17","date_gmt":"2025-12-15T16:57:17","guid":{"rendered":"https:\/\/www.europesays.com\/fr\/601188\/"},"modified":"2025-12-15T16:57:17","modified_gmt":"2025-12-15T16:57:17","slug":"bilan-meteo-france-2025-le-changement-climatique-est-deja-la-avertit-meteo-france","status":"publish","type":"post","link":"https:\/\/www.europesays.com\/fr\/601188\/","title":{"rendered":"Bilan M\u00e9t\u00e9o France 2025: \u00ab\u00a0Le changement climatique est d\u00e9j\u00e0 l\u00e0\u00a0\u00bb, avertit M\u00e9t\u00e9o-France"},"content":{"rendered":"<p>Dans son rapport, M\u00e9t\u00e9o-France constate que l\u2019ann\u00e9e 2025 \u00ab\u00a0pourrait devenir la deuxi\u00e8me ann\u00e9e la plus chaude \u00e0 l\u2019\u00e9chelle plan\u00e9taire, d\u2019apr\u00e8s l\u2019observatoire europ\u00e9en Copernicus, ex \u00e6quo avec 2023\u00a0\u00bb. \u00c0 titre de comparaison, l\u2019ann\u00e9e 2024 avait \u00e9t\u00e9 jug\u00e9e l\u2019ann\u00e9e la plus chaude. Celle-ci \u00e9tait la premi\u00e8re \u00e0 d\u00e9passer le seuil symbolique de 1,5 degr\u00e9 d\u2019anomalie positive par rapport \u00e0 l\u2019\u00e8re pr\u00e9industrielle..<\/p>\n<p><strong>\u00ab\u00a0Sans changement climatique, on enregistrerait autant de records chauds que froids\u00a0\u00bb<\/strong><\/p>\n<p>2025 aura \u00e9t\u00e9 marqu\u00e9e par des \u00e9pisodes de temp\u00e9ratures anormalement \u00e9lev\u00e9es, notamment sur les mois de mai, juin, ao\u00fbt, novembre et d\u00e9but d\u00e9cembre. Certaines  temp\u00e9ratures \u00ab\u00a0remarquables\u00a0\u00bb ont \u00e9t\u00e9 recens\u00e9es, comme \u00e0 Angoul\u00eame (Charente) o\u00f9 le thermostat a grimp\u00e9 jusqu&rsquo;\u00e0 42,5 \u00b0C ou \u00e0 Bergerac (Dordogne) avec 42,1 \u00b0C le 11 ao\u00fbt dernier. Le 19 septembre, on enregistrait  25,4 \u00b0C \u00e0 Val-d\u2019Is\u00e8re en Savoie, \u00e0 1850 m\u00e8tres d&rsquo;altitude. Globalement, \u00ab\u00a0environ un tiers du pays a enregistr\u00e9 un niveau de chaleur in\u00e9dit la nuit ou le jour au moins un mois dans l&rsquo;ann\u00e9e\u00a0\u00bb, illustre Virginie Schwarz.<\/p>\n<p>En revanche, les \u00e9pisodes anormalement froids \u00ab\u00a0ont \u00e9t\u00e9 peu nombreux et peu intenses\u00a0\u00bb, peut-on lire dans le rapport. En septembre, un seul \u00e9pisode de fra\u00eecheur a \u00ab\u00a0donn\u00e9 lieu \u00e0 des temp\u00e9ratures historiquement basses l\u2019apr\u00e8s-midi sur certaines r\u00e9gions allant du Poitou aux Ardennes\u00a0\u00bb. Mais dans l&rsquo;ensemble, les records de chaleur ont \u00e9t\u00e9 10 fois plus nombreux que les records de froid. \u00ab\u00a0Sans changement climatique, on enregistrerait autant de records chauds que froids\u00a0\u00bb, insiste la PDG de M\u00e9t\u00e9o-France.<\/p>\n<p><strong>Faible enneigement, forte variation des pr\u00e9cipitations, icendies\u2026 Une ann\u00e9e 2025 contrast\u00e9e<\/strong><\/p>\n<p>Dans son bilan, M\u00e9t\u00e9o-France revient \u00e9galement sur les pr\u00e9cipitations. Alors que l&rsquo;ann\u00e9e 2024 avait \u00e9t\u00e9 \u00ab\u00a0tr\u00e8s exc\u00e9dentaire\u00a0\u00bb, \u00ab\u00a0le cumul de pr\u00e9cipitations de l\u2019ann\u00e9e 2025 est proche de la normale sur la quasi-totalit\u00e9 du territoire, malgr\u00e9 des contrastes saisonniers\u00a0\u00bb. Les auteurs constatent de \u00ab\u00a0fortes variations de cumul de pr\u00e9cipitations, d&rsquo;une ann\u00e9e \u00e0 l&rsquo;autre\u00a0\u00bb. Dans le d\u00e9tail :<\/p>\n<ul>\n<li>2022 : l&rsquo;une des ann\u00e9es les moins pluvieuse (d\u00e9ficit de 24 % par rapport \u00e0 1991-2020) ;<\/li>\n<li>2023 : une ann\u00e9e proche de la normale, mais avec des averses tr\u00e8s contrast\u00e9e ;<\/li>\n<li>2024 : l&rsquo;une des ann\u00e9es les plus pluvieuses (exc\u00e9dent de l&rsquo;ordre de + 15 %) ;<\/li>\n<li>2025 : ann\u00e9e proche de la normale.<\/li>\n<\/ul>\n<p>Selon M\u00e9t\u00e9o-France, l&rsquo;ann\u00e9e a \u00e9t\u00e9 marqu\u00e9e par un \u00e9pisode de s\u00e9cheresse des sols, \u00ab\u00a0bien que celui-ci soit consid\u00e9r\u00e9 comme classique dans le climat r\u00e9cent pour une s\u00e9cheresse estivale \u00e0 l&rsquo;\u00e9chelle nationale\u00a0\u00bb. Dans le d\u00e9tail, les auteurs soulignent l&rsquo;\u00e9pisode de s\u00e9cheresse qui a concern\u00e9 30 % de la France entre mai et ao\u00fbt 2025, soit une dur\u00e9e de 4 mois.<\/p>\n<p>Enfin, l\u2019hiver 2024-2025 \u00ab\u00a0s\u2019inscrit dans la continuit\u00e9 des hivers pr\u00e9c\u00e9dents avec un manteau neigeux d\u00e9ficitaire quels que soient le massif et l\u2019altitude consid\u00e9r\u00e9e\u00a0\u00bb. La neige a \u00e9t\u00e9 rare sur les plus petits massifs, \u00e0 savoir le Massif central, le Jura et les Vosges. \u00ab\u00a0La r\u00e9duction de l\u2019enneigement en dessous de 1 800m dans nos massifs est repr\u00e9sentatif de ce qui est attendu de plus en plus fr\u00e9quemment dans une France \u00e0 + 2,7 \u00b0C et \u00e0 plus forte raison dans une France \u00e0 + 4 \u00b0C\u00a0\u00bb, ajoute M\u00e9t\u00e9o-France.<\/p>\n<p>Au niveau des incendies, les auteurs constatent que \u00ab\u00a02025 a enregistr\u00e9 plus de 30 000 hectares de surfaces br\u00fbl\u00e9es (pour une moyenne d\u2019environ 14 000 hectares sur la p\u00e9riode 2006-2021, avec une pointe \u00e0 69 000 hectares en 2022 \u2013 donn\u00e9es de l\u2019ONF)\u00a0\u00bb. <a href=\"https:\/\/www.geo.fr\/environnement\/l-activite-humaine-a-radicalement-allonge-la-saison-des-incendies-sur-terre-selon-une-etude-228693\" target=\"_blank\" rel=\"noopener\">L&rsquo;incendie<\/a> le plus important \u00e9tait le feu de Ribaute dans l&rsquo;Aude, qui a br\u00fbl\u00e9 11 133 hectares. \u00ab\u00a0Un feu que l\u2019on peut qualifier de hors normes, notamment pour sa superficie et son intensit\u00e9\u00a0\u00bb. Cet incendie regroupe pr\u00e8s d&rsquo;un tiers des hectares br\u00fbl\u00e9s en France.<\/p>\n<p>Lors de la conf\u00e9rence de presse, Virginie Schwarz insiste : \u00ab\u00a0Il ne s&rsquo;agit pas de dire que tout ce qu&rsquo;on observe cette ann\u00e9e n&rsquo;est pas le fruit du r\u00e9chauffement climatique. On sait bien qu&rsquo;il y a des variations interannuelles en m\u00e9t\u00e9o et \u00e7a reste avec le changement climatique. Mais on voit bien qu&rsquo;un certain nombre de choses s&rsquo;inscrivent dans ces tendances longues et que le changement climatique est d\u00e9j\u00e0 l\u00e0 quand on regarde les choses sur une dur\u00e9e un peu plus longue que la simple ann\u00e9e et en particulier quand on regarde sur la dizaine d&rsquo;ann\u00e9es qui vient de s&rsquo;\u00e9couler\u00a0\u00bb. <\/p>\n<p>La suite est r\u00e9serv\u00e9e aux abonn\u00e9s<\/p>\n<p>\n            Abonnez-vous \u00e0 GEO<br \/>\n                            \u00c0 partir de 4,70\u20ac\/mois\n                    <\/p>\n<ul>\n<li>Acc\u00e8s aux articles r\u00e9serv\u00e9s aux abonn\u00e9s sur le site et l\u2019appli<\/li>\n<li>Le magazine et ses hors-s\u00e9ries en version num\u00e9rique <\/li>\n<li>15 ans d\u2019archives num\u00e9ris\u00e9es du magazine GEO<\/li>\n<li>Lecture zen avec publicit\u00e9 limit\u00e9e<\/li>\n<li>Sans engagement<\/li>\n<\/ul>\n<p>\n            D\u00e9j\u00e0 abonn\u00e9 ?<\/p>\n<p>                Je me connecte<\/p>\n","protected":false},"excerpt":{"rendered":"Dans son rapport, M\u00e9t\u00e9o-France constate que l\u2019ann\u00e9e 2025 \u00ab\u00a0pourrait devenir la deuxi\u00e8me ann\u00e9e la plus chaude \u00e0 l\u2019\u00e9chelle&hellip;\n","protected":false},"author":2,"featured_media":601189,"comment_status":"","ping_status":"","sticky":false,"template":"","format":"standard","meta":{"footnotes":""},"categories":[4],"tags":[11,6698,1129,1011,27,15882,12,25,71380],"class_list":{"0":"post-601188","1":"post","2":"type-post","3":"status-publish","4":"format-standard","5":"has-post-thumbnail","7":"category-france","8":"tag-actualites","9":"tag-canicule","10":"tag-climat","11":"tag-fr","12":"tag-france","13":"tag-mu00e9tu00e9o","14":"tag-news","15":"tag-republique-francaise","16":"tag-ru00e9chauffement-climatique"},"share_on_mastodon":{"url":"","error":""},"_links":{"self":[{"href":"https:\/\/www.europesays.com\/fr\/wp-json\/wp\/v2\/posts\/601188","targetHints":{"allow":["GET"]}}],"collection":[{"href":"https:\/\/www.europesays.com\/fr\/wp-json\/wp\/v2\/posts"}],"about":[{"href":"https:\/\/www.europesays.com\/fr\/wp-json\/wp\/v2\/types\/post"}],"author":[{"embeddable":true,"href":"https:\/\/www.europesays.com\/fr\/wp-json\/wp\/v2\/users\/2"}],"replies":[{"embeddable":true,"href":"https:\/\/www.europesays.com\/fr\/wp-json\/wp\/v2\/comments?post=601188"}],"version-history":[{"count":0,"href":"https:\/\/www.europesays.com\/fr\/wp-json\/wp\/v2\/posts\/601188\/revisions"}],"wp:featuredmedia":[{"embeddable":true,"href":"https:\/\/www.europesays.com\/fr\/wp-json\/wp\/v2\/media\/601189"}],"wp:attachment":[{"href":"https:\/\/www.europesays.com\/fr\/wp-json\/wp\/v2\/media?parent=601188"}],"wp:term":[{"taxonomy":"category","embeddable":true,"href":"https:\/\/www.europesays.com\/fr\/wp-json\/wp\/v2\/categories?post=601188"},{"taxonomy":"post_tag","embeddable":true,"href":"https:\/\/www.europesays.com\/fr\/wp-json\/wp\/v2\/tags?post=601188"}],"curies":[{"name":"wp","href":"https:\/\/api.w.org\/{rel}","templated":true}]}}