{"id":601194,"date":"2025-12-15T17:06:16","date_gmt":"2025-12-15T17:06:16","guid":{"rendered":"https:\/\/www.europesays.com\/fr\/601194\/"},"modified":"2025-12-15T17:06:16","modified_gmt":"2025-12-15T17:06:16","slug":"clement-venturini-et-joshua-dubau-font-limpasse-sur-la-saison-de-cyclo-cross-actualite","status":"publish","type":"post","link":"https:\/\/www.europesays.com\/fr\/601194\/","title":{"rendered":"Cl\u00e9ment Venturini et Joshua Dubau font l\u2019impasse sur la saison de cyclo-cross &#8211; Actualit\u00e9"},"content":{"rendered":"<p style=\"text-align: justify;\">Cl\u00e9ment Venturini et Joshua Dubau ne seront pas pr\u00e9sents dans les sous-bois ces prochaines semaines. Les deux meilleurs Fran\u00e7ais chez les \u00c9lites ces derni\u00e8res ann\u00e9es font en effet l\u2019impasse sur la saison de cyclo-cross.<\/p>\n<p style=\"text-align: justify;\">Apr\u00e8s l\u2019arr\u00eat de l\u2019\u00e9quipe Ark\u00e9a-B&amp;B H\u00f4tels,\u00a0<strong><a href=\"https:\/\/www.directvelo.com\/coureur\/5791\/clement-venturini\" target=\"_blank\" rel=\"noopener\">Cl\u00e9ment Venturini<\/a><\/strong> a concentr\u00e9 ces derni\u00e8res semaines son \u00e9nergie sur la recherche d\u2019un contrat pour la saison 2026. Il a d\u00fb attendre la semaine pass\u00e9e pour trouver un point de chute et a pu s\u2019engager chez Unibet Rose Rockets. \u201cCertaines d\u00e9cisions sont parfois difficiles \u00e0 prendre mais pas forc\u00e9ment irr\u00e9m\u00e9diables dans le temps. En douze ans chez les pros, le cyclo-cross a rythm\u00e9 mes intersaisons. Chacun le sait, une carri\u00e8re n\u2019est jamais un long fleuve tranquille, et j\u2019ai besoin cette ann\u00e9e de faire cette difficile concession pour mieux y revenir, et profiter du p\u00e8re No\u00ebl avec mon fils\u201d, \u00e9crit-il sur Facebook.<\/p>\n<p>\u201cFocus sur le VTT\u201d selon L\u2019Union,<strong>\u00a0<a href=\"https:\/\/www.directvelo.com\/coureur\/10468\/joshua-dubau\" target=\"_blank\" rel=\"noopener\">Joshua Dubau<\/a><\/strong> donne priorit\u00e9 \u00e0 la saison estivale, en concertation avec son \u00e9quipe, Decathlon Ford Racing Team, et ne s\u2019alignera donc sur aucun cyclo-cross cet hiver.<\/p>\n<p>Depuis 2017, Cl\u00e9ment Venturini, \u00e0 sept reprises, et Joshua Dubau, une fois, ont remport\u00e9 huit des neuf titres de Champion de France de cyclo-cross. Cl\u00e9ment Venturini a obtenu neuf m\u00e9dailles sur les onze derni\u00e8res \u00e9ditions &#8211; sept en or et deux en argent -. Quant \u00e0 lui, Joshua Dubau restait sur six podiums cons\u00e9cutifs &#8211; une m\u00e9daille d\u2019or, quatre en argent et une en bronze -.<\/p>\n","protected":false},"excerpt":{"rendered":"Cl\u00e9ment Venturini et Joshua Dubau ne seront pas pr\u00e9sents dans les sous-bois ces prochaines semaines. Les deux meilleurs&hellip;\n","protected":false},"author":2,"featured_media":601195,"comment_status":"","ping_status":"","sticky":false,"template":"","format":"standard","meta":{"footnotes":""},"categories":[1411],"tags":[834,828,836,829,837,827,83,826,824,823,1154,207,814,817,815,816,822,821,832,211,839,1011,27,820,818,819,835,831,830,833,838,60,212,208,825],"class_list":{"0":"post-601194","1":"post","2":"type-post","3":"status-publish","4":"format-standard","5":"has-post-thumbnail","7":"category-cyclisme","8":"tag-attaque","9":"tag-belgique","10":"tag-braquet","11":"tag-bretagne","12":"tag-chute","13":"tag-competition","14":"tag-coupe-de-france","15":"tag-coureur","16":"tag-course-cyclisme","17":"tag-course-cycliste","18":"tag-cycling","19":"tag-cyclisme","20":"tag-direct","21":"tag-direct-velo","22":"tag-directvelo","23":"tag-directvelo-com","24":"tag-epreuve","25":"tag-epreuve-cycliste","26":"tag-federation-francaise-de-cyclisme","27":"tag-ffc","28":"tag-flandres","29":"tag-fr","30":"tag-france","31":"tag-live","32":"tag-live-course","33":"tag-live-epreuve","34":"tag-peloton","35":"tag-radio-peloton","36":"tag-radio-tour","37":"tag-ravitaillement","38":"tag-relance","39":"tag-sports","40":"tag-uci","41":"tag-velo","42":"tag-velos"},"share_on_mastodon":{"url":"https:\/\/pubeurope.com\/@fr\/115724680357085190","error":""},"_links":{"self":[{"href":"https:\/\/www.europesays.com\/fr\/wp-json\/wp\/v2\/posts\/601194","targetHints":{"allow":["GET"]}}],"collection":[{"href":"https:\/\/www.europesays.com\/fr\/wp-json\/wp\/v2\/posts"}],"about":[{"href":"https:\/\/www.europesays.com\/fr\/wp-json\/wp\/v2\/types\/post"}],"author":[{"embeddable":true,"href":"https:\/\/www.europesays.com\/fr\/wp-json\/wp\/v2\/users\/2"}],"replies":[{"embeddable":true,"href":"https:\/\/www.europesays.com\/fr\/wp-json\/wp\/v2\/comments?post=601194"}],"version-history":[{"count":0,"href":"https:\/\/www.europesays.com\/fr\/wp-json\/wp\/v2\/posts\/601194\/revisions"}],"wp:featuredmedia":[{"embeddable":true,"href":"https:\/\/www.europesays.com\/fr\/wp-json\/wp\/v2\/media\/601195"}],"wp:attachment":[{"href":"https:\/\/www.europesays.com\/fr\/wp-json\/wp\/v2\/media?parent=601194"}],"wp:term":[{"taxonomy":"category","embeddable":true,"href":"https:\/\/www.europesays.com\/fr\/wp-json\/wp\/v2\/categories?post=601194"},{"taxonomy":"post_tag","embeddable":true,"href":"https:\/\/www.europesays.com\/fr\/wp-json\/wp\/v2\/tags?post=601194"}],"curies":[{"name":"wp","href":"https:\/\/api.w.org\/{rel}","templated":true}]}}