{"id":601206,"date":"2025-12-15T17:13:13","date_gmt":"2025-12-15T17:13:13","guid":{"rendered":"https:\/\/www.europesays.com\/fr\/601206\/"},"modified":"2025-12-15T17:13:13","modified_gmt":"2025-12-15T17:13:13","slug":"ce-que-lon-sait-du-nouveau-blockbuster-sur-de-gaulle-qui-sera-lun-des-evenements-cine-de-2026","status":"publish","type":"post","link":"https:\/\/www.europesays.com\/fr\/601206\/","title":{"rendered":"Ce que l\u2019on sait du nouveau blockbuster sur de Gaulle qui sera l\u2019un des \u00e9v\u00e9nements cin\u00e9 de 2026"},"content":{"rendered":"<p>        <img decoding=\"async\" loading=\"lazy\" src=\"https:\/\/www.europesays.com\/fr\/wp-content\/uploads\/2025\/12\/ef659a9_upload-1-lxsktvfhjcxr-capture-d-e-cran-2025-12-15-a-15-02-05.png\"  width=\"728\" height=\"410\" alt=\"Simon Abkarian dans la Bataille de Gaulle\"\/>  <\/p>\n<p>Path\u00e9<\/p>\n<p>Simon Abkarian dans la Bataille de Gaulle<\/p>\n<p>      <strong>EN BREF<\/strong> <strong>\u2022 <\/strong>\u00ab\u00a0La bataille De Gaulle\u00a0\u00bb sortira en deux parties, \u00ab\u00a0L\u2019\u00e2ge de fer\u00a0\u00bb en juin et \u00ab\u00a0J\u2019\u00e9cris ton nom.\u00a0\u00bb<br \/><strong>\u2022 <\/strong>Inspir\u00e9 par la biographie de Julian Jackson, le projet b\u00e9n\u00e9ficie d\u2019un budget de 74\u00a0millions d\u2019euros.<br \/><strong>\u2022 <\/strong>Le casting inclut Simon Abkarian, Simon Russell Beale ou encore Niels Schneider ou Beno\u00eet Magimel.                         <\/p>\n<p class=\"asset asset-text\">Il n\u2019y aura pas un, mais deux films. Le r\u00e9alisateur <a href=\"https:\/\/www.huffingtonpost.fr\/culture\/article\/pourquoi-il-n-y-a-pas-de-femmes-dans-les-sous-marins-du-chant-du-loup_156481.html\" target=\"_blank\" rel=\"noopener\">Antonin Baudry<\/a> s\u2019empare de l\u2019histoire du G\u00e9n\u00e9ral de Gaulle,<a href=\"https:\/\/www.huffingtonpost.fr\/politique\/article\/comment-les-francais-ont-reagi-a-la-mort-du-general-de-gaulle_172521.html\" target=\"_blank\" rel=\"noopener\"> mort il y a 55\u00a0ans, <\/a>pour offrir une fresque historique ambitieuse, qui nous plongera au c\u0153ur de la France de 1940. Le premier volet, \u00ab\u00a0L\u2019\u00e2ge de fer\u00a0\u00bb, sortira au cin\u00e9ma le 10\u00a0juin\u00a02026, suivi de \u00ab\u00a0J\u2019\u00e9cris ton nom\u00a0\u00bb, pr\u00e9vu le 3\u00a0juillet\u00a02026.<\/p>\n<p class=\"asset asset-text\">Les deux films retraceront le parcours de Charles de\u00a0Gaulle entre 1940 et 1945, depuis son d\u00e9part pour Londres jusqu\u2019\u00e0 ses actions d\u00e9cisives pour lib\u00e9rer la France. Peu d\u2019informations ont pour l\u2019instant fuit\u00e9 autour de ce projet, mais un coin du voile commence \u00e0 \u00eatre lev\u00e9 ce lundi 15\u00a0d\u00e9cembre\u00a0: Path\u00e9 vient de d\u00e9voiler les premi\u00e8res images du film, offrant un aper\u00e7u de l\u2019ambition et de l\u2019esth\u00e9tique de cette \u0153uvre.<\/p>\n<p> La lecture de ce contenu est susceptible d\u2019entra\u00eener un d\u00e9p\u00f4t de cookies de la part de l\u2019op\u00e9rateur tiers qui l\u2019h\u00e9berge. Compte-tenu des choix que vous avez exprim\u00e9s en mati\u00e8re de d\u00e9p\u00f4t de cookies, nous avons bloqu\u00e9 l\u2019affichage de ce contenu. Si vous souhaitez y acc\u00e9der, vous devez accepter la cat\u00e9gorie de cookies \u201cContenus tiers\u201d en cliquant sur le bouton ci-dessous. <\/p>\n<p> Lire la Vid\u00e9o              <\/p>\n<p class=\"asset asset-text\">Premier indice, il ne s\u2019agit pas d\u2019un biopic \u00e0 proprement parler comme <a href=\"https:\/\/www.huffingtonpost.fr\/culture\/article\/avant-de-gaulle-on-n-avait-presque-jamais-vu-de-gaulle-au-cinema_172350.html\" target=\"_blank\" rel=\"noopener\">\u00ab\u00a0de Gaulle\u00a0\u00bb<\/a>, du r\u00e9alisateur Gabriel Le Bomin, sorti en 2020. Selon plusieurs m\u00e9dias, Antonin Baudry s\u2019est inspir\u00e9 de la biographie du g\u00e9n\u00e9ral \u00e9crite par Julian Jackson, De Gaulle\u00a0: une certaine id\u00e9e de la France, publi\u00e9e en 1990, et a pu compter sur un budget massif de 74\u00a0millions d\u2019euros.<\/p>\n<p class=\"asset asset-text\">\u00ab\u00a0Je me suis demand\u00e9 quel genre de personne il fallait \u00eatre pour refuser de se soumettre en 1940. Pour d\u00e9sob\u00e9ir \u00e0 son propre gouvernement tout en d\u00e9vouant sa vie \u00e0 la France, explique Antonin Baudry dans un communiqu\u00e9, il y en avait peu\u2026 Je me suis int\u00e9ress\u00e9 \u00e0 elles et j\u2019ai voulu en faire non pas un film, mais deux.\u00a0\u00bb<\/p>\n<p>    <strong>Au casting Niels Schneider, Beno\u00eet Magimel, Thierry Lhermitte\u2026<\/strong>    <\/p>\n<p class=\"asset asset-text\">Pour incarner ces figures historiques, Antonin Baudry, auteur de la BD Quai D\u2019Orsay, et r\u00e9alisateur du film Le chant du loup, a r\u00e9uni un casting soigneusement choisi parmi de nombreux acteurs fran\u00e7ais.<\/p>\n<p class=\"asset asset-text\">Simon Abkarian (Casino Royale) jouera donc le r\u00f4le du G\u00e9n\u00e9ral de Gaulle, tandis que Simon Russell Beale (La mort de Staline) incarnera Winston Churchill. Florian Lesieur (Young Millionnaires), Beno\u00eet Magimel (La vie est un long fleuve tranquille) et Mathieu Kassovitz (La Haine) font \u00e9galement partie de la s\u00e9lection prestigieuse de ce film d\u00e9sormais particuli\u00e8rement attendu en 2026.<\/p>\n","protected":false},"excerpt":{"rendered":"Path\u00e9 Simon Abkarian dans la Bataille de Gaulle EN BREF \u2022 \u00ab\u00a0La bataille De Gaulle\u00a0\u00bb sortira en deux&hellip;\n","protected":false},"author":2,"featured_media":601207,"comment_status":"","ping_status":"","sticky":false,"template":"","format":"standard","meta":{"footnotes":""},"categories":[1354],"tags":[14508,650,251,58,59,2081,1346,1011,27,1360],"class_list":{"0":"post-601206","1":"post","2":"type-post","3":"status-publish","4":"format-standard","5":"has-post-thumbnail","7":"category-films","8":"tag-charles-de-gaulle","9":"tag-cinema","10":"tag-culture","11":"tag-divertissement","12":"tag-entertainment","13":"tag-film","14":"tag-films","15":"tag-fr","16":"tag-france","17":"tag-movies"},"share_on_mastodon":{"url":"https:\/\/pubeurope.com\/@fr\/115724708056955445","error":""},"_links":{"self":[{"href":"https:\/\/www.europesays.com\/fr\/wp-json\/wp\/v2\/posts\/601206","targetHints":{"allow":["GET"]}}],"collection":[{"href":"https:\/\/www.europesays.com\/fr\/wp-json\/wp\/v2\/posts"}],"about":[{"href":"https:\/\/www.europesays.com\/fr\/wp-json\/wp\/v2\/types\/post"}],"author":[{"embeddable":true,"href":"https:\/\/www.europesays.com\/fr\/wp-json\/wp\/v2\/users\/2"}],"replies":[{"embeddable":true,"href":"https:\/\/www.europesays.com\/fr\/wp-json\/wp\/v2\/comments?post=601206"}],"version-history":[{"count":0,"href":"https:\/\/www.europesays.com\/fr\/wp-json\/wp\/v2\/posts\/601206\/revisions"}],"wp:featuredmedia":[{"embeddable":true,"href":"https:\/\/www.europesays.com\/fr\/wp-json\/wp\/v2\/media\/601207"}],"wp:attachment":[{"href":"https:\/\/www.europesays.com\/fr\/wp-json\/wp\/v2\/media?parent=601206"}],"wp:term":[{"taxonomy":"category","embeddable":true,"href":"https:\/\/www.europesays.com\/fr\/wp-json\/wp\/v2\/categories?post=601206"},{"taxonomy":"post_tag","embeddable":true,"href":"https:\/\/www.europesays.com\/fr\/wp-json\/wp\/v2\/tags?post=601206"}],"curies":[{"name":"wp","href":"https:\/\/api.w.org\/{rel}","templated":true}]}}