{"id":601216,"date":"2025-12-15T17:18:13","date_gmt":"2025-12-15T17:18:13","guid":{"rendered":"https:\/\/www.europesays.com\/fr\/601216\/"},"modified":"2025-12-15T17:18:13","modified_gmt":"2025-12-15T17:18:13","slug":"et-sil-sagissait-de-lune-des-plus-petites-voitures-electriques-en-europe","status":"publish","type":"post","link":"https:\/\/www.europesays.com\/fr\/601216\/","title":{"rendered":"et s&rsquo;il s&rsquo;agissait de l&rsquo;une des plus petites voitures \u00e9lectriques en Europe ?"},"content":{"rendered":"<p itemprop=\"description\">Attendue pour l\u2019ann\u00e9e prochaine, la<br \/>\nfuture Smart #2 se rapproche de la phase de production. Pour<br \/>\nl\u2019heure, le mod\u00e8le est encore en d\u00e9veloppement, et a d\u00e9j\u00e0 pu \u00eatre<br \/>\naper\u00e7u lors de tests. Pas de doute, il s\u2019agira bel et bien d\u2019une<br \/>\npetite voiture \u00e9lectrique !<\/p>\n<p style=\"font-weight: 400;\">Apr\u00e8s s\u2019\u00eatre aventur\u00e9e sur le terrain<br \/>\ndes v\u00e9hicules plus imposants, avec des SUV et m\u00eame, derni\u00e8rement,<br \/>\n<a href=\"https:\/\/www.autoplus.fr\/actualite\/smart-cree-la-surprise-et-degaine-le-plus-grand-modele-de-son-histoire-1412916.html\" target=\"_blank\" rel=\"noopener\">une berline<\/a>, Smart s\u2019appr\u00eate \u00e0<br \/>\nrevenir aux fondamentaux. <strong>La marque pr\u00e9pare en effet le<br \/>\nretour de son iconique citadine, pour l\u2019ann\u00e9e prochaine.<\/strong><br \/>\nLa Smart #2, c\u2019est son nouveau nom, vient d\u2019entrer en phase de<br \/>\ntests.<\/p>\n<p><strong>Les petites voitures ont \u00e0<br \/>\nnouveau la cote en Europe<\/strong><\/p>\n<p style=\"font-weight: 400;\">Alors que les constructeurs<br \/>\nconcentraient leurs efforts sur les segments des SUV et des<br \/>\nberlines, pour \u00e9lectrifier leurs gammes, il souffle un vent de<br \/>\nrenouveau en Europe. <strong>Ces derniers mois, on assiste \u00e0 un<br \/>\ngrand retour en force de mod\u00e8les plus petits.<\/strong><br \/>\nDerni\u00e8rement, on a notamment pu d\u00e9couvrir la nouvelle Renault<br \/>\nTwingo E-Tech.<\/p>\n<p style=\"font-weight: 400;\">Ce retour en gr\u00e2ce ne doit rien au<br \/>\nhasard. Depuis plusieurs semaines, on entend parler d\u2019une nouvelle<br \/>\ncat\u00e9gorie de petites voitures \u00e9lectriques, que l\u2019on nomme pour<br \/>\nl\u2019instant \u00ab\u00a0E-Car\u00a0\u00bb. <strong>Derri\u00e8re cette<br \/>\nappellation, des mod\u00e8les plus petits, moins encombrants, r\u00e9pondant<br \/>\n\u00e0 des normes all\u00e9g\u00e9es.<\/strong> L\u2019Union europ\u00e9enne travaille encore<br \/>\nsur les contours de cette nouvelle r\u00e9glementation. Cette derni\u00e8re a<br \/>\npour but de <strong>rendre la mobilit\u00e9 \u00e9lectrique plus accessible<br \/>\npour le plus grand nombre, gr\u00e2ce notamment \u00e0 des co\u00fbts de<br \/>\nproduction plus faibles.<\/strong> Par ailleurs, du fait de leur<br \/>\ngabarit r\u00e9duit, la production de ces petites voitures serait<br \/>\n\u00e9galement moins \u00e9nergivore.<\/p>\n<p style=\"font-weight: 400;\">Sans forc\u00e9ment rentrer dans cette<br \/>\n<a href=\"https:\/\/www.autoplus.fr\/actualite\/futures-e-car-quels-sont-les-modeles-deja-plus-ou-moins-prevus-1413644.html\" target=\"_blank\" rel=\"noopener\">cat\u00e9gorie<br \/>\n\u00ab\u00a0E-Car\u00a0\u00bb<\/a>, les petites voitures sont bel et<br \/>\nbien de retour. Renault 5 E-Tech, Volkswagen ID. Polo, Cupra<br \/>\nRaval&#8230; Ou encore Smart #2. Celle-ci doit pointer le bout de son<br \/>\nnez en 2026.<\/p>\n<p><img loading=\"lazy\" decoding=\"async\" aria-describedby=\"caption-attachment-1413944\" itemprop=\"thumbnailUrl\" class=\"size-large wp-image-1413944 img-responsive\" src=\"https:\/\/www.europesays.com\/fr\/wp-content\/uploads\/2025\/12\/43-cupra-raval-electrique-3-768x432.jpg\" alt=\"&lt;p&gt;Cupra Raval&lt;\/p&gt;\" width=\"768\" height=\"432\"  \/> \u00a9 Cupra<\/p>\n<p id=\"caption-attachment-1413944\" class=\"wp-caption-text\">Les<br \/>\nconstructeurs \u00e9toffent \u00e0 pr\u00e9sent leur gamme avec de petits mod\u00e8les<br \/>\n\u00e9lectriques, plus abordables, en Europe.\u00a0<\/p>\n<p><strong>Smart #2\u00a0: retour aux<br \/>\nfondamentaux pour la marque<\/strong><\/p>\n<p style=\"font-weight: 400;\">Apr\u00e8s les SUV #1, #3 et #5, ainsi que<br \/>\nla berline #6, Smart s\u2019appr\u00eate \u00e0 r\u00e9investir le segment des<br \/>\ncitadines. <strong>Pour y parvenir, elle compte sur sa future #2,<br \/>\nqui s\u2019annonce comme la digne h\u00e9riti\u00e8re de la Fortwo.<\/strong><\/p>\n<p style=\"font-weight: 400;\">Celle-ci vient de d\u00e9buter ses tests,<br \/>\nen Chine. \u00c0 cette occasion, <a href=\"https:\/\/fr.smart.com\/fr\/\" target=\"_blank\" rel=\"noopener\">la marque<\/a> a communiqu\u00e9 les<br \/>\npremi\u00e8res informations \u00e0 son sujet. Bien qu\u2019elle soit encore<br \/>\ncamoufl\u00e9e, la Smart #2 ne parvient pas \u00e0 dissimuler son minuscule<br \/>\ngabarit. <strong>Pour l\u2019heure, les dimensions restent inconnues,<br \/>\nmais le constructeur promet qu\u2019elle \u00ab\u00a0conservera la<br \/>\nconfiguration \u00e0 deux portes et deux places de la<br \/>\nFortwo\u00a0\u00bb.<\/strong><\/p>\n<p style=\"font-weight: 400;\"><strong>Bas\u00e9e sur la plateforme ECA,<br \/>\nla Smart #2 embarquera bien \u00e9videmment une motorisation 100%<br \/>\n\u00e9lectrique.<\/strong> Sa pr\u00e9sentation est pr\u00e9vue pour la fin d\u2019ann\u00e9e<br \/>\nprochaine, avec une arriv\u00e9e sur le march\u00e9 dans la foul\u00e9e.<\/p>\n<p style=\"font-weight: 400;\">La Smart #2 int\u00e8grera-t-elle la<br \/>\ncat\u00e9gorie des <a href=\"https:\/\/www.autoplus.fr\/actualite\/categorie-e-car-a-quoi-ressembleront-les-petites-voitures-de-demain-souhaitees-par-leurope-1413236.html\" target=\"_blank\" rel=\"noopener\">\u00ab\u00a0E-Car\u00a0\u00bb<\/a>\u00a0? Il est encore<br \/>\ntrop t\u00f4t pour le dire. Il faut attendre les annonces officielles de<br \/>\nla Commission europ\u00e9enne, pour conna\u00eetre les d\u00e9tails de cette<br \/>\nfuture r\u00e9glementation. <strong>N\u00e9anmoins, la citadine sera<br \/>\nassur\u00e9ment l\u2019une des plus petites voitures commercialis\u00e9es chez<br \/>\nnous.<\/strong><\/p>\n","protected":false},"excerpt":{"rendered":"Attendue pour l\u2019ann\u00e9e prochaine, la future Smart #2 se rapproche de la phase de production. Pour l\u2019heure, le&hellip;\n","protected":false},"author":2,"featured_media":601217,"comment_status":"","ping_status":"","sticky":false,"template":"","format":"standard","meta":{"footnotes":""},"categories":[6],"tags":[35,33,34,1011,27,1638],"class_list":{"0":"post-601216","1":"post","2":"type-post","3":"status-publish","4":"format-standard","5":"has-post-thumbnail","7":"category-economie","8":"tag-business","9":"tag-economie","10":"tag-economy","11":"tag-fr","12":"tag-france","13":"tag-has_diapo"},"share_on_mastodon":{"url":"https:\/\/pubeurope.com\/@fr\/115724728349440789","error":""},"_links":{"self":[{"href":"https:\/\/www.europesays.com\/fr\/wp-json\/wp\/v2\/posts\/601216","targetHints":{"allow":["GET"]}}],"collection":[{"href":"https:\/\/www.europesays.com\/fr\/wp-json\/wp\/v2\/posts"}],"about":[{"href":"https:\/\/www.europesays.com\/fr\/wp-json\/wp\/v2\/types\/post"}],"author":[{"embeddable":true,"href":"https:\/\/www.europesays.com\/fr\/wp-json\/wp\/v2\/users\/2"}],"replies":[{"embeddable":true,"href":"https:\/\/www.europesays.com\/fr\/wp-json\/wp\/v2\/comments?post=601216"}],"version-history":[{"count":0,"href":"https:\/\/www.europesays.com\/fr\/wp-json\/wp\/v2\/posts\/601216\/revisions"}],"wp:featuredmedia":[{"embeddable":true,"href":"https:\/\/www.europesays.com\/fr\/wp-json\/wp\/v2\/media\/601217"}],"wp:attachment":[{"href":"https:\/\/www.europesays.com\/fr\/wp-json\/wp\/v2\/media?parent=601216"}],"wp:term":[{"taxonomy":"category","embeddable":true,"href":"https:\/\/www.europesays.com\/fr\/wp-json\/wp\/v2\/categories?post=601216"},{"taxonomy":"post_tag","embeddable":true,"href":"https:\/\/www.europesays.com\/fr\/wp-json\/wp\/v2\/tags?post=601216"}],"curies":[{"name":"wp","href":"https:\/\/api.w.org\/{rel}","templated":true}]}}