{"id":601218,"date":"2025-12-15T17:19:12","date_gmt":"2025-12-15T17:19:12","guid":{"rendered":"https:\/\/www.europesays.com\/fr\/601218\/"},"modified":"2025-12-15T17:19:12","modified_gmt":"2025-12-15T17:19:12","slug":"avec-lelection-de-jose-antonio-kast-au-chili-la-gauche-francaise-arrive-a-secharper-sur-la-victoire-de-lextreme-droite","status":"publish","type":"post","link":"https:\/\/www.europesays.com\/fr\/601218\/","title":{"rendered":"Avec l\u2019\u00e9lection de Jos\u00e9 Antonio Kast au Chili, la gauche fran\u00e7aise arrive \u00e0 s\u2019\u00e9charper sur la victoire de l\u2019extr\u00eame droite"},"content":{"rendered":"<p>        <img decoding=\"async\" loading=\"lazy\" src=\"https:\/\/www.europesays.com\/fr\/wp-content\/uploads\/2025\/12\/8d9c6bb_upload-1-xa4o5ujt7txj-000-36pe4w7.jpg\"  width=\"728\" height=\"409\" alt=\"La d\u00e9put\u00e9e insoumise Cl\u00e9mence guett\u00e9 et son coll\u00e8gue socialiste Olivier Faure n\u2019analysent pas le r\u00e9sultat de la pr\u00e9sidentielle chilienne de la m\u00eame fa\u00e7on.  (Photo by Alain JOCARD \/ AFP)\"\/>  <\/p>\n<p>ALAIN JOCARD \/ AFP<\/p>\n<p>La d\u00e9put\u00e9e insoumise Cl\u00e9mence guett\u00e9 et son coll\u00e8gue socialiste Olivier Faure n\u2019analysent pas le r\u00e9sultat de la pr\u00e9sidentielle chilienne de la m\u00eame fa\u00e7on.  (Photo by Alain JOCARD \/ AFP)<\/p>\n<p class=\"asset asset-text\">Ultraconservateur, admirateur de Pinochet&#8230; Le nouveau pr\u00e9sident du Chili <a href=\"https:\/\/www.huffingtonpost.fr\/international\/video\/l-extreme-droite-de-retour-au-pouvoir-au-chili-on-vous-presente-jose-antonio-kast-le-nouveau-president_258223.html\" target=\"_blank\" rel=\"noopener\">Jos\u00e9 Antonio Kast<\/a>, \u00e9lu ce dimanche 14\u00a0d\u00e9cembre, a tout pour h\u00e9risser les poils de la gauche fran\u00e7aise. Et pourtant, c\u2019est surtout la d\u00e9faite de sa rivale de gauche qui a cristallis\u00e9 les d\u00e9bats, en r\u00e9l\u00e9vant les fractures de chaque camp..<\/p>\n<p class=\"asset asset-text\">Jos\u00e9 Antonio Kast, candidat de l\u2019extr\u00eame droite, l\u2019a emport\u00e9 avec environ 58\u00a0% contre la candidate communiste Jeannette Jara, ex-ministre du Travail du pr\u00e9sident sortant Gabriel Boric, qui a obtenu 42\u00a0%.<\/p>\n<p class=\"asset asset-text\">Une d\u00e9faite que la d\u00e9put\u00e9e insoumise Cl\u00e9mence Guett\u00e9 a comment\u00e9 en accusant le \u00ab\u00a0centre gauche\u00a0\u00bb chilien de n\u2019avoir \u00ab\u00a0rien incarn\u00e9, promis, et tout trahi\u00a0\u00bb. \u00ab\u00a0Elle paye le prix de ses renoncements et de son refus de changer la soci\u00e9t\u00e9\u00a0\u00bb, explique-t-elle sur le r\u00e9seau social X, dans un sous-entendu directement adress\u00e9 aux socialistes fran\u00e7ais.<\/p>\n<p>    \u00ab\u00a0Vous d\u00e9testez l\u2019unit\u00e9\u00a0\u00bb    <\/p>\n<p class=\"asset asset-text\">Une pique peu appr\u00e9ci\u00e9e du Premier secr\u00e9taire du Parti socialiste Olivier Faure\u00a0: \u00ab\u00a0\u00c0 force de vouloir coller un filtre sur la r\u00e9alit\u00e9, on finit toujours par dire n\u2019importe quoi pour tenter de discr\u00e9diter par analogie tout ce qui n\u2019est pas LFI,\u00a0\u00bb lui a-t-il r\u00e9pondu. \u00ab\u00a0La r\u00e9alit\u00e9 est que Jeannette Jara est communiste, ce qui n\u2019en fait pas une candidate de centre gauche. Et le pr\u00e9sident Boric dont elle fut la ministre est celui qui a augment\u00e9 le salaire minimum, r\u00e9duit le temps de travail \u00e0 40\u00a0heures, fait adopter une retraite par r\u00e9partition.\u00a0\u00bb<\/p>\n<p class=\"asset asset-text\">M\u00eame col\u00e8re de la part de l\u2019ancienne d\u00e9put\u00e9e insoumise et franco-chilienne Raquel Garrido : \u00ab\u00a0Si vous d\u00e9testez l\u2019unit\u00e9 au point de n\u2019utiliser votre \u00e9nergie principalement que contre la gauche, c\u2019est que vous n\u2019avez rien compris au Chili, \u00e0 ses combats, \u00e0 ses blessures\u00a0\u00bb, s\u2019agace-t-elle. \u00ab\u00a0Pour l\u2019instant votre bilan personnel ne vous autorise pas \u00e0 autant de condescendance. Perdre une pr\u00e9sidentielle 60%-40% est une perspective que nous cherchons \u00e9galement \u00e0 \u00e9viter en France&#8230;\u00a0\u00bb, a-t-elle ajout\u00e9, dans une r\u00e9f\u00e9rence \u00e0 peine voil\u00e9e aux sondages qui <a href=\"https:\/\/www.huffingtonpost.fr\/politique\/article\/melenchon-battu-par-bardella-en-2027-le-chef-de-file-des-insoumis-repond-fumisterie-a-ce-sondage-choc_257519.html\" target=\"_blank\" rel=\"noopener\">promettent \u00e0 Jean-Luc M\u00e9lenchon une lourde d\u00e9faite<\/a> en cas de duel face au RN en 2027.<\/p>\n<p>    La candidate communiste du camp progressiste    <\/p>\n<p class=\"asset asset-text\">Jeannette Jara est bien issue de l\u2019aile sociale-d\u00e9mocrate du Parti communiste, mais \u00e9tait la candidate de la coalition \u00ab\u00a0Unit\u00e9 pour le Chili\u00a0\u00bb, soit le camp progressiste qui rassemble tous les partis allant de la gauche au centre gauche. La militante a remport\u00e9 la primaire de son camp le 29\u00a0juin dernier, \u00e0 60\u00a0% des suffrages et est ainsi devenue la premi\u00e8re communiste \u00e0 repr\u00e9senter la gauche depuis le retour de la d\u00e9mocratie dans le pays.<\/p>\n<p class=\"asset asset-text\">Par ailleurs, si Olivier Faure souligne les avanc\u00e9es sociales r\u00e9alis\u00e9es par le pr\u00e9sident sortant de gauche Gabriel Boric, reste que ce dernier laisse un pays marqu\u00e9 par de tr\u00e8s fortes in\u00e9galit\u00e9s sociales et une croissante stagnante. Comme le rapporte Les \u00c9chos, quatre ans apr\u00e8s son \u00e9lection, 62\u00a0% de la population avait une opinion n\u00e9gative du pr\u00e9sident. Un pr\u00e9sident qui avait \u00e9t\u00e9, par ailleurs, soutenu par La France insoumise au moment de son \u00e9lection.<\/p>\n","protected":false},"excerpt":{"rendered":"ALAIN JOCARD \/ AFP La d\u00e9put\u00e9e insoumise Cl\u00e9mence guett\u00e9 et son coll\u00e8gue socialiste Olivier Faure n\u2019analysent pas le&hellip;\n","protected":false},"author":2,"featured_media":601219,"comment_status":"","ping_status":"","sticky":false,"template":"","format":"standard","meta":{"footnotes":""},"categories":[5],"tags":[11,40896,1076,1011,27,2383,14,12,316,28],"class_list":{"0":"post-601218","1":"post","2":"type-post","3":"status-publish","4":"format-standard","5":"has-post-thumbnail","7":"category-international","8":"tag-actualites","9":"tag-chili","10":"tag-extreme-droite","11":"tag-fr","12":"tag-france","13":"tag-gauche","14":"tag-international","15":"tag-news","16":"tag-politique","17":"tag-world"},"share_on_mastodon":{"url":"https:\/\/pubeurope.com\/@fr\/115724732372140946","error":""},"_links":{"self":[{"href":"https:\/\/www.europesays.com\/fr\/wp-json\/wp\/v2\/posts\/601218","targetHints":{"allow":["GET"]}}],"collection":[{"href":"https:\/\/www.europesays.com\/fr\/wp-json\/wp\/v2\/posts"}],"about":[{"href":"https:\/\/www.europesays.com\/fr\/wp-json\/wp\/v2\/types\/post"}],"author":[{"embeddable":true,"href":"https:\/\/www.europesays.com\/fr\/wp-json\/wp\/v2\/users\/2"}],"replies":[{"embeddable":true,"href":"https:\/\/www.europesays.com\/fr\/wp-json\/wp\/v2\/comments?post=601218"}],"version-history":[{"count":0,"href":"https:\/\/www.europesays.com\/fr\/wp-json\/wp\/v2\/posts\/601218\/revisions"}],"wp:featuredmedia":[{"embeddable":true,"href":"https:\/\/www.europesays.com\/fr\/wp-json\/wp\/v2\/media\/601219"}],"wp:attachment":[{"href":"https:\/\/www.europesays.com\/fr\/wp-json\/wp\/v2\/media?parent=601218"}],"wp:term":[{"taxonomy":"category","embeddable":true,"href":"https:\/\/www.europesays.com\/fr\/wp-json\/wp\/v2\/categories?post=601218"},{"taxonomy":"post_tag","embeddable":true,"href":"https:\/\/www.europesays.com\/fr\/wp-json\/wp\/v2\/tags?post=601218"}],"curies":[{"name":"wp","href":"https:\/\/api.w.org\/{rel}","templated":true}]}}