{"id":601222,"date":"2025-12-15T17:21:20","date_gmt":"2025-12-15T17:21:20","guid":{"rendered":"https:\/\/www.europesays.com\/fr\/601222\/"},"modified":"2025-12-15T17:21:20","modified_gmt":"2025-12-15T17:21:20","slug":"budget-2026-le-senat-aggrave-la-copie-liberation","status":"publish","type":"post","link":"https:\/\/www.europesays.com\/fr\/601222\/","title":{"rendered":"Budget 2026 : le S\u00e9nat aggrave la copie &#8211; Lib\u00e9ration"},"content":{"rendered":"<ol>\n<li><a href=\"https:\/\/news.google.com\/rss\/articles\/CBMi1gFBVV95cUxNdDNZM25HSHdaLUZaTmgyZi1EMlAwT3FfcjJrYzVaQjVySk9qbTE1eTBYUzhuQ0N6UTY0Q2NhRkNMQ3QxeTBPQkNsM0NlaWFKNjhvMkpTSGgtR3dpc29GclZDS2kwc01BMGVuMzhuZmo0cUNMZ3lvWnFNZkJLX01DZ3pPaEdIWHRZYklTM3NQdFBoYmtGMW9oNWpQRXlEVDJ3NVFHeEZDQ1NmR2x1SW5mZFZJZDlCRnVQeUs3TGdWV2ZCYVJIQVNzWkcySDNic1l5UmcxTUp3?oc=5\" target=\"_blank\" rel=\"noopener\">Budget 2026 : le S\u00e9nat aggrave la copie<\/a>&nbsp;&nbsp;Lib\u00e9ration<\/li>\n<li><a href=\"https:\/\/news.google.com\/rss\/articles\/CBMi0gFBVV95cUxONUU2UlJPaGwzTXlHZl9STHh0SVlLTm00UjB3Y1dvSHI2QkdKOUxIa1dWd3RCOFR4c3EzZlMzMkNxSXFjckItWnRHOXlJdThuTlpleGw5NzhyRVo1bFdkN0VrS3BuaUFHMVpabFVNUWczY19Qcm9YdHh6N1lnbGtTZU44TnRsZlJqaW4yOEJnMTZpUi1NN1ozY0lKbU1IOXpoRWprcGozQkU1eDVEd2E2cVpxUDg2TDJMMjl5ejc4NXhhdGhrTnh5Q2d1UFBGT0xxOVE?oc=5\" target=\"_blank\" rel=\"noopener\">Un budget \u00e0 5,3% de d\u00e9ficit : \u00ab Houston, we have a problem ! \u00bb, alerte Roland Lescure devant le S\u00e9nat<\/a>&nbsp;&nbsp;Public S\u00e9nat<\/li>\n<li><a href=\"https:\/\/news.google.com\/rss\/articles\/CBMi5wFBVV95cUxPNWZ0N2JmdFpOd0hISGFtZVUxaVBUN20zeml0VUFVOWdYTGNXNkNpbzFpMkFKX3lKNHl5dmtMOFA3NEY4cGtRcW9CbXF3NXJTLXhWbUFHWjBkVEJvWWdQV0FzZC1ZTmt3cGFMUHRDMkhEcEsyS3l1bnQ4clVHdUs2U1NSRVlxem4xc2Nfcm8tNDBnWk4xRTdNV20xeUxqcElNcVZZU0xnNVJZNzBna0V4eHkwb3hLbExzWjI5ck9kb2RMcmVicVMwQzc0Q2NTaHYwTGw5UEEwRHRtWnJVNXBWRVFCR2FDOEU?oc=5\" target=\"_blank\" rel=\"noopener\">Un d\u00e9ficit \u00ab inacceptable \u00bb : l&rsquo;avertissement de Bercy apr\u00e8s l&rsquo;adoption au S\u00e9nat du budget 2026<\/a>&nbsp;&nbsp;Les Echos<\/li>\n<li><a href=\"https:\/\/news.google.com\/rss\/articles\/CBMi1gFBVV95cUxPQmtGQ3o1NExDRjFjNm1kV3JlaWZuVlFfMm1ZQmRBVWpnZ19WR0ZZblFldnp3Z0UwV3VmSWZWd0JUWXdTWXNlTlZfZzhjbzh6WGw5ekhfR0dkUFdqOTdGNFE5ZEtJVG1RSDVBQ3RmbzVMelAzd1hGZ3ZzNlRjYW5xc29pbEY3UXlvYmVXR3Q0NjhxYXFjTlluSHJkaFotTXFORjN2dDNwTTRicnVJRVNRS1pNSUlKaElDNDhscXZIcnZTQVhWQ2hoaFdXNDhUdWllV1VpRTNn?oc=5\" target=\"_blank\" rel=\"noopener\">\u00c9lisabeth Borne : \u00ab On ne doit pas se priver du 49.3 sur le budget \u00bb<\/a>&nbsp;&nbsp;Le Parisien<\/li>\n<li><a href=\"https:\/\/news.google.com\/rss\/articles\/CBMi4gFBVV95cUxPcEc1TTFjMzFfeUhzR0ZKaFJNNFIwNW9qNEVvU3pnd0tMZTkwd212UFNKT0JENU5PZVNJLXlZeDdZZGpNZk1CNDFxRXd0bWFhWFdpNkFKRVRwaFdHNjFWRGJkNkE1a0JMMEM5VDhHVjRPa3N1bklGS2JNRVhYalVuWkpteWxvOFZiMVZRbEVRNVdTdGpGdHhtTFlhOW0wMTY3LVV0SFdWc0lFODFIT3E1ZGpqRy1IOGxQUXY1YTUtTk1pZEF0alJsWWZkX1lmSmEwbjFmYmowVVVlZmY2TDgxVGJ3?oc=5\" target=\"_blank\" rel=\"noopener\">\u00abSans budget, l\u2019\u00c9tat ferait des \u00e9conomies mais l\u2019\u00e9conomie s\u2019effondrerait\u00bb : la mise en garde de Benjamin Morel<\/a>&nbsp;&nbsp;Le Figaro<\/li>\n<\/ol>\n","protected":false},"excerpt":{"rendered":"Budget 2026 : le S\u00e9nat aggrave la copie&nbsp;&nbsp;Lib\u00e9ration Un budget \u00e0 5,3% de d\u00e9ficit : \u00ab Houston, we&hellip;\n","protected":false},"author":2,"featured_media":601223,"comment_status":"","ping_status":"","sticky":false,"template":"","format":"standard","meta":{"footnotes":""},"categories":[2],"tags":[11,25548,1011,27,12,1004],"class_list":{"0":"post-601222","1":"post","2":"type-post","3":"status-publish","4":"format-standard","5":"has-post-thumbnail","7":"category-actualites","8":"tag-actualites","9":"tag-budget-public","10":"tag-fr","11":"tag-france","12":"tag-news","13":"tag-senat"},"share_on_mastodon":{"url":"https:\/\/pubeurope.com\/@fr\/115724739182824305","error":""},"_links":{"self":[{"href":"https:\/\/www.europesays.com\/fr\/wp-json\/wp\/v2\/posts\/601222","targetHints":{"allow":["GET"]}}],"collection":[{"href":"https:\/\/www.europesays.com\/fr\/wp-json\/wp\/v2\/posts"}],"about":[{"href":"https:\/\/www.europesays.com\/fr\/wp-json\/wp\/v2\/types\/post"}],"author":[{"embeddable":true,"href":"https:\/\/www.europesays.com\/fr\/wp-json\/wp\/v2\/users\/2"}],"replies":[{"embeddable":true,"href":"https:\/\/www.europesays.com\/fr\/wp-json\/wp\/v2\/comments?post=601222"}],"version-history":[{"count":0,"href":"https:\/\/www.europesays.com\/fr\/wp-json\/wp\/v2\/posts\/601222\/revisions"}],"wp:featuredmedia":[{"embeddable":true,"href":"https:\/\/www.europesays.com\/fr\/wp-json\/wp\/v2\/media\/601223"}],"wp:attachment":[{"href":"https:\/\/www.europesays.com\/fr\/wp-json\/wp\/v2\/media?parent=601222"}],"wp:term":[{"taxonomy":"category","embeddable":true,"href":"https:\/\/www.europesays.com\/fr\/wp-json\/wp\/v2\/categories?post=601222"},{"taxonomy":"post_tag","embeddable":true,"href":"https:\/\/www.europesays.com\/fr\/wp-json\/wp\/v2\/tags?post=601222"}],"curies":[{"name":"wp","href":"https:\/\/api.w.org\/{rel}","templated":true}]}}