{"id":601224,"date":"2025-12-15T17:22:16","date_gmt":"2025-12-15T17:22:16","guid":{"rendered":"https:\/\/www.europesays.com\/fr\/601224\/"},"modified":"2025-12-15T17:22:16","modified_gmt":"2025-12-15T17:22:16","slug":"saint-etienne-la-ricane-propose-un-tremplin-pour-les-talents-en-devenir","status":"publish","type":"post","link":"https:\/\/www.europesays.com\/fr\/601224\/","title":{"rendered":"Saint-\u00c9tienne. La Ricane propose un tremplin pour les talents en devenir"},"content":{"rendered":"<p class=\"insetTitle\">Un nouveau virage pour le caf\u00e9-th\u00e9\u00e2tre<\/p>\n<p>Depuis le d\u00e9but de la saison, un nouveau ticket est aux manettes de La Ricane. Mich\u00e8le Hirsch, directrice depuis 2019 du caf\u00e9-th\u00e9\u00e2tre, est d\u00e9sormais accompagn\u00e9e par Alexandra Custodio Ribeiro. Cette derni\u00e8re apporte son r\u00e9seau et de nouvelles id\u00e9es pour d\u00e9velopper d\u2019autres opportunit\u00e9s. \u00ab\u00a0C\u2019est une nouvelle aventure et une nouvelle dynamique qui s\u2019ouvre pour La Ricane\u00a0\u00bb, se r\u00e9jouit Mich\u00e8le Hirsch.<\/p>\n<p>Cette dynamique se traduit par le lancement de \u00ab\u00a0Graines de talent\u00a0\u00bb, et prochainement par l\u2019ouverture \u00e0 des acteurs locaux, notamment les entreprises. Alexandra Custodio Ribeiro souhaite \u00e9galement donner une dimension internationale \u00e0 La Ricane, en favorisant les \u00e9changes avec des artistes \u00e9trangers.<\/p>\n<p>Mais la vocation premi\u00e8re de la salle, \u00ab\u00a0le QG du rire \u00e0 Saint-Etienne\u00a0\u00bb, ne varie pas, avec de nombreux spectacles propos\u00e9s. \u00c0 commencer par du cabaret en cette fin d\u2019ann\u00e9e, et un spectacle tout public le soir du r\u00e9veillon de la Saint-Sylvestre. Com\u00e9die, spectacles gaga, impro, Comedy club, ou encore spectacles pour enfants \u00e0 partir de 4 ans composent sp\u00e9cialement la programmation, \u00e0 laquelle l\u2019\u00e9quipe ajoute cette ann\u00e9e la musique, avec des chanteurs de la r\u00e9gion.<\/p>\n<p>Aussi, le caf\u00e9-th\u00e9\u00e2tre dispose d\u2019un nouveau site internet, pour vraiment amorcer ce nouveau virage.<\/p>\n","protected":false},"excerpt":{"rendered":"Un nouveau virage pour le caf\u00e9-th\u00e9\u00e2tre Depuis le d\u00e9but de la saison, un nouveau ticket est aux manettes&hellip;\n","protected":false},"author":2,"featured_media":601225,"comment_status":"","ping_status":"","sticky":false,"template":"","format":"standard","meta":{"footnotes":""},"categories":[9653],"tags":[1111,11,2430,1687,7539,1777,674,1011,27,12,25,4001,7538,3140],"class_list":{"0":"post-601224","1":"post","2":"type-post","3":"status-publish","4":"format-standard","5":"has-post-thumbnail","7":"category-saint-etienne","8":"tag-actu","9":"tag-actualites","10":"tag-auvergne-rhone-alpes","11":"tag-culture-loisirs","12":"tag-edition-loire-sud","13":"tag-eu","14":"tag-europe","15":"tag-fr","16":"tag-france","17":"tag-news","18":"tag-republique-francaise","19":"tag-saint-etienne","20":"tag-saint-etienne-ville","21":"tag-spectacle"},"share_on_mastodon":{"url":"https:\/\/pubeurope.com\/@fr\/115724743431387647","error":""},"_links":{"self":[{"href":"https:\/\/www.europesays.com\/fr\/wp-json\/wp\/v2\/posts\/601224","targetHints":{"allow":["GET"]}}],"collection":[{"href":"https:\/\/www.europesays.com\/fr\/wp-json\/wp\/v2\/posts"}],"about":[{"href":"https:\/\/www.europesays.com\/fr\/wp-json\/wp\/v2\/types\/post"}],"author":[{"embeddable":true,"href":"https:\/\/www.europesays.com\/fr\/wp-json\/wp\/v2\/users\/2"}],"replies":[{"embeddable":true,"href":"https:\/\/www.europesays.com\/fr\/wp-json\/wp\/v2\/comments?post=601224"}],"version-history":[{"count":0,"href":"https:\/\/www.europesays.com\/fr\/wp-json\/wp\/v2\/posts\/601224\/revisions"}],"wp:featuredmedia":[{"embeddable":true,"href":"https:\/\/www.europesays.com\/fr\/wp-json\/wp\/v2\/media\/601225"}],"wp:attachment":[{"href":"https:\/\/www.europesays.com\/fr\/wp-json\/wp\/v2\/media?parent=601224"}],"wp:term":[{"taxonomy":"category","embeddable":true,"href":"https:\/\/www.europesays.com\/fr\/wp-json\/wp\/v2\/categories?post=601224"},{"taxonomy":"post_tag","embeddable":true,"href":"https:\/\/www.europesays.com\/fr\/wp-json\/wp\/v2\/tags?post=601224"}],"curies":[{"name":"wp","href":"https:\/\/api.w.org\/{rel}","templated":true}]}}