{"id":601226,"date":"2025-12-15T17:23:20","date_gmt":"2025-12-15T17:23:20","guid":{"rendered":"https:\/\/www.europesays.com\/fr\/601226\/"},"modified":"2025-12-15T17:23:20","modified_gmt":"2025-12-15T17:23:20","slug":"johnny-hallyday-sa-maison-speciale-a-saint-etienne","status":"publish","type":"post","link":"https:\/\/www.europesays.com\/fr\/601226\/","title":{"rendered":"Johnny Hallyday, sa maison sp\u00e9ciale \u00e0 Saint-\u00c9tienne"},"content":{"rendered":"<p>Lorsqu\u2019il s\u2019installe \u00e0 Saint-\u00c9tienne en 2009 pour pr\u00e9parer son<br \/>\nTour 66, Johnny Hallyday ne cherche ni le clinquant ni l\u2019agitation.<br \/>\nPendant 21 jours, le chanteur trouve refuge dans un lieu pens\u00e9 pour<br \/>\nlui offrir exactement ce qu\u2019il recherche alors : le calme, la<br \/>\ndiscr\u00e9tion et une sensation de maison, loin des projecteurs. Ce<br \/>\nlieu, c\u2019est une suite de 140 m\u00b2 am\u00e9nag\u00e9e sur mesure \u00e0 l\u2019H\u00f4tel du<br \/>\nGolf, aux portes de la ville. Plus qu\u2019un simple pied-\u00e0-terre,<br \/>\nl\u2019endroit devient rapidement un espace de vie \u00e0 part enti\u00e8re, que<br \/>\nJohnny investira pleinement\u2026 au point d\u2019y revenir plusieurs fois<br \/>\npar la suite.<\/p>\n<p>Johnny Hallyday : une suite pens\u00e9e comme une vraie maison<\/p>\n<p data-start=\"1057\" data-end=\"1470\">D\u00e8s son arriv\u00e9e, tout est fait<br \/>\npour que <a href=\"https:\/\/www.lejournaldelamaison.fr\/le-journal-de-la-maison\/reportages-maisons\/maisons-reportages-maisons\/johnny-hallyday-madonna-aurait-aime-me-rencontrer-a-gstaad-ce-que-devient-son-mythique-chalet-en-bois-perche-dans-les-hauteurs-suisses-529379.html\" target=\"_blank\" rel=\"noopener\"><br \/>\nJohnny Hallyday<\/a> se sente chez lui indique France Bleu.<br \/>\nLa suite, enti\u00e8rement con\u00e7ue pour accueillir des artistes de<br \/>\npassage, se distingue par un <strong data-start=\"1222\" data-end=\"1254\">design sobre et contemporain<\/strong> : parquet brun fonc\u00e9,<br \/>\nmurs habill\u00e9s d\u2019un papier \u00e9pais imitation peau de crocodile, larges<br \/>\nsurfaces blanches, <strong data-start=\"1364\" data-end=\"1400\">cuisine et salle de bain \u00e9pur\u00e9es<\/strong>. Rien de tapageur,<br \/>\nmais une atmosph\u00e8re feutr\u00e9e, presque enveloppante.<\/p>\n<p data-start=\"1472\" data-end=\"1953\">L\u2019objectif est clair : cr\u00e9er<br \/>\nun <strong data-start=\"1504\" data-end=\"1537\">cocon fonctionnel et<br \/>\napaisant<\/strong>, capable d\u2019accueillir le chanteur sur la dur\u00e9e.<br \/>\nLa suite compte <strong data-start=\"1602\" data-end=\"1619\">cinq<br \/>\nchambres<\/strong> au total. Une pour Johnny, une pour ses enfants<br \/>\nlorsqu\u2019ils lui rendent visite, une autre destin\u00e9e \u00e0 un \u00e9ventuel<br \/>\ncollaborateur, et deux suppl\u00e9mentaires situ\u00e9es pr\u00e8s de l\u2019entr\u00e9e<br \/>\npour les agents de s\u00e9curit\u00e9. Un agencement pens\u00e9 pour concilier<br \/>\n<strong data-start=\"1860\" data-end=\"1913\">intimit\u00e9, vie de famille<br \/>\net exigences logistiques<\/strong>, sans jamais sacrifier la<br \/>\ntranquillit\u00e9.<\/p>\n<p>Johnny Hallyday : une maison<br \/>\nsimple, loin des strass et paillettes<\/p>\n<p data-start=\"2013\" data-end=\"2394\">Malgr\u00e9 son statut d\u2019ic\u00f4ne,<br \/>\n<a href=\"https:\/\/www.lejournaldelamaison.fr\/le-journal-de-la-maison\/reportages-maisons\/maisons-reportages-maisons\/johnny-hallyday-avait-nombreuses-soirees-paris-gstaad-plus-belles-maisons-rockeur-dans-monde-526272.html\" target=\"_blank\" rel=\"noopener\"><br \/>\nJohnny Hallyday<\/a> marque les \u00e9quipes par sa <strong data-start=\"2082\" data-end=\"2096\">simplicit\u00e9<\/strong>. Le souvenir est encore<br \/>\nvif pour ceux qui l\u2019ont c\u00f4toy\u00e9. \u00ab\u00a0Tr\u00e8s simple, il voulait un espace<br \/>\no\u00f9 il pouvait se retrouver seul, tranquille, \u00e0 l\u00a0\u00bb\u00e9cart du cadre<br \/>\nm\u00e9diatique.\u00a0\u00bb confie Christian Masson le directeur de l&rsquo;h\u00f4tel \u00e0<br \/>\nl&rsquo;\u00e9poque, selon France Bleu. Il serre les mains, \u00e9change<br \/>\navec le personnel, s\u2019installe volontiers dans les espaces communs.<br \/>\nLoin des exigences parfois associ\u00e9es aux grandes stars, il<br \/>\nrecherche avant tout un <strong data-start=\"2331\" data-end=\"2359\">lieu o\u00f9 il peut se poser<\/strong>, se concentrer, vivre<br \/>\nnormalement.<\/p>\n<p data-start=\"2396\" data-end=\"2703\">Un soir, dans un salon de<br \/>\nl\u2019\u00e9tablissement, l\u2019instant devient m\u00eame suspendu : assis avec<br \/>\nquelques membres de l\u2019\u00e9quipe, Johnny se met \u00e0 <strong data-start=\"2530\" data-end=\"2554\">chanter spontan\u00e9ment<\/strong>, sans sc\u00e8ne ni<br \/>\npublic, juste pour le plaisir du moment : \u00ab\u00a0Je me rappelle d&rsquo;une<br \/>\nsoir\u00e9e dans le salon du bas, on \u00e9tait tous assis et il s&rsquo;est mis \u00e0<br \/>\nnous chanter quelque chose en direct, que pour nous. Des choses<br \/>\ncomme \u00e7a, on ne les voit pas deux fois !\u00a0\u00bb se souvient Mirzza,<br \/>\nresponsable de la s\u00e9curit\u00e9 et de l&rsquo;entretien . Un souvenir rare,<br \/>\npresque intime, qui r\u00e9sume bien l\u2019atmosph\u00e8re de ces semaines<br \/>\nst\u00e9phanoises.<\/p>\n<blockquote class=\"instagram-media\" style=\"background: #ffffff;border: 0;margin: 1px;width: 100%;padding: 0;max-width: 500px;\" data-instgrm-permalink=\"https:\/\/www.instagram.com\/p\/DPL0bHEDDJU\/\" data-instgrm-version=\"14\"\/>\n<p data-start=\"2396\" data-end=\"2703\"><a href=\"https:\/\/www.europesays.com\/fr\/wp-content\/uploads\/2025\/12\/hotel-du-golf-suite-johnny-29.jpg\"><br \/>\n<img loading=\"lazy\" decoding=\"async\" itemprop=\"thumbnailUrl\" class=\"alignnone size-large wp-image-530584 img-responsive pinit-here\" src=\"https:\/\/www.europesays.com\/fr\/wp-content\/uploads\/2025\/12\/hotel-du-golf-suite-johnny-29.jpg\" alt=\"\" width=\"800\" height=\"533\" data-pin-media=\"https:\/\/www.lejournaldelamaison.fr\/wp-content\/uploads\/sites\/8\/2025\/12\/hotel-du-golf-suite-johnny-29-736x490.jpg\"\/><\/a><\/p>\n<p data-start=\"2396\" data-end=\"2703\"><a href=\"https:\/\/www.europesays.com\/fr\/wp-content\/uploads\/2025\/12\/suite-zenith-hg-25.jpg\"><br \/>\n<img loading=\"lazy\" decoding=\"async\" class=\"alignnone size-full wp-image-530585 img-responsive pinit-here\" src=\"https:\/\/www.europesays.com\/fr\/wp-content\/uploads\/2025\/12\/suite-zenith-hg-25.jpg\" alt=\"\" width=\"800\" height=\"533\" data-pin-media=\"https:\/\/www.lejournaldelamaison.fr\/wp-content\/uploads\/sites\/8\/2025\/12\/suite-zenith-hg-25-736x490.jpg\"\/><\/a><br \/>\n\u00a9<br \/>\nDR<\/p>\n<p>Saint-\u00c9tienne, plus qu\u2019un h\u00f4tel : un point d\u2019ancrage pour Johnny<br \/>\nHallyday<\/p>\n<p data-start=\"2396\" data-end=\"2703\">Si <a href=\"https:\/\/www.lejournaldelamaison.fr\/le-journal-de-la-maison\/reportages-maisons\/maisons-bord-de-mer\/johnny-hallyday-villa-de-reve-saint-tropez-518611.html\" target=\"_blank\" rel=\"noopener\"><br \/>\nJohnny Hallyday<\/a> s\u2019est senti aussi \u00e0 l\u2019aise dans cette suite,<br \/>\nc\u2019est aussi parce que la ville elle-m\u00eame lui a plu. Saint-\u00c9tienne,<br \/>\nson rythme plus discret, son \u00e9loignement du tumulte m\u00e9diatique<br \/>\nparisien, lui offrent ce qu\u2019il recherche \u00e0 cette p\u00e9riode de sa vie<br \/>\n: un ancrage temporaire, mais sinc\u00e8re. Pour les \u00e9quipes de l\u2019h\u00f4tel,<br \/>\nle constat est sans appel : s\u2019il est revenu \u00e0 plusieurs reprises-<br \/>\npour des s\u00e9jours priv\u00e9s ou lors de son concert au Z\u00e9nith en 2015-<br \/>\nc\u2019est parce qu\u2019il avait trouv\u00e9 l\u00e0 <a href=\"https:\/\/www.lejournaldelamaison.fr\/le-journal-de-la-maison\/reportages-maisons\/maisons-reportages-maisons\/brigitte-bardot-donne-tempo-apres-monde-installer-region-montfort-lamaury-mere-maisons-stars-yvelines-530464.html\" target=\"_blank\" rel=\"noopener\"><br \/>\nune forme de maison.<\/a> Un lieu rassurant, familier, o\u00f9 il pouvait<br \/>\nrevenir sans avoir \u00e0 tout r\u00e9apprendre. Aujourd\u2019hui, il est toujours<br \/>\npossible de s\u00e9journer dans la suite Johnny Hallyday, <strong>au<br \/>\nsein de l\u2019H\u00f4tel du Golf \u00e0 Saint-\u00c9tienne,<\/strong> o\u00f9 le chanteur<br \/>\navait ses habitudes.<\/p>\n<p><script async src=\"\/\/www.instagram.com\/embed.js\"><\/script><\/p>\n","protected":false},"excerpt":{"rendered":"Lorsqu\u2019il s\u2019installe \u00e0 Saint-\u00c9tienne en 2009 pour pr\u00e9parer son Tour 66, Johnny Hallyday ne cherche ni le clinquant&hellip;\n","protected":false},"author":2,"featured_media":601227,"comment_status":"","ping_status":"","sticky":false,"template":"","format":"standard","meta":{"footnotes":""},"categories":[9653],"tags":[13041,1111,11,7733,6733,2430,3396,71382,17315,902,1805,3026,71383,12219,11753,1777,674,19229,1011,27,70997,3707,7093,2142,18257,12,15860,9854,2189,16132,25,2429,10649,3213,4001,23299,3711,12206],"class_list":{"0":"post-601226","1":"post","2":"type-post","3":"status-publish","4":"format-standard","5":"has-post-thumbnail","7":"category-saint-etienne","8":"tag-a","9":"tag-actu","10":"tag-actualites","11":"tag-alpes","12":"tag-auvergne","13":"tag-auvergne-rhone-alpes","14":"tag-avec","15":"tag-brun","16":"tag-crocodile","17":"tag-cuisine","18":"tag-de","19":"tag-en","20":"tag-epuree","21":"tag-et","22":"tag-etienne","23":"tag-eu","24":"tag-europe","25":"tag-fonce","26":"tag-fr","27":"tag-france","28":"tag-hallyday","29":"tag-il","30":"tag-johnny","31":"tag-maison","32":"tag-murs","33":"tag-news","34":"tag-parquet","35":"tag-peau","36":"tag-photos","37":"tag-refuge","38":"tag-republique-francaise","39":"tag-rhone","40":"tag-sa","41":"tag-saint","42":"tag-saint-etienne","43":"tag-secret","44":"tag-son","45":"tag-trouve"},"share_on_mastodon":{"url":"https:\/\/pubeurope.com\/@fr\/115724747730263804","error":""},"_links":{"self":[{"href":"https:\/\/www.europesays.com\/fr\/wp-json\/wp\/v2\/posts\/601226","targetHints":{"allow":["GET"]}}],"collection":[{"href":"https:\/\/www.europesays.com\/fr\/wp-json\/wp\/v2\/posts"}],"about":[{"href":"https:\/\/www.europesays.com\/fr\/wp-json\/wp\/v2\/types\/post"}],"author":[{"embeddable":true,"href":"https:\/\/www.europesays.com\/fr\/wp-json\/wp\/v2\/users\/2"}],"replies":[{"embeddable":true,"href":"https:\/\/www.europesays.com\/fr\/wp-json\/wp\/v2\/comments?post=601226"}],"version-history":[{"count":0,"href":"https:\/\/www.europesays.com\/fr\/wp-json\/wp\/v2\/posts\/601226\/revisions"}],"wp:featuredmedia":[{"embeddable":true,"href":"https:\/\/www.europesays.com\/fr\/wp-json\/wp\/v2\/media\/601227"}],"wp:attachment":[{"href":"https:\/\/www.europesays.com\/fr\/wp-json\/wp\/v2\/media?parent=601226"}],"wp:term":[{"taxonomy":"category","embeddable":true,"href":"https:\/\/www.europesays.com\/fr\/wp-json\/wp\/v2\/categories?post=601226"},{"taxonomy":"post_tag","embeddable":true,"href":"https:\/\/www.europesays.com\/fr\/wp-json\/wp\/v2\/tags?post=601226"}],"curies":[{"name":"wp","href":"https:\/\/api.w.org\/{rel}","templated":true}]}}