{"id":601241,"date":"2025-12-15T17:32:12","date_gmt":"2025-12-15T17:32:12","guid":{"rendered":"https:\/\/www.europesays.com\/fr\/601241\/"},"modified":"2025-12-15T17:32:12","modified_gmt":"2025-12-15T17:32:12","slug":"rouen-un-policier-ecroue-pour-agressions-sexuelles-sur-mineures","status":"publish","type":"post","link":"https:\/\/www.europesays.com\/fr\/601241\/","title":{"rendered":"Rouen\u00a0: un policier \u00e9crou\u00e9 pour agressions sexuelles sur mineures"},"content":{"rendered":"<p class=\"paragraph text_align_left lp-f-body-02\">Un major de police, adjoint au chef de la brigade des atteintes aux personnes <a href=\"https:\/\/www.leparisien.fr\/faits-divers\/rouen-un-homme-meurt-au-commissariat-quelques-heures-apres-son-interpellation-18-11-2024-VVBWQER2LRGJ3HKD2A2NOFSL7Y.php\" target=\"_blank\" rel=\"noreferrer noopener\">au commissariat de Rouen<\/a>, a \u00e9t\u00e9 mis en examen pour agressions sexuelles sur mineures et plac\u00e9 en d\u00e9tention provisoire, a annonc\u00e9 lundi le parquet d\u2019\u00c9vreux (Eure).<\/p>\n<p class=\"\">\u00c0 la suite de t\u00e9moignages de deux jeunes filles et \u00e0 la d\u00e9couverte d\u2019images p\u00e9dopornographiques sur son t\u00e9l\u00e9phone, le mis en cause, \u00e2g\u00e9 de 51 ans, a \u00e9t\u00e9 interpell\u00e9 par des enqu\u00eateurs de <a href=\"https:\/\/www.leparisien.fr\/societe\/violences-policieres-ligpn-ne-traite-quenviron-10-des-enquetes-penales-visant-des-policiers-revele-un-rapport-dune-ong-18-11-2025-D2U2PAP5MRC2PC3HC5ST6CTNNM.php\" target=\"_blank\" rel=\"noreferrer noopener\">l\u2019IGPN<\/a>, l\u2019Inspection g\u00e9n\u00e9rale de la police nationale, puis incarc\u00e9r\u00e9, a annonc\u00e9 dans un communiqu\u00e9 le procureur d\u2019\u00c9vreux R\u00e9mi Coutin.<\/p>\n<p class=\"\">Les deux victimes pr\u00e9sum\u00e9es \u00e9taient des amies de l\u2019une des filles du fonctionnaire mis en cause.<\/p>\n<p class=\"\">En juin 2024, une premi\u00e8re jeune fille \u00e2g\u00e9e de 17 ans, scolaris\u00e9e au <a href=\"https:\/\/www.leparisien.fr\/seine-maritime-76\/le-havre-premiere-ville-francaise-a-creer-un-pont-avec-venise-07-07-2025-GLWPO3NDA5C2XP5ACTSHSO4ELI.php\" target=\"_blank\" rel=\"noreferrer noopener\">Havre<\/a>, avait d\u2019abord d\u00e9nonc\u00e9 aupr\u00e8s de <a href=\"https:\/\/www.leparisien.fr\/politique\/les-enseignements-sont-les-memes-le-ministre-de-leducation-nationale-assume-la-scolarisation-de-ses-enfants-dans-le-prive-31-10-2025-LJDYKHMQYZHUZGGXTS4JGEVJV4.php\" target=\"_blank\" rel=\"noreferrer noopener\">l\u2019\u00c9ducation nationale<\/a> des agressions sexuelles dont elle aurait \u00e9t\u00e9 victime lors de vacances \u00e0 l\u2019\u00e9t\u00e9 2019, \u00e0 l\u2019\u00e2ge de 12 ans, \u00ab de la part d\u2019un ami de ses parents \u00bb, a expliqu\u00e9 le magistrat dans un communiqu\u00e9.<\/p>\n<p class=\"\">Le parquet g\u00e9n\u00e9ral de Rouen a d\u00e9cid\u00e9 de d\u00e9payser la proc\u00e9dure au parquet d\u2019\u00c9vreux et l\u2019IGPN a \u00e9t\u00e9 saisie dans le cadre d\u2019une enqu\u00eate pr\u00e9liminaire.<\/p>\n<p>Des images p\u00e9dopornographiques<\/p>\n<p class=\"\">En janvier 2025, une perquisition sur le lieu de travail et au domicile du policier ont conduit \u00e0 la d\u00e9couverte de \u00ab nombreuses images \u00e0 caract\u00e8re pornographique ou \u00e9rotique repr\u00e9sentant des mineurs ou des personnes pr\u00e9sent\u00e9es comme telles dans son t\u00e9l\u00e9phone portable \u00bb, a soulign\u00e9 R\u00e9mi Coutin. Les enqu\u00eateurs ont retrouv\u00e9 un disque dur \u00ab contenant un grand nombre de <a href=\"https:\/\/www.leparisien.fr\/seine-et-marne-77\/778-photos-et-videos-insoutenables-a-meaux-lamateur-dimages-pedopornographiques-peine-a-sexpliquer-24-11-2025-5GJ5QMHNTVH5DIFJE25XRTRO4A.php\" target=\"_blank\" rel=\"noreferrer noopener\">donn\u00e9es \u00e0 caract\u00e8re p\u00e9dopornographique<\/a> issues manifestement d\u2019une proc\u00e9dure judiciaire trait\u00e9e par le service auquel appartenait le mis en cause, dont la pr\u00e9sence sur ce support paraissait surprenante \u00bb, a encore relev\u00e9 le procureur.<\/p>\n<p class=\"\">En novembre 2025, une seconde jeune fille, \u00e2g\u00e9e de 13 ans, a d\u00e9nonc\u00e9 des faits d\u2019agressions sexuelles et de corruption de mineure \u00ab dont elle aurait \u00e9t\u00e9 victime de la part du m\u00eame fonctionnaire de police au cours des deux derni\u00e8res ann\u00e9es \u00bb, d\u2019apr\u00e8s le procureur. Comme la premi\u00e8re plaignante, en tant qu\u2019amie de l\u2019une des filles du mis en cause, \u00ab elle se rendait r\u00e9guli\u00e8rement au domicile de celui-ci \u00bb, a pr\u00e9cis\u00e9 le magistrat.<\/p>\n<p class=\"\">Le 8 d\u00e9cembre, le policier a \u00e9t\u00e9 interpell\u00e9 et plac\u00e9 en garde \u00e0 vue par les enqu\u00eateurs de l\u2019IGPN. Il a contest\u00e9 les actes rapport\u00e9s par la premi\u00e8re plaignante et admis une partie de ceux d\u00e9nonc\u00e9s par la seconde.<\/p>\n<p class=\"\">Une information judiciaire a \u00e9t\u00e9 ouverte notamment pour agressions sexuelles de mineures de moins de 15 ans et d\u00e9tournement de la finalit\u00e9 d\u2019un traitement de donn\u00e9es \u00e0 caract\u00e8re personnel.<\/p>\n","protected":false},"excerpt":{"rendered":"Un major de police, adjoint au chef de la brigade des atteintes aux personnes au commissariat de Rouen,&hellip;\n","protected":false},"author":2,"featured_media":8822,"comment_status":"","ping_status":"","sticky":false,"template":"","format":"standard","meta":{"footnotes":""},"categories":[9587],"tags":[1111,11,459,1777,674,118,1011,27,12,5161,25,9590,11074],"class_list":{"0":"post-601241","1":"post","2":"type-post","3":"status-publish","4":"format-standard","5":"has-post-thumbnail","7":"category-rouen","8":"tag-actu","9":"tag-actualites","10":"tag-departements-horsidfo","11":"tag-eu","12":"tag-europe","13":"tag-faits-divers","14":"tag-fr","15":"tag-france","16":"tag-news","17":"tag-normandie","18":"tag-republique-francaise","19":"tag-rouen","20":"tag-seine-maritime-76"},"share_on_mastodon":{"url":"https:\/\/pubeurope.com\/@fr\/115724782550222597","error":""},"_links":{"self":[{"href":"https:\/\/www.europesays.com\/fr\/wp-json\/wp\/v2\/posts\/601241","targetHints":{"allow":["GET"]}}],"collection":[{"href":"https:\/\/www.europesays.com\/fr\/wp-json\/wp\/v2\/posts"}],"about":[{"href":"https:\/\/www.europesays.com\/fr\/wp-json\/wp\/v2\/types\/post"}],"author":[{"embeddable":true,"href":"https:\/\/www.europesays.com\/fr\/wp-json\/wp\/v2\/users\/2"}],"replies":[{"embeddable":true,"href":"https:\/\/www.europesays.com\/fr\/wp-json\/wp\/v2\/comments?post=601241"}],"version-history":[{"count":0,"href":"https:\/\/www.europesays.com\/fr\/wp-json\/wp\/v2\/posts\/601241\/revisions"}],"wp:featuredmedia":[{"embeddable":true,"href":"https:\/\/www.europesays.com\/fr\/wp-json\/wp\/v2\/media\/8822"}],"wp:attachment":[{"href":"https:\/\/www.europesays.com\/fr\/wp-json\/wp\/v2\/media?parent=601241"}],"wp:term":[{"taxonomy":"category","embeddable":true,"href":"https:\/\/www.europesays.com\/fr\/wp-json\/wp\/v2\/categories?post=601241"},{"taxonomy":"post_tag","embeddable":true,"href":"https:\/\/www.europesays.com\/fr\/wp-json\/wp\/v2\/tags?post=601241"}],"curies":[{"name":"wp","href":"https:\/\/api.w.org\/{rel}","templated":true}]}}