{"id":601242,"date":"2025-12-15T17:33:25","date_gmt":"2025-12-15T17:33:25","guid":{"rendered":"https:\/\/www.europesays.com\/fr\/601242\/"},"modified":"2025-12-15T17:33:25","modified_gmt":"2025-12-15T17:33:25","slug":"cette-video-choc-montre-grenoble-en-mini-chicago-de-france","status":"publish","type":"post","link":"https:\/\/www.europesays.com\/fr\/601242\/","title":{"rendered":"cette vid\u00e9o choc montre Grenoble en \u00ab\u00a0mini Chicago de France\u00a0\u00bb"},"content":{"rendered":"<p>                    Par<br \/>\n        <strong><br \/>\n            <a href=\"https:\/\/actu.fr\/auteur\/lisa-rodrigues\" title=\"Consulter tous les articles de Lisa Rodrigues\" target=\"_blank\" rel=\"noopener\">Lisa Rodrigues<\/a><br \/>\n                    <\/strong><\/p>\n<p>        Publi\u00e9 le<\/p>\n<p>            15 d\u00e9c. 2025 \u00e0 17h52        <\/p>\n<p>Ce n\u2019est clairement pas la meilleure publicit\u00e9 pour la M\u00e9tropole de <a href=\"https:\/\/actu.fr\/grenoble\/\" target=\"_blank\" rel=\"noopener\">Grenoble<\/a>. Fin novembre, le <strong>YouTubeur allemand Lucky Luke 030<\/strong>, qui s\u2019est sp\u00e9cialis\u00e9 dans les vid\u00e9os embarqu\u00e9es dans les quartiers dits sensibles un peu partout dans le monde.\u00a0<\/p>\n<p class=\" wall-content\">Fin novembre donc, c\u2019est \u00e0 Grenoble que le <a href=\"https:\/\/www.youtube.com\/watch?v=Hzo5ue9D9S0&amp;rco=1\" target=\"_blank\" rel=\"noopener\">vid\u00e9aste a pos\u00e9 ses cam\u00e9ras<\/a>, et plus pr\u00e9cis\u00e9ment \u00e0 <a href=\"https:\/\/actu.fr\/auvergne-rhone-alpes\/echirolles_38151\" target=\"_blank\" rel=\"noopener\">\u00c9chirolles<\/a>. Les premi\u00e8res images donnent le ton : des individus presque tous masqu\u00e9s et arm\u00e9s, coups de feu tir\u00e9s en pleine rue, rod\u00e9os urbains\u2026<\/p>\n<p class=\" wall-content\">En trois semaines, la publication, titr\u00e9e comme \u00ab\u00a0Grenoble, le \u2018mini Chicago\u2019 de la France\u00a0\u00bb, a \u00e9t\u00e9 <strong>visionn\u00e9e pr\u00e8s de 250 000 fois<\/strong>.<\/p>\n<p>Des coups de feu tir\u00e9s en pleine rue face cam\u00e9ra<\/p>\n<p class=\" wall-content\">La premi\u00e8re partie de la vid\u00e9o, publi\u00e9e de jour, montre bien <a href=\"https:\/\/actu.fr\/auvergne-rhone-alpes\/saint-martin-d-heres_38421\/pres-de-grenoble-une-operation-xxl-menee-dans-ce-quartier-la-police-fait-de-grosses-decouvertes_63495719.html\" target=\"_blank\" rel=\"noopener\">la pr\u00e9sence polici\u00e8re<\/a> avec plusieurs voitures de la police nationale. Des agents viennent d\u2019ailleurs \u00e0 la rencontre du YouTubeur, de son cam\u00e9raman et de son fixeur pour leur demander de partir.<\/p>\n<p class=\" wall-content\">C\u2019est une fois la nuit tomb\u00e9e qu\u2019on voit les premiers points de deal. L\u2019un est m\u00eame clairement identifi\u00e9 au 6 all\u00e9e de Saintonge, avec tout ce qu\u2019il faut pour patienter en attendant les clients.<\/p>\n<p>    <a href=\"https:\/\/www.google.com\/maps\/embed?pb=!1m18!1m12!1m3!1d2813.415384362583!2d5.71401007592107!3d45.15843775378828!2m3!1f0!2f0!3f0!3m2!1i1024!2i768!4f13.1!3m3!1m2!1s0x478af4b292464e87%3A0x980592e39a0e579d!2sAll.%20de%20Saintonge%2C%2038130%20%C3%89chirolles!5e0!3m2!1sfr!2sfr!4v1765816350580!5m2!1sfr!2sfr\" title=\"Ouvrie le lien\" target=\"_blank\" rel=\"noopener\">Cliquez ici pour visualiser le contenu<\/a><\/p>\n<p class=\" wall-content\">Produits stup\u00e9fiants, <a href=\"https:\/\/actu.fr\/auvergne-rhone-alpes\/four_38172\/isere-les-habitants-de-cette-commune-recoivent-une-pub-etrange-ils-etaient-choques_62601055.html\" target=\"_blank\" rel=\"noopener\">\u00ab\u00a0menus\u00a0\u00bb affich\u00e9s<\/a> avec prix, t\u00e9moignages avec voix trafiqu\u00e9es \u2013 sauf pour un individu qui avoue m\u00eame avoir \u00ab\u00a0interdiction de para\u00eetre\u00a0\u00bb \u00e0 \u00c9chirolles \u2013, trottinettes d\u00e9brid\u00e9es\u2026 Et <strong>diverses armes charg\u00e9es<\/strong> sont pr\u00e9sent\u00e9es \u00e0 la cam\u00e9ra et \u00e0 Lucky Luke 030.<\/p>\n<p>Votre r\u00e9gion, votre actu !<\/p>\n<p>Recevez chaque jour les infos qui comptent pour vous.<\/p>\n<p>\t<a href=\"https:\/\/actu.fr\/newsletter\" class=\"ac-btn ac-btn--corner ac-btn--medium ac-btn--blue800\" target=\"_blank\" rel=\"noopener\">S&rsquo;incrire<\/a><\/p>\n<p>    <img   decoding=\"async\" loading=\"lazy\" src=\"https:\/\/www.europesays.com\/fr\/wp-content\/uploads\/2025\/12\/lucky-luke-030-grenoble-flingues-960x640.png\" alt=\"Un YouTubeur allemand a publi\u00e9 une vid\u00e9o en immersion dans les quartiers sensibles de Grenoble : points de deal, armes, rod\u00e9os... Rien n'est occult\u00e9.\" width=\"960\" height=\"640\"\/><br \/>\n    Un YouTubeur allemand a publi\u00e9 une vid\u00e9o en immersion dans les quartiers sensibles de Grenoble : points de deal, armes, rod\u00e9os\u2026 Rien n\u2019est occult\u00e9. (\u00a9Capture vid\u00e9o Lucky L 030)<\/p>\n<p class=\" wall-content\">Une intrusion dans un appartement inoccup\u00e9 est \u00e9galement montr\u00e9e. On y voit plusieurs vitres cass\u00e9es, ainsi que des impacts de balles.<\/p>\n<p>Une enqu\u00eate ouverte<\/p>\n<p class=\" wall-content\">Le YouTubeur n\u2019en est pas \u00e0 sa premi\u00e8re incursion dans un quartier \u00ab\u00a0sensible\u00a0\u00bb en France. Il y a quelques mois, il a publi\u00e9 une vid\u00e9o du m\u00eame type <a href=\"https:\/\/actu.fr\/occitanie\/nimes_30189\/nimes-une-video-polemique-tournee-dans-un-quartier-sensible-la-ville-envisage-de-deposer-plainte_62631021.html\" target=\"_blank\" rel=\"noopener\">\u00e0 N\u00eemes<\/a> \u2013 qui a \u00e9t\u00e9 retir\u00e9 depuis \u2013 ou \u00e0 <a href=\"https:\/\/actu.fr\/occitanie\/montpellier_34172\/montpellier-video-plongee-spectaculaire-d-un-youtubeur-dans-les-points-de-deal-de-la-cite-gely_62309226.html\" target=\"_blank\" rel=\"noopener\">Montpellier<\/a>.<\/p>\n<p class=\" wall-content\">Concernant la vid\u00e9o de Grenoble, la Direction interd\u00e9partementale de la police nationale de l\u2019Is\u00e8re, contact\u00e9e par la r\u00e9daction, confirme avoir connaissance de ces images et indique qu\u2019une enqu\u00eate a \u00e9t\u00e9 ouverte.\u00a0<\/p>\n<p class=\" wall-content\">Personnalisez votre actualit\u00e9 en ajoutant vos villes et m\u00e9dias en favori avec <a href=\"https:\/\/moncompte.actu.fr\" title=\"D\u00e9couvez Mon Actu\" rel=\"nofollow noopener\" data-trk=\"{&quot;cta&quot;:{&quot;action&quot;:&quot;https:\\\/\\\/moncompte.actu.fr&quot;,&quot;category&quot;:&quot;mon compte&quot;,&quot;from&quot;:&quot;article footer&quot;,&quot;name&quot;:&quot;Mon actu&quot;,&quot;type&quot;:&quot;cta&quot;}}\" target=\"_blank\">Mon Actu<\/a>.<\/p>\n","protected":false},"excerpt":{"rendered":"Par Lisa Rodrigues Publi\u00e9 le 15 d\u00e9c. 2025 \u00e0 17h52 Ce n\u2019est clairement pas la meilleure publicit\u00e9 pour&hellip;\n","protected":false},"author":2,"featured_media":601243,"comment_status":"","ping_status":"","sticky":false,"template":"","format":"standard","meta":{"footnotes":""},"categories":[9566],"tags":[1111,11,2430,1052,1777,674,118,1011,27,2731,813,12,25,2784],"class_list":{"0":"post-601242","1":"post","2":"type-post","3":"status-publish","4":"format-standard","5":"has-post-thumbnail","7":"category-grenoble","8":"tag-actu","9":"tag-actualites","10":"tag-auvergne-rhone-alpes","11":"tag-drogue","12":"tag-eu","13":"tag-europe","14":"tag-faits-divers","15":"tag-fr","16":"tag-france","17":"tag-grenoble","18":"tag-narcotrafiquants","19":"tag-news","20":"tag-republique-francaise","21":"tag-youtube"},"share_on_mastodon":{"url":"https:\/\/pubeurope.com\/@fr\/115724787307031684","error":""},"_links":{"self":[{"href":"https:\/\/www.europesays.com\/fr\/wp-json\/wp\/v2\/posts\/601242","targetHints":{"allow":["GET"]}}],"collection":[{"href":"https:\/\/www.europesays.com\/fr\/wp-json\/wp\/v2\/posts"}],"about":[{"href":"https:\/\/www.europesays.com\/fr\/wp-json\/wp\/v2\/types\/post"}],"author":[{"embeddable":true,"href":"https:\/\/www.europesays.com\/fr\/wp-json\/wp\/v2\/users\/2"}],"replies":[{"embeddable":true,"href":"https:\/\/www.europesays.com\/fr\/wp-json\/wp\/v2\/comments?post=601242"}],"version-history":[{"count":0,"href":"https:\/\/www.europesays.com\/fr\/wp-json\/wp\/v2\/posts\/601242\/revisions"}],"wp:featuredmedia":[{"embeddable":true,"href":"https:\/\/www.europesays.com\/fr\/wp-json\/wp\/v2\/media\/601243"}],"wp:attachment":[{"href":"https:\/\/www.europesays.com\/fr\/wp-json\/wp\/v2\/media?parent=601242"}],"wp:term":[{"taxonomy":"category","embeddable":true,"href":"https:\/\/www.europesays.com\/fr\/wp-json\/wp\/v2\/categories?post=601242"},{"taxonomy":"post_tag","embeddable":true,"href":"https:\/\/www.europesays.com\/fr\/wp-json\/wp\/v2\/tags?post=601242"}],"curies":[{"name":"wp","href":"https:\/\/api.w.org\/{rel}","templated":true}]}}