{"id":601255,"date":"2025-12-15T17:40:15","date_gmt":"2025-12-15T17:40:15","guid":{"rendered":"https:\/\/www.europesays.com\/fr\/601255\/"},"modified":"2025-12-15T17:40:15","modified_gmt":"2025-12-15T17:40:15","slug":"le-barometre-de-la-lutte-pour-le-maintien-en-ligue-1","status":"publish","type":"post","link":"https:\/\/www.europesays.com\/fr\/601255\/","title":{"rendered":"le barom\u00e8tre de la lutte pour le maintien en Ligue 1"},"content":{"rendered":"<p>Il faudra attendre d\u00e9but janvier et la 17e\u00a0 journ\u00e9e pour tirer un bilan d\u00e9finitif de la phase aller. Mais \u00e0 quelques heures de la courte tr\u00eave hivernale \u2013 les \u00e9quipes de l\u2019\u00e9lite font leur entr\u00e9e en Coupe de France ce week-end \u2013, une tendance se d\u00e9gage en bas du classement de la Ligue\u00a01.<\/p>\n<p>En hausse<\/p>\n<p><strong>Lorient (12e, 18 pts)<\/strong>. Les Merlus, qui ont obtenu un bon point sur la pelouse de Strasbourg dimanche (0-0), restent sur une s\u00e9rie int\u00e9ressante de cinq matches sans d\u00e9faite (2 victoires, 3 nuls)\u00a0: de quoi de leur donner de l\u2019air au&#8230;<\/p>\n","protected":false},"excerpt":{"rendered":"Il faudra attendre d\u00e9but janvier et la 17e\u00a0 journ\u00e9e pour tirer un bilan d\u00e9finitif de la phase aller.&hellip;\n","protected":false},"author":2,"featured_media":601256,"comment_status":"","ping_status":"","sticky":false,"template":"","format":"standard","meta":{"footnotes":""},"categories":[2819],"tags":[1111,11,5598,1777,674,8113,107,1701,63,1011,27,7020,6212,6213,12,2401,882,25,517,1700],"class_list":{"0":"post-601255","1":"post","2":"type-post","3":"status-publish","4":"format-standard","5":"has-post-thumbnail","7":"category-nice","8":"tag-actu","9":"tag-actualites","10":"tag-edition-metz-et-agglomeration","11":"tag-eu","12":"tag-europe","13":"tag-fc-metz","14":"tag-fil-info","15":"tag-fil-info-sport","16":"tag-football","17":"tag-fr","18":"tag-france","19":"tag-ligue-1-football","20":"tag-metz","21":"tag-metz-ville-57b","22":"tag-news","23":"tag-nice","24":"tag-provence-alpes-cote-dazur","25":"tag-republique-francaise","26":"tag-sport","27":"tag-sport-lorrain"},"share_on_mastodon":{"url":"https:\/\/pubeurope.com\/@fr\/115724813850506833","error":""},"_links":{"self":[{"href":"https:\/\/www.europesays.com\/fr\/wp-json\/wp\/v2\/posts\/601255","targetHints":{"allow":["GET"]}}],"collection":[{"href":"https:\/\/www.europesays.com\/fr\/wp-json\/wp\/v2\/posts"}],"about":[{"href":"https:\/\/www.europesays.com\/fr\/wp-json\/wp\/v2\/types\/post"}],"author":[{"embeddable":true,"href":"https:\/\/www.europesays.com\/fr\/wp-json\/wp\/v2\/users\/2"}],"replies":[{"embeddable":true,"href":"https:\/\/www.europesays.com\/fr\/wp-json\/wp\/v2\/comments?post=601255"}],"version-history":[{"count":0,"href":"https:\/\/www.europesays.com\/fr\/wp-json\/wp\/v2\/posts\/601255\/revisions"}],"wp:featuredmedia":[{"embeddable":true,"href":"https:\/\/www.europesays.com\/fr\/wp-json\/wp\/v2\/media\/601256"}],"wp:attachment":[{"href":"https:\/\/www.europesays.com\/fr\/wp-json\/wp\/v2\/media?parent=601255"}],"wp:term":[{"taxonomy":"category","embeddable":true,"href":"https:\/\/www.europesays.com\/fr\/wp-json\/wp\/v2\/categories?post=601255"},{"taxonomy":"post_tag","embeddable":true,"href":"https:\/\/www.europesays.com\/fr\/wp-json\/wp\/v2\/tags?post=601255"}],"curies":[{"name":"wp","href":"https:\/\/api.w.org\/{rel}","templated":true}]}}