{"id":601257,"date":"2025-12-15T17:41:11","date_gmt":"2025-12-15T17:41:11","guid":{"rendered":"https:\/\/www.europesays.com\/fr\/601257\/"},"modified":"2025-12-15T17:41:11","modified_gmt":"2025-12-15T17:41:11","slug":"une-nouvelle-vie-en-preparation-pour-les-ateliers-normand","status":"publish","type":"post","link":"https:\/\/www.europesays.com\/fr\/601257\/","title":{"rendered":"Une nouvelle vie en pr\u00e9paration pour les Ateliers Normand"},"content":{"rendered":"<p>\u00ab\u00a0Au rez-de-chauss\u00e9e de la halle et de deux b\u00e2timents neufs, nous allons proposer 5 \u00e0 6 ateliers artisanaux, soit 1000 m2 divisibles, explique Julien Cardiet, responsable d&rsquo;op\u00e9ration \u00e0 Loire Oc\u00e9an D\u00e9veloppement (LOD), l&rsquo;am\u00e9nageur du site. Nous les louerons via notre filiale Novapole Immobilier autour de 120 \u20ac du m2 en moyenne, un prix comp\u00e9titif qui devrait permettre d&rsquo;accueillir des entreprises de l&rsquo;\u00e9conomie sociale et solidaire (ESS)\u00a0\u00bb. L&rsquo;am\u00e9nageur est en cours de discussion avec Les \u00c9cossolies pour cibler au mieux les besoins\u00a0: menuiserie, artisanat textile, c\u00e9ramique&#8230; Dans la halle, un caf\u00e9 restaurant ouvrira \u00e9galement ses portes, avec une offre de petite restauration le midi. \u00c0 l&rsquo;\u00e9tage enfin, sur un niveau plus mezzanine, 900 m2 de bureaux viendront compl\u00e9ter le programme.\u00a0<\/p>\n","protected":false},"excerpt":{"rendered":"\u00ab\u00a0Au rez-de-chauss\u00e9e de la halle et de deux b\u00e2timents neufs, nous allons proposer 5 \u00e0 6 ateliers artisanaux,&hellip;\n","protected":false},"author":2,"featured_media":601258,"comment_status":"","ping_status":"","sticky":false,"template":"","format":"standard","meta":{"footnotes":""},"categories":[2818],"tags":[1111,11,1777,674,1011,27,766,12,2636,25],"class_list":{"0":"post-601257","1":"post","2":"type-post","3":"status-publish","4":"format-standard","5":"has-post-thumbnail","7":"category-nantes","8":"tag-actu","9":"tag-actualites","10":"tag-eu","11":"tag-europe","12":"tag-fr","13":"tag-france","14":"tag-nantes","15":"tag-news","16":"tag-pays-de-la-loire","17":"tag-republique-francaise"},"share_on_mastodon":{"url":"https:\/\/pubeurope.com\/@fr\/115724817788627767","error":""},"_links":{"self":[{"href":"https:\/\/www.europesays.com\/fr\/wp-json\/wp\/v2\/posts\/601257","targetHints":{"allow":["GET"]}}],"collection":[{"href":"https:\/\/www.europesays.com\/fr\/wp-json\/wp\/v2\/posts"}],"about":[{"href":"https:\/\/www.europesays.com\/fr\/wp-json\/wp\/v2\/types\/post"}],"author":[{"embeddable":true,"href":"https:\/\/www.europesays.com\/fr\/wp-json\/wp\/v2\/users\/2"}],"replies":[{"embeddable":true,"href":"https:\/\/www.europesays.com\/fr\/wp-json\/wp\/v2\/comments?post=601257"}],"version-history":[{"count":0,"href":"https:\/\/www.europesays.com\/fr\/wp-json\/wp\/v2\/posts\/601257\/revisions"}],"wp:featuredmedia":[{"embeddable":true,"href":"https:\/\/www.europesays.com\/fr\/wp-json\/wp\/v2\/media\/601258"}],"wp:attachment":[{"href":"https:\/\/www.europesays.com\/fr\/wp-json\/wp\/v2\/media?parent=601257"}],"wp:term":[{"taxonomy":"category","embeddable":true,"href":"https:\/\/www.europesays.com\/fr\/wp-json\/wp\/v2\/categories?post=601257"},{"taxonomy":"post_tag","embeddable":true,"href":"https:\/\/www.europesays.com\/fr\/wp-json\/wp\/v2\/tags?post=601257"}],"curies":[{"name":"wp","href":"https:\/\/api.w.org\/{rel}","templated":true}]}}