{"id":601267,"date":"2025-12-15T17:46:15","date_gmt":"2025-12-15T17:46:15","guid":{"rendered":"https:\/\/www.europesays.com\/fr\/601267\/"},"modified":"2025-12-15T17:46:15","modified_gmt":"2025-12-15T17:46:15","slug":"municipales-2026-a-toulouse-adau-colau-ex-maire-de-barcelone-au-meeting-de-melenchon-et-piquemal","status":"publish","type":"post","link":"https:\/\/www.europesays.com\/fr\/601267\/","title":{"rendered":"Municipales 2026 \u00e0 Toulouse\u00a0: Adau Colau, ex-maire de Barcelone, au meeting de M\u00e9lenchon et Piquemal"},"content":{"rendered":"<p>\n                                                                    l&rsquo;essentiel<br \/>\n                                                                Ex-maire de Barcelone de 2015 \u00e0 2023, Ada Colau participera au meeting de soutien de Fran\u00e7ois Piquemal, \u00e0 Toulouse, le 22\u00a0f\u00e9vrier 2026, en pr\u00e9sence de Jean-Luc M\u00e9lenchon. Les Insoumis et leurs alli\u00e9s attendent 800 personnes salle Mermoz ce jour-l\u00e0.\n                            <\/p>\n<p>Le leader de la France insoumise, Jean-Luc M\u00e9lenchon, viendra soutenir Fran\u00e7ois Piquemal \u00e0 Toulouse le dimanche 22\u00a0f\u00e9vrier 2026 \u00e0 trois semaines du premier tour des \u00e9lections municipales. Et le plateau de ce qui se veut un temps fort de la campagne de la liste Demain Toulouse se compl\u00e8te petit \u00e0 petit. Fran\u00e7ois Piquemal annonce la venue d\u2019Ada Colau, l\u2019ex-maire de Barcelone de 2015 \u00e0 2023.<\/p>\n<p>Le candidat Insoumis aux municipales, alli\u00e9 \u00e0 l\u2019Assembl\u00e9e des quartiers, au NPA et \u00e0 l\u2019association Tous pour Toulouse, se r\u00e9f\u00e8re r\u00e9guli\u00e8rement \u00e0 celle qui \u00e9tait \u00e0 la t\u00eate du mouvement \u00ab\u00a0Barcelone en commun\u00a0\u00bb. Elle \u00e9tait \u00e0 ses c\u00f4t\u00e9s lors du meeting organis\u00e9 Port Viguerie en mars\u00a02025 d\u00e9j\u00e0 dans le cadre des municipales. L\u2019ex-Toulousain Manuel Bompard, coordinateur de la France Insoumise, avait aussi pris la parole \u00e0 cette occasion.<\/p>\n<p>Un temps fort<\/p>\n<p>Avec la venue de Jean-Luc M\u00e9lenchon \u00e0 Toulouse, Fran\u00e7ois Piquemal, qui a rassembl\u00e9 500 personnes salle Barcelone pour son lancement de campagne mi-octobre, compte mobiliser. Les organisateurs ont pr\u00e9vu large en louant la salle Mermoz. Ils tablent sur la pr\u00e9sence de 800 personnes, ce qui ferait de ce meeting une d\u00e9monstration de force dans la comp\u00e9tition qui se joue avec la liste des socialistes, des \u00c9cologistes et de leurs alli\u00e9s.<\/p>\n<p>La derni\u00e8re venue de Jean-Luc M\u00e9lenchon dans la Ville rose remonte \u00e0 f\u00e9vrier\u00a02025. Il avait tenu une conf\u00e9rence \u00e0 l\u2019universit\u00e9 Jean-Jaur\u00e8s et pris part le lendemain aux Rencontres nationales des quartiers populaires, un \u00e9v\u00e9nement organis\u00e9 par LFI, aux c\u00f4t\u00e9s de Fran\u00e7ois Piquemal.<\/p>\n","protected":false},"excerpt":{"rendered":"l&rsquo;essentiel Ex-maire de Barcelone de 2015 \u00e0 2023, Ada Colau participera au meeting de soutien de Fran\u00e7ois Piquemal,&hellip;\n","protected":false},"author":2,"featured_media":601268,"comment_status":"","ping_status":"","sticky":false,"template":"","format":"standard","meta":{"footnotes":""},"categories":[2816],"tags":[1111,11,1777,674,1011,27,329,2722,3434,12,2680,316,25,2312,37919],"class_list":{"0":"post-601267","1":"post","2":"type-post","3":"status-publish","4":"format-standard","5":"has-post-thumbnail","7":"category-toulouse","8":"tag-actu","9":"tag-actualites","10":"tag-eu","11":"tag-europe","12":"tag-fr","13":"tag-france","14":"tag-france-monde","15":"tag-haute-garonne","16":"tag-municipales-2026","17":"tag-news","18":"tag-occitanie","19":"tag-politique","20":"tag-republique-francaise","21":"tag-toulouse","22":"tag-u00c9lections"},"share_on_mastodon":{"url":"https:\/\/pubeurope.com\/@fr\/115724837559448640","error":""},"_links":{"self":[{"href":"https:\/\/www.europesays.com\/fr\/wp-json\/wp\/v2\/posts\/601267","targetHints":{"allow":["GET"]}}],"collection":[{"href":"https:\/\/www.europesays.com\/fr\/wp-json\/wp\/v2\/posts"}],"about":[{"href":"https:\/\/www.europesays.com\/fr\/wp-json\/wp\/v2\/types\/post"}],"author":[{"embeddable":true,"href":"https:\/\/www.europesays.com\/fr\/wp-json\/wp\/v2\/users\/2"}],"replies":[{"embeddable":true,"href":"https:\/\/www.europesays.com\/fr\/wp-json\/wp\/v2\/comments?post=601267"}],"version-history":[{"count":0,"href":"https:\/\/www.europesays.com\/fr\/wp-json\/wp\/v2\/posts\/601267\/revisions"}],"wp:featuredmedia":[{"embeddable":true,"href":"https:\/\/www.europesays.com\/fr\/wp-json\/wp\/v2\/media\/601268"}],"wp:attachment":[{"href":"https:\/\/www.europesays.com\/fr\/wp-json\/wp\/v2\/media?parent=601267"}],"wp:term":[{"taxonomy":"category","embeddable":true,"href":"https:\/\/www.europesays.com\/fr\/wp-json\/wp\/v2\/categories?post=601267"},{"taxonomy":"post_tag","embeddable":true,"href":"https:\/\/www.europesays.com\/fr\/wp-json\/wp\/v2\/tags?post=601267"}],"curies":[{"name":"wp","href":"https:\/\/api.w.org\/{rel}","templated":true}]}}