{"id":601269,"date":"2025-12-15T17:47:12","date_gmt":"2025-12-15T17:47:12","guid":{"rendered":"https:\/\/www.europesays.com\/fr\/601269\/"},"modified":"2025-12-15T17:47:12","modified_gmt":"2025-12-15T17:47:12","slug":"lille-pain-du-pere-le-temple-du-pain-perdu-sale-et-sucre-ouvre-dans-le-centre-ville","status":"publish","type":"post","link":"https:\/\/www.europesays.com\/fr\/601269\/","title":{"rendered":"Lille. Pain du P\u00e8re, le temple du pain perdu sal\u00e9 et sucr\u00e9, ouvre dans le centre-ville"},"content":{"rendered":"<p>                    Par<br \/>\n        <strong><br \/>\n            <a href=\"https:\/\/actu.fr\/auteur\/hervine-mahaud\" title=\"Consulter tous les articles de Hervine Mahaud\" target=\"_blank\" rel=\"noopener\">Hervine Mahaud<\/a><br \/>\n                    <\/strong><\/p>\n<p>        Publi\u00e9 le<\/p>\n<p>            15 d\u00e9c. 2025 \u00e0 18h24        <\/p>\n<p>\u00c0 <a href=\"https:\/\/actu.fr\/lille\/\" target=\"_blank\" rel=\"noopener\">Lille<\/a>, un <b>nouveau restaurant<\/b> promet de bousculer les habitudes gourmandes. \u00c0 partir du mardi 16 d\u00e9cembre 2025, <b data-end=\"688\">Pain du P\u00e8re<\/b> ouvre ses portes au <b data-end=\"739\">6 rue des Ponts de Comines<\/b>, avec un concept aussi simple qu\u2019in\u00e9dit : du <b data-end=\"804\">pain perdu sal\u00e9<\/b>, d\u00e9clin\u00e9 en recettes g\u00e9n\u00e9reuses, cr\u00e9atives et r\u00e9solument r\u00e9confortantes. Derri\u00e8re ce projet, <b data-end=\"910\">Antoine<\/b>, 39 ans, ancien commer\u00e7ant, qui n\u2019imaginait pas qu\u2019un d\u00eener improvis\u00e9 pour ses cinq enfants allait changer sa trajectoire. \u00ab\u00a0Faire \u00e0 manger pour eux, c\u2019est toujours compliqu\u00e9, ils n\u2019aiment pas tous les m\u00eames choses. Et ce soir-l\u00e0, tout le monde s\u2019est r\u00e9gal\u00e9. C\u2019\u00e9tait une premi\u00e8re.\u00a0\u00bb<\/p>\n<p>Un resto de pain perdu sal\u00e9 ouvre \u00e0 Lille : l\u2019histoire savoureuse de Pain du P\u00e8re<\/p>\n<p data-end=\"1566\" class=\" wall-content\">Tout commence en janvier 2025, dans une cuisine familiale. Antoine pr\u00e9pare du pain perdu, mais d\u00e9cide d\u2019y glisser du jambon et du fromage. Le r\u00e9sultat fait l\u2019unanimit\u00e9. Intrigu\u00e9, il creuse l\u2019id\u00e9e, multiplie les essais, fouille le web. Le constat est clair : <b data-end=\"1565\">le pain perdu sal\u00e9 est quasi absent de l\u2019offre locale<\/b>.<\/p>\n<p data-end=\"1845\" class=\" wall-content\">Antoine peaufine alors ses recettes et sollicite des influenceurs food lillois, sans contrepartie, juste pour des avis sinc\u00e8res. \u00c0 chaque d\u00e9gustation, les retours sont \u00ab\u00a0dithyrambiques\u00a0\u00bb. Reste \u00e0 trouver un local. Mission compliqu\u00e9e \u00e0 Lille, o\u00f9 les loyers freinent plus d\u2019un projet.<\/p>\n<p data-end=\"2168\" class=\" wall-content\">Faute de point fixe, Antoine se lance autrement. En mars 2025, il investit dans un <b data-end=\"1992\">v\u00e9lo-cuisine<\/b> et sillonne Lille. Bistrot Saint-So, La Maillerie, Le Garage, Jardin \u00c9lectronique\u2026 Partout, le pain perdu sal\u00e9 s\u00e9duit.\u00a0 \u00c0 chaque fois, les gens \u00e9taient surpris\u2026 et conquis.\u00a0\u00bb<\/p>\n<p data-end=\"2168\" class=\" wall-content\">\n<a href=\"https:\/\/www.instagram.com\/p\/DHY3s6xNmGT\/embed\" title=\"Ouvrir le lien sur Instagram\" target=\"_blank\" rel=\"noopener\">Visualiser le contenu sur Instagram<\/a><\/p>\n<p data-end=\"2499\" class=\" wall-content\">Mais l\u2019itin\u00e9rance a ses limites. En attendant mieux, Antoine collabore avec les caves Nicolas, square du Ramponneau, pour proposer des accords mets et vins. Il fait aussi de belles rencontres, comme <a href=\"https:\/\/actu.fr\/hauts-de-france\/lille_59350\/vieux-lille-un-glacier-meilleur-ouvrier-de-france-et-des-fondus-de-chocolat-ouvrent-leur-boutique_61349873.html\" target=\"_blank\" rel=\"noopener\">David Alves, Meilleur Ouvrier de France<\/a>, avec qui il cr\u00e9e\u2026 une glace au pain perdu. De quoi renforcer l\u2019envie d\u2019un lieu \u00e0 lui.<\/p>\n<p>Un local, une rencontre humaine et un projet collectif<\/p>\n<p data-end=\"2888\" class=\" wall-content\">Le d\u00e9clic arrive rue des Ponts de Comines, dans un ancien magasin de pr\u00eat-\u00e0-porter. Le local de 35 m\u00b2 appartient \u00e0 deux fr\u00e8res, <b data-end=\"2710\">Jody et Barry<\/b>. Antoine leur parle de son projet, de ses contraintes, de ses r\u00eaves. Une demi-heure plus tard, ils le rappellent : ils l\u2019aideront \u00e0 financer les travaux et deviendront associ\u00e9s.<\/p>\n<p>Votre r\u00e9gion, votre actu !<\/p>\n<p>Recevez chaque jour les infos qui comptent pour vous.<\/p>\n<p>\t<a href=\"https:\/\/actu.fr\/newsletter\" class=\"ac-btn ac-btn--corner ac-btn--medium ac-btn--blue800\" target=\"_blank\" rel=\"noopener\">S&rsquo;incrire<\/a><\/p>\n<p data-end=\"3141\" class=\" wall-content\">Deux mois de chantier plus tard, <b data-end=\"2939\">Pain du P\u00e8re<\/b> est pr\u00eat. \u00c0 l\u2019int\u00e9rieur, 15 places assises, de la vente \u00e0 emporter, et une d\u00e9co \u00ab\u00a0bistrot de grand-m\u00e8re avec un twist actuel\u00a0\u00bb. Clin d\u2019\u0153il \u00e0 ses d\u00e9buts, trois tabourets sont \u00e9quip\u00e9s de p\u00e9dales de v\u00e9lo.<\/p>\n<p>Une carte sal\u00e9e qui surprend\u2026 et rassasie<\/p>\n<p data-end=\"3328\" class=\" wall-content\">Au menu, <b data-end=\"3237\">huit recettes sal\u00e9es de saison<\/b>, propos\u00e9es en deux formats (L et XL), pens\u00e9es pour surprendre sans d\u00e9router. Parmi elles :<\/p>\n<ul class=\" wall-content\">\n<li data-end=\"3413\"><b data-end=\"3353\">Le Cousin Frenchy<\/b> : jambon fum\u00e9, comt\u00e9 18 mois, cr\u00e8me fra\u00eeche et ciboulette<\/li>\n<li data-end=\"3498\"><b data-end=\"3435\">La Papa Chicken<\/b> : poulet pan\u00e9 maison, moutarde et fromage ail &amp; fines herbes<\/li>\n<li data-end=\"3579\"><b data-end=\"3519\">La Tata Italia<\/b> : burrata, crumble de chorizo et pickles d\u2019oignons rouges<\/li>\n<li data-end=\"3623\"><b data-end=\"3599\">La Mamie Blue<\/b> : bleu, poire et noix<\/li>\n<li data-end=\"3686\"><b data-end=\"3643\">Le Papi Cabri<\/b> : ch\u00e8vre, miel et balsamique \u00e0 la truffe<\/li>\n<li data-end=\"3748\"><b data-end=\"3710\">Le Tonton Flamand<\/b> : thon, p\u00eache et fromage \u00e0 la cr\u00e8me<\/li>\n<\/ul>\n<p class=\" wall-content\"><a href=\"https:\/\/www.instagram.com\/p\/DKMRXGSt8WW\/embed\" title=\"Ouvrir le lien sur Instagram\" target=\"_blank\" rel=\"noopener\">Visualiser le contenu sur Instagram<\/a><\/p>\n<p data-end=\"3905\" class=\" wall-content\">Une <b>recette \u00e9ph\u00e9m\u00e8re<\/b> accompagne aussi une op\u00e9ration solidaire contre le cancer du sein, intitul\u00e9e <b data-end=\"3886\">\u00ab\u00a0Des chicons pour vos nichons\u00a0\u00bb<\/b>, jusqu\u2019en f\u00e9vrier.<\/p>\n<p data-end=\"4074\" class=\" wall-content\">C\u00f4t\u00e9 sucr\u00e9, une ou deux recettes signatures, mais surtout la possibilit\u00e9 de composer son pain perdu sur mesure, avec <b data-end=\"4063\">pr\u00e8s d\u2019une centaine de combinaisons<\/b> possibles.<\/p>\n<p data-end=\"4074\" class=\" wall-content\">Pour les <b>tarifs<\/b>, comptez <b>5 \u00e0 6 euros<\/b> pour le sucr\u00e9, <b>10 \u00e0 12 euros<\/b> pour le sal\u00e9.<\/p>\n<p>Des produits locaux et une cuisine g\u00e9n\u00e9reuse<\/p>\n<p data-end=\"4476\" class=\" wall-content\">Le pain, \u00e9l\u00e9ment central, est un <b data-end=\"4206\">pain blanc fermier fabriqu\u00e9 \u00e0 Tourcoing<\/b>, utilis\u00e9 aussi bien pour le sucr\u00e9 que le sal\u00e9. Les \u0153ufs proviennent de poules \u00e9lev\u00e9es en plein air, les <b>produits sont sourc\u00e9s dans un rayon de 40 km autour de Lille<\/b>, \u00e0 quelques exceptions pr\u00e8s comme la burrata. \u00ab\u00a0On veut des <b>bons produits<\/b>, et surtout que les gens repartent rassasi\u00e9s.\u00a0\u00bb<\/p>\n<p data-end=\"4476\" class=\" wall-content\">\n<a href=\"https:\/\/www.instagram.com\/p\/DM2eKsXtOl4\/embed\" title=\"Ouvrir le lien sur Instagram\" target=\"_blank\" rel=\"noopener\">Visualiser le contenu sur Instagram<\/a><\/p>\n<p data-end=\"4878\" class=\" wall-content\">Le lieu propose aussi des <b>boissons classiques et originales<\/b> comme Applos, du th\u00e9 grec des montagnes. Prochainement, Pain du P\u00e8re proposera aussi des <b>brunchs<\/b> avec cocktails imagin\u00e9s par un mixologue.<\/p>\n<p data-end=\"5331\" class=\" wall-content\">Pour Antoine et ses associ\u00e9s, ce premier restaurant est une \u00e9tape. L\u2019envie de dupliquer le concept existe, mais sans br\u00fbler les \u00e9tapes. \u00ab\u00a0Ce n\u2019est que le d\u00e9but. Pour l\u2019instant, on veut surtout r\u00e9galer Lille\u2026 et continuer les belles rencontres.\u00a0\u00bb<\/p>\n<p>Infos pratiques : Pain du P\u00e8re, 6 rue des Ponts de Comines \u00e0 Lille. Ouvert du mardi au dimanche, de 10h \u00e0 22h. Plus d\u2019infos sur le <a href=\"https:\/\/www.instagram.com\/paindupere\/?hl=fr\" target=\"_blank\" rel=\"noopener\">compte Instagram du restaurant<\/a>.<\/p>\n<p class=\" wall-content\">Personnalisez votre actualit\u00e9 en ajoutant vos villes et m\u00e9dias en favori avec <a href=\"https:\/\/moncompte.actu.fr\" title=\"D\u00e9couvez Mon Actu\" rel=\"nofollow noopener\" data-trk=\"{&quot;cta&quot;:{&quot;action&quot;:&quot;https:\\\/\\\/moncompte.actu.fr&quot;,&quot;category&quot;:&quot;mon compte&quot;,&quot;from&quot;:&quot;article footer&quot;,&quot;name&quot;:&quot;Mon actu&quot;,&quot;type&quot;:&quot;cta&quot;}}\" target=\"_blank\">Mon Actu<\/a>.<\/p>\n<p>                    <script async src=\"\/\/www.instagram.com\/embed.js\"><\/script><\/p>\n","protected":false},"excerpt":{"rendered":"Par Hervine Mahaud Publi\u00e9 le 15 d\u00e9c. 2025 \u00e0 18h24 \u00c0 Lille, un nouveau restaurant promet de bousculer&hellip;\n","protected":false},"author":2,"featured_media":601270,"comment_status":"","ping_status":"","sticky":false,"template":"","format":"standard","meta":{"footnotes":""},"categories":[2815],"tags":[1111,11,33,1777,674,1011,27,811,1307,12,3147,25,1340,10479],"class_list":{"0":"post-601269","1":"post","2":"type-post","3":"status-publish","4":"format-standard","5":"has-post-thumbnail","7":"category-lille","8":"tag-actu","9":"tag-actualites","10":"tag-economie","11":"tag-eu","12":"tag-europe","13":"tag-fr","14":"tag-france","15":"tag-hauts-de-france","16":"tag-lille","17":"tag-news","18":"tag-nouveaux-commerces","19":"tag-republique-francaise","20":"tag-restaurant","21":"tag-street-food"},"share_on_mastodon":{"url":"https:\/\/pubeurope.com\/@fr\/115724841840734593","error":""},"_links":{"self":[{"href":"https:\/\/www.europesays.com\/fr\/wp-json\/wp\/v2\/posts\/601269","targetHints":{"allow":["GET"]}}],"collection":[{"href":"https:\/\/www.europesays.com\/fr\/wp-json\/wp\/v2\/posts"}],"about":[{"href":"https:\/\/www.europesays.com\/fr\/wp-json\/wp\/v2\/types\/post"}],"author":[{"embeddable":true,"href":"https:\/\/www.europesays.com\/fr\/wp-json\/wp\/v2\/users\/2"}],"replies":[{"embeddable":true,"href":"https:\/\/www.europesays.com\/fr\/wp-json\/wp\/v2\/comments?post=601269"}],"version-history":[{"count":0,"href":"https:\/\/www.europesays.com\/fr\/wp-json\/wp\/v2\/posts\/601269\/revisions"}],"wp:featuredmedia":[{"embeddable":true,"href":"https:\/\/www.europesays.com\/fr\/wp-json\/wp\/v2\/media\/601270"}],"wp:attachment":[{"href":"https:\/\/www.europesays.com\/fr\/wp-json\/wp\/v2\/media?parent=601269"}],"wp:term":[{"taxonomy":"category","embeddable":true,"href":"https:\/\/www.europesays.com\/fr\/wp-json\/wp\/v2\/categories?post=601269"},{"taxonomy":"post_tag","embeddable":true,"href":"https:\/\/www.europesays.com\/fr\/wp-json\/wp\/v2\/tags?post=601269"}],"curies":[{"name":"wp","href":"https:\/\/api.w.org\/{rel}","templated":true}]}}