{"id":601273,"date":"2025-12-15T17:49:11","date_gmt":"2025-12-15T17:49:11","guid":{"rendered":"https:\/\/www.europesays.com\/fr\/601273\/"},"modified":"2025-12-15T17:49:11","modified_gmt":"2025-12-15T17:49:11","slug":"un-trafiquant-de-cigarettes-trahi-par-le-cambriolage-de-son-box-dans-les-quartiers-sud-de-marseille","status":"publish","type":"post","link":"https:\/\/www.europesays.com\/fr\/601273\/","title":{"rendered":"Un trafiquant de cigarettes trahi par le cambriolage de son box dans les quartiers Sud de Marseille"},"content":{"rendered":"<p>Il aurait pu poursuivre encore longtemps ses affaires interlopes avant d\u2019attirer le moindre soup\u00e7on. Mais vendredi, le karma a frapp\u00e9 le box de ce quadrag\u00e9naire jusqu\u2019ici inconnu de la justice, dans une r\u00e9sidence s\u00e9curis\u00e9e <a href=\"https:\/\/www.laprovence.com\/bouches-du-rhone\/marseille-11e-arrondissement-13211\" target=\"_blank\" rel=\"noopener\">du 11e arrondissement de Marseille<\/a>. Ce matin du 12\u00a0d\u00e9cembre, des riverains ont appel\u00e9 la police pour signaler <a href=\"https:\/\/www.laprovence.com\/article\/faits-divers-justice\/48047541941056\/face-a-des-cambrioleurs-des-riverains-font-justice-eux-memes-a-marseille\" target=\"_blank\" rel=\"noopener\">ce qui ressemblait fort \u00e0 un cambriolage<\/a> en cours. Un homme \u00e9tait en effet affair\u00e9 \u00e0 donner des coups de marteau sur les serrures de deux box de leur paisible r\u00e9sidence. Bien assez pour que des t\u00e9moins donnent l\u2019alerte.<\/p>\n<p>\u00c0 son arriv\u00e9e, la patrouille de la division Sud a r\u00e9alis\u00e9 que le suspect n\u2019\u00e9tait en fait que le propri\u00e9taire des deux garages, qui tentait en vain d\u2019y acc\u00e9der apr\u00e8s avoir \u00e9t\u00e9, effectivement, victime d\u2019une tentative de vol par effraction.<\/p>\n<p>400 cartouches de tabac d\u00e9couvertes dans un box<\/p>\n<p>Pour autant tout n\u2019\u00e9tait pas vraiment clair. Curieusement, les box \u00e9taient remplis de climatiseurs, une soixantaine d\u2019unit\u00e9s au total, encore dans leurs cartons d\u2019origine. Et surtout, un fourgon d\u00e9bordait de <a href=\"https:\/\/www.laprovence.com\/article\/faits-divers-justice\/15559965445827\/deux-trafiquants-de-cigarettes-armes-arretes-par-la-bac-daix-en-provence\" target=\"_blank\" rel=\"noopener\">cartouches de cigarettes<\/a>.<\/p>\n<p>Quelque <a href=\"https:\/\/www.laprovence.com\/article\/faits-divers-justice\/46323158874803\/43-kg-de-cigarettes-de-contrebande-saisis-dans-le-3e-arrondissement-de-marseille\" target=\"_blank\" rel=\"noopener\">400 cartouches<\/a> et pots de tabac \u00e0 rouler au total, tous d\u2019origine fran\u00e7aise, dont ce ressortissant roumain de 45\u00a0ans, ancien l\u00e9gionnaire, \u00e9tait bien incapable d\u2019expliquer l\u2019origine. La cargaison a \u00e9t\u00e9 saisie par l\u2019officier de police judiciaire d\u00e9p\u00each\u00e9 sur les lieux et le suspect a \u00e9t\u00e9 plac\u00e9 en garde \u00e0 vue. D\u00e9f\u00e9r\u00e9, il devait \u00eatre pr\u00e9sent\u00e9 devant le tribunal correctionnel de Marseille en d\u00e9but de semaine.<\/p>\n","protected":false},"excerpt":{"rendered":"Il aurait pu poursuivre encore longtemps ses affaires interlopes avant d\u2019attirer le moindre soup\u00e7on. Mais vendredi, le karma&hellip;\n","protected":false},"author":2,"featured_media":601274,"comment_status":"","ping_status":"","sticky":false,"template":"","format":"standard","meta":{"footnotes":""},"categories":[2814],"tags":[17,1111,11,20251,1174,8056,1777,674,274,1011,27,884,12,5912,882,25,3711,7753,6762],"class_list":{"0":"post-601273","1":"post","2":"type-post","3":"status-publish","4":"format-standard","5":"has-post-thumbnail","7":"category-marseille","8":"tag-17","9":"tag-actu","10":"tag-actualites","11":"tag-box","12":"tag-cambriolage","13":"tag-cigarettes","14":"tag-eu","15":"tag-europe","16":"tag-faits-divers-justice","17":"tag-fr","18":"tag-france","19":"tag-marseille","20":"tag-news","21":"tag-par","22":"tag-provence-alpes-cote-dazur","23":"tag-republique-francaise","24":"tag-son","25":"tag-trafiquant","26":"tag-trahi"},"share_on_mastodon":{"url":"https:\/\/pubeurope.com\/@fr\/115724849364163737","error":""},"_links":{"self":[{"href":"https:\/\/www.europesays.com\/fr\/wp-json\/wp\/v2\/posts\/601273","targetHints":{"allow":["GET"]}}],"collection":[{"href":"https:\/\/www.europesays.com\/fr\/wp-json\/wp\/v2\/posts"}],"about":[{"href":"https:\/\/www.europesays.com\/fr\/wp-json\/wp\/v2\/types\/post"}],"author":[{"embeddable":true,"href":"https:\/\/www.europesays.com\/fr\/wp-json\/wp\/v2\/users\/2"}],"replies":[{"embeddable":true,"href":"https:\/\/www.europesays.com\/fr\/wp-json\/wp\/v2\/comments?post=601273"}],"version-history":[{"count":0,"href":"https:\/\/www.europesays.com\/fr\/wp-json\/wp\/v2\/posts\/601273\/revisions"}],"wp:featuredmedia":[{"embeddable":true,"href":"https:\/\/www.europesays.com\/fr\/wp-json\/wp\/v2\/media\/601274"}],"wp:attachment":[{"href":"https:\/\/www.europesays.com\/fr\/wp-json\/wp\/v2\/media?parent=601273"}],"wp:term":[{"taxonomy":"category","embeddable":true,"href":"https:\/\/www.europesays.com\/fr\/wp-json\/wp\/v2\/categories?post=601273"},{"taxonomy":"post_tag","embeddable":true,"href":"https:\/\/www.europesays.com\/fr\/wp-json\/wp\/v2\/tags?post=601273"}],"curies":[{"name":"wp","href":"https:\/\/api.w.org\/{rel}","templated":true}]}}