{"id":601275,"date":"2025-12-15T17:50:20","date_gmt":"2025-12-15T17:50:20","guid":{"rendered":"https:\/\/www.europesays.com\/fr\/601275\/"},"modified":"2025-12-15T17:50:20","modified_gmt":"2025-12-15T17:50:20","slug":"emmanuel-macron-attendu-a-marseille-dans-un-contexte-explosif","status":"publish","type":"post","link":"https:\/\/www.europesays.com\/fr\/601275\/","title":{"rendered":"Emmanuel Macron attendu \u00e0 Marseille dans un contexte explosif"},"content":{"rendered":"<p>\n    <strong>D\u00c9CRYPTAGE &#8211;<\/strong> Un mois apr\u00e8s le meurtre de Mehdi Kessaci qui a plong\u00e9 la ville dans une certaine psychose, le pr\u00e9sident de la R\u00e9publique se rend \u00e0 Marseille pour faire le bilan de son plan lanc\u00e9 en 2021 visant \u00e0 d\u00e9velopper la deuxi\u00e8me ville de France.<\/p>\n<p class=\"fig-paragraph\">L\u2019\u00e9t\u00e9 battait son plein. \u00c0 la fin du mois de juillet 2025, le pr\u00e9sident de la R\u00e9publique \u00e9tait attendu dans cette ville qu\u2019il aime d\u00e9signer\u00a0<a href=\"http:\/\/www.lefigaro.fr\/marseille\/a-marseille-macron-raye-de-la-carte-de-sa-ville-de-coeur-20240701\" data-fig-type=\"Article\" data-gtm-custom-categorie=\"navigation\" data-gtm-custom-action=\"crossclick\" data-gtm-custom-label=\"Contextuel\" data-gtm-event=\"customEventSPE\" data-fig-domain=\"LEFIGARO\" target=\"_blank\" rel=\"noopener\">comme sa ville de c\u0153ur<\/a>. L\u2019occasion \u00e9tait belle pour, peut-\u00eatre, revenir sur ce p<a href=\"http:\/\/www.lefigaro.fr\/marseille\/conception-precipitee-suivi-indigent-le-plan-marseille-en-grand-etrille-par-la-cour-des-comptes-20241021\" data-fig-type=\"NewsFlash\" data-gtm-custom-categorie=\"navigation\" data-gtm-custom-action=\"crossclick\" data-gtm-custom-label=\"Contextuel\" data-gtm-event=\"customEventSPE\" data-fig-domain=\"LEFIGARO\" target=\"_blank\" rel=\"noopener\">lan Marseille en grand\u00a0<\/a>qu\u2019il a lanc\u00e9 en 2021 pour d\u00e9velopper tous azimuts la deuxi\u00e8me ville de France, et dont le bilan avait \u00e9t\u00e9 quelque peu \u00e9corn\u00e9 par un r\u00e9cent rapport au vitriol de la Cour des comptes. Le grand retour du chef de l\u2019\u00c9tat sur la Canebi\u00e8re \u00e9tait donc attendu, mais le d\u00e9placement avait \u00e9t\u00e9 annul\u00e9 \u00e0 la derni\u00e8re minute, en raison de contraintes d\u2019agenda, mais aussi d\u2019une actualit\u00e9 br\u00fblante li\u00e9e au risque d\u2019incendies qui secouait la r\u00e9gion.<\/p>\n<p class=\"fig-paragraph\">Le pr\u00e9sident avait toutefois promis qu\u2019il reviendrait, \u00e0 la rentr\u00e9e. Cinq mois plus tard, l\u2019hiver approche \u00e0 grand pas. Ce mardi, Emmanuel Macron honore sa promesse d\u2019un retour sur le Vieux-Port, mais c\u2019est un autre incendie que le chef de l\u2019\u00c9tat devra \u00e9teindre \u00e0 Marseille\u00a0: celui du narcotrafic et de la terreur qu\u2019il\u2026<\/p>\n<p class=\"fig-premium-paywall__infos\">\n        Cet article est r\u00e9serv\u00e9 aux abonn\u00e9s.        Il vous reste 82% \u00e0 d\u00e9couvrir.\n    <\/p>\n<p>                <img  data- alt=\"Le Figaro\" class=\"fig-img--complete fig-img\"\/><\/p>\n<p class=\"fig-premium-paywall__title\">Vente Flash<\/p>\n<p class=\"fig-premium-paywall__subtitle\">-50% sur l&rsquo;abonnement num\u00e9rique<\/p>\n<p class=\"fig-premium-paywall__connect\">\n                D\u00e9j\u00e0 abonn\u00e9\u00a0?                <a class=\"fig-premium-paywall__connect-link\" href=\"https:\/\/connect.lefigaro.fr\/login?client=horizon_web&amp;type=main&amp;redirect_uri=https%3A%2F%2Fwww.lefigaro.fr%2Fmarseille%2Fon-espere-un-geste-fort-emmanuel-macron-attendu-a-marseille-dans-un-contexte-explosif-20251215\" data-js-gtm=\"{&quot;customCategorie&quot;: &quot;conversion&quot;, &quot;customAction&quot;: &quot;before_Landing_Connexion_paywall_auto&quot;, &quot;customLabel&quot;: &quot;bGVmaWdhcm8uZnJfXzFmMGQ5Y2E1LTJkMWQtNjcwZS1iY2NlLTQ3YjEyMjBmZmYyMF9fTmV3c0ZsYXNo_\u00abOn esp\u00e8re un geste fort\u00bb\u00a0: Emmanuel Macron attendu \u00e0 Marseille dans un contexte explosif_323&quot;, &quot;customIDSPE&quot;: &quot;bGVmaWdhcm8uZnJfXzFmMGQ5Y2E1LTJkMWQtNjcwZS1iY2NlLTQ3YjEyMjBmZmYyMF9fTmV3c0ZsYXNo&quot;, &quot;event&quot;: &quot;customEventSPE&quot;}\" target=\"_blank\" rel=\"noopener\"><br \/>\n                    Connectez-vous<br \/>\n                <\/a>\n            <\/p>\n","protected":false},"excerpt":{"rendered":"D\u00c9CRYPTAGE &#8211; Un mois apr\u00e8s le meurtre de Mehdi Kessaci qui a plong\u00e9 la ville dans une certaine&hellip;\n","protected":false},"author":2,"featured_media":601276,"comment_status":"","ping_status":"","sticky":false,"template":"","format":"standard","meta":{"footnotes":""},"categories":[2814],"tags":[1111,11,1073,1777,674,1011,27,884,12,882,25,887],"class_list":{"0":"post-601275","1":"post","2":"type-post","3":"status-publish","4":"format-standard","5":"has-post-thumbnail","7":"category-marseille","8":"tag-actu","9":"tag-actualites","10":"tag-emmanuel-macron","11":"tag-eu","12":"tag-europe","13":"tag-fr","14":"tag-france","15":"tag-marseille","16":"tag-news","17":"tag-provence-alpes-cote-dazur","18":"tag-republique-francaise","19":"tag-trafic-de-drogue"},"share_on_mastodon":{"url":"https:\/\/pubeurope.com\/@fr\/115724853236625077","error":""},"_links":{"self":[{"href":"https:\/\/www.europesays.com\/fr\/wp-json\/wp\/v2\/posts\/601275","targetHints":{"allow":["GET"]}}],"collection":[{"href":"https:\/\/www.europesays.com\/fr\/wp-json\/wp\/v2\/posts"}],"about":[{"href":"https:\/\/www.europesays.com\/fr\/wp-json\/wp\/v2\/types\/post"}],"author":[{"embeddable":true,"href":"https:\/\/www.europesays.com\/fr\/wp-json\/wp\/v2\/users\/2"}],"replies":[{"embeddable":true,"href":"https:\/\/www.europesays.com\/fr\/wp-json\/wp\/v2\/comments?post=601275"}],"version-history":[{"count":0,"href":"https:\/\/www.europesays.com\/fr\/wp-json\/wp\/v2\/posts\/601275\/revisions"}],"wp:featuredmedia":[{"embeddable":true,"href":"https:\/\/www.europesays.com\/fr\/wp-json\/wp\/v2\/media\/601276"}],"wp:attachment":[{"href":"https:\/\/www.europesays.com\/fr\/wp-json\/wp\/v2\/media?parent=601275"}],"wp:term":[{"taxonomy":"category","embeddable":true,"href":"https:\/\/www.europesays.com\/fr\/wp-json\/wp\/v2\/categories?post=601275"},{"taxonomy":"post_tag","embeddable":true,"href":"https:\/\/www.europesays.com\/fr\/wp-json\/wp\/v2\/tags?post=601275"}],"curies":[{"name":"wp","href":"https:\/\/api.w.org\/{rel}","templated":true}]}}