{"id":601295,"date":"2025-12-15T18:01:16","date_gmt":"2025-12-15T18:01:16","guid":{"rendered":"https:\/\/www.europesays.com\/fr\/601295\/"},"modified":"2025-12-15T18:01:16","modified_gmt":"2025-12-15T18:01:16","slug":"etats-unis-quatre-personnes-arretees-pour-un-projet-dattentat-en-californie-pendant-le-nouvel-an","status":"publish","type":"post","link":"https:\/\/www.europesays.com\/fr\/601295\/","title":{"rendered":"\u00c9tats-Unis. Quatre personnes arr\u00eat\u00e9es pour\u00a0un projet d&rsquo;attentat en Californie pendant le Nouvel An"},"content":{"rendered":"<p>Quatre membres d&rsquo;un groupe de gauche radicale ont \u00e9t\u00e9 arr\u00eat\u00e9s en Californie et accus\u00e9s d&rsquo;avoir planifi\u00e9 des attentats \u00e0 la bombe pour le Nouvel An, ont annonc\u00e9 ce lundi les autorit\u00e9s judiciaires am\u00e9ricaines.<\/p>\n<p>\u00ab Au cours du week-end, le FBI a d\u00e9jou\u00e9 une menace terroriste criminelle imminente et arr\u00eat\u00e9 quatre individus dans la zone de Los Angeles \u00bb, a d\u00e9clar\u00e9 le directeur de la police f\u00e9d\u00e9rale (FBI), Kash Patel, sur X. \u00ab Ils sont soup\u00e7onn\u00e9s d&rsquo;avoir pr\u00e9par\u00e9 des attentats coordonn\u00e9s avec des engins explosifs improvis\u00e9s pour le Nouvel An visant cinq sites distincts \u00e0 travers Los Angeles \u00bb, a-t-il ajout\u00e9. \u00ab Les suspects se sont pr\u00e9sent\u00e9s eux-m\u00eames comme des membres d&rsquo;une branche radicale du Turtle Island Liberation Front (TILF) \u00bb, un groupe \u00ab extr\u00e9miste \u00bb, a affirm\u00e9 Kash Patel.<\/p>\n<p>Ce contenu est bloqu\u00e9 car vous n&rsquo;avez pas accept\u00e9 les cookies et autres traceurs.<\/p>\n<p>En cliquant sur \u00ab J\u2019accepte \u00bb, les cookies et autres traceurs seront d\u00e9pos\u00e9s et vous pourrez visualiser les contenus  (<a href=\"\" class=\"consentModule_policy\" target=\"_blank\" title=\"Consulter la politique de protection des donn\u00e9es du fournisseur\">plus d&rsquo;informations<\/a>).<\/p>\n<p>En cliquant sur \u00ab J\u2019accepte tous les cookies \u00bb, vous autorisez des d\u00e9p\u00f4ts de cookies et autres traceurs pour le stockage de vos donn\u00e9es sur nos sites et applications \u00e0 des fins de personnalisation et de ciblage publicitaire.<\/p>\n<p class=\"consentModule_secondaryText\">Vous gardez la possibilit\u00e9 de retirer votre consentement \u00e0 tout moment en consultant notre <a href=\"https:\/\/www.ledauphine.com\/protection-des-donnees\" target=\"_blank\" title=\"Consulter notre politique de protection des donn\u00e9es\" rel=\"noopener\">politique de protection des donn\u00e9es<\/a>. <br \/>&#13;<br \/>\n            <a href=\"https:\/\/www.ledauphine.com\/faits-divers-justice\/2025\/12\/15\/javascript:Didomi.notice.show()\" class=\"consentModule_cmp\" target=\"_blank\" rel=\"noopener\">G\u00e9rer mes choix<\/a>&#13;\n        <\/p>\n<p>&#13;<br \/>\n                        J&rsquo;accepte&#13;<br \/>\n            J&rsquo;accepte tous les cookies&#13;\n        <\/p>\n<p>Le minist\u00e8re de la Justice et le FBI ont \u00ab emp\u00each\u00e9 ce qui aurait \u00e9t\u00e9 un projet terroriste massif et effroyable dans le district central de Californie \u00bb, a \u00e9crit pour sa part la ministre de la Justice, Pam Bondi, sur X. Les suspects planifiaient \u00ab des attentats \u00e0 la bombe contre des cibles multiples en Californie \u00e0 partir du Nouvel An \u00bb mais aussi contre des agents et des v\u00e9hicules de la police de l&rsquo;immigration (ICE), a-t-elle poursuivi.<\/p>\n","protected":false},"excerpt":{"rendered":"Quatre membres d&rsquo;un groupe de gauche radicale ont \u00e9t\u00e9 arr\u00eat\u00e9s en Californie et accus\u00e9s d&rsquo;avoir planifi\u00e9 des attentats&hellip;\n","protected":false},"author":2,"featured_media":601296,"comment_status":"","ping_status":"","sticky":false,"template":"","format":"standard","meta":{"footnotes":""},"categories":[1589],"tags":[11,271,272,73,1866,274,107,329,12,1254,1864,1865,1863,308],"class_list":{"0":"post-601295","1":"post","2":"type-post","3":"status-publish","4":"format-standard","5":"has-post-thumbnail","7":"category-etats-unis","8":"tag-actualites","9":"tag-crime","10":"tag-delit-et-contravention","11":"tag-etats-unis","12":"tag-etats-unis-damerique","13":"tag-faits-divers-justice","14":"tag-fil-info","15":"tag-france-monde","16":"tag-news","17":"tag-terrorisme","18":"tag-united-states","19":"tag-united-states-of-america","20":"tag-us","21":"tag-usa"},"share_on_mastodon":{"url":"https:\/\/pubeurope.com\/@fr\/115724896536070642","error":""},"_links":{"self":[{"href":"https:\/\/www.europesays.com\/fr\/wp-json\/wp\/v2\/posts\/601295","targetHints":{"allow":["GET"]}}],"collection":[{"href":"https:\/\/www.europesays.com\/fr\/wp-json\/wp\/v2\/posts"}],"about":[{"href":"https:\/\/www.europesays.com\/fr\/wp-json\/wp\/v2\/types\/post"}],"author":[{"embeddable":true,"href":"https:\/\/www.europesays.com\/fr\/wp-json\/wp\/v2\/users\/2"}],"replies":[{"embeddable":true,"href":"https:\/\/www.europesays.com\/fr\/wp-json\/wp\/v2\/comments?post=601295"}],"version-history":[{"count":0,"href":"https:\/\/www.europesays.com\/fr\/wp-json\/wp\/v2\/posts\/601295\/revisions"}],"wp:featuredmedia":[{"embeddable":true,"href":"https:\/\/www.europesays.com\/fr\/wp-json\/wp\/v2\/media\/601296"}],"wp:attachment":[{"href":"https:\/\/www.europesays.com\/fr\/wp-json\/wp\/v2\/media?parent=601295"}],"wp:term":[{"taxonomy":"category","embeddable":true,"href":"https:\/\/www.europesays.com\/fr\/wp-json\/wp\/v2\/categories?post=601295"},{"taxonomy":"post_tag","embeddable":true,"href":"https:\/\/www.europesays.com\/fr\/wp-json\/wp\/v2\/tags?post=601295"}],"curies":[{"name":"wp","href":"https:\/\/api.w.org\/{rel}","templated":true}]}}