{"id":601309,"date":"2025-12-15T18:08:13","date_gmt":"2025-12-15T18:08:13","guid":{"rendered":"https:\/\/www.europesays.com\/fr\/601309\/"},"modified":"2025-12-15T18:08:13","modified_gmt":"2025-12-15T18:08:13","slug":"en-france-il-a-fait-trop-chaud-un-jour-sur-deux-liberation","status":"publish","type":"post","link":"https:\/\/www.europesays.com\/fr\/601309\/","title":{"rendered":"en France, il a fait trop chaud un jour sur deux \u2013 Lib\u00e9ration"},"content":{"rendered":"<p class=\"sc-cPiKLX AiZTS text-element\">Vous ne vous en \u00eates peut-\u00eatre pas rendu compte, mais en 2025, un jour sur deux \u00e9tait anormal. Il a fait trop chaud. Durant la moiti\u00e9 de l\u2019ann\u00e9e, en France m\u00e9tropolitaine, le thermom\u00e8tre affichait une valeur au-dessus des normales de saison. Et une temp\u00e9rature moyenne estim\u00e9e \u00e0 environ 14 degr\u00e9s a \u00e9t\u00e9 enregistr\u00e9e ces douze derniers mois, r\u00e9v\u00e8le M\u00e9t\u00e9o France, lundi 15 d\u00e9cembre, dans son bilan provisoire annuel \u2013 qui reste \u00e0 confirmer avec les deux derni\u00e8res semaines de l\u2019ann\u00e9e. C\u2019est un degr\u00e9 de trop par rapport aux ann\u00e9es de r\u00e9f\u00e9rence 1991-2020, pourtant d\u00e9j\u00e0 \u00abr\u00e9chauff\u00e9es\u00bb.<\/p>\n<p class=\"sc-cPiKLX AiZTS text-element\">\u00abL\u2019ann\u00e9e 2025 se classe au quatri\u00e8me ou <a href=\"https:\/\/www.liberation.fr\/environnement\/climat\/apres-un-mois-de-novembre-record-lannee-2025-devrait-etre-dans-les-trois-plus-chaudes-jamais-enregistrees-20251209_HF2OAN4WWZGPTANWH3YGORYVXU\/\" target=\"_blank\" rel=\"noreferrer noopener\" title=\"https:\/\/www.liberation.fr\/environnement\/climat\/apres-un-mois-de-novembre-record-lannee-2025-devrait-etre-dans-les-trois-plus-chaudes-jamais-enregistrees-20251209_HF2OAN4WWZGPTANWH3YGORYVXU\/\">au troisi\u00e8me rang des ann\u00e9es les plus chaudes<\/a> jamais enregistr\u00e9es en France depuis le d\u00e9but des mesures en 1900\u00bb, indique la pr\u00e9sidente de l\u2019organisme public, Virginie Schwarz. Fait notable, en s\u2019ins\u00e9rant dans le peloton de t\u00eate, 2025 fait sortir l\u2019ann\u00e9e 2003 du top 10. R\u00e9sultat : les dix ann\u00e9es les plus chaudes dans l\u2019Hexagone sont d\u00e9sormais post\u00e9rieures \u00e0 2010, signe manifeste du r\u00e9chauffement climatique en cours. Par ailleurs, au niveau mondial, 2025 devrait \u00eatre la deuxi\u00e8me ann\u00e9e la plus chaude jamais enregistr\u00e9e, quasiment au m\u00eame niveau que le record de 2023, selon les donn\u00e9es de l\u2019observatoire europ\u00e9en Copernicus.<\/p>\n<p class=\"sc-cPiKLX AiZTS text-element\">Comment s\u2019est traduit cet exc\u00e8s de chaleur ? D\u2019abord par de nombreux records battus au cours de divers \u00e9pisodes exceptionnellement chauds \u2013 souvenez-vous des 30 degr\u00e9s <a href=\"https:\/\/www.liberation.fr\/environnement\/pres-de-30-c-a-paris-28-c-a-lille-et-caen-le-nord-de-la-france-en-surchauffe-precoce-20250502_Y53HO2B3LNGQHD7ZHECQVRSH3Y\/\" target=\"_blank\" rel=\"noreferrer noopener\" title=\"https:\/\/www.liberation.fr\/environnement\/pres-de-30-c-a-paris-28-c-a-lille-et-caen-le-nord-de-la-france-en-surchauffe-precoce-20250502_Y53HO2B3LNGQHD7ZHECQVRSH3Y\/\">franchis le 1er mai<\/a>, ainsi qu\u2019\u00e0 l<a href=\"https:\/\/www.liberation.fr\/environnement\/climat\/295-c-en-plein-mois-de-novembre-un-record-de-temperature-en-france-symptomatique-du-rechauffement-climatique-20251113_Q6YEMNAQVRFU3OTS7GRQRLT72U\/\" target=\"_blank\" rel=\"noreferrer noopener\" title=\"https:\/\/www.liberation.fr\/environnement\/climat\/295-c-en-plein-mois-de-novembre-un-record-de-temperature-en-france-symptomatique-du-rechauffement-climatique-20251113_Q6YEMNAQVRFU3OTS7GRQRLT72U\/\">a mi-novembre<\/a> ou de ce <a href=\"http:\/\/liberation.fr\/environnement\/climat\/canicule-avec-222-c-de-moyenne-juin-2025-est-devenu-le-deuxieme-mois-le-plus-chaud-de-lhistoire-20250702_S7SQ4BEH5VBKLFWQFU33U3WLD4\/\" target=\"_blank\" rel=\"noreferrer noopener\" title=\"http:\/\/liberation.fr\/environnement\/climat\/canicule-avec-222-c-de-moyenne-juin-2025-est-devenu-le-deuxieme-mois-le-plus-chaud-de-lhistoire-20250702_S7SQ4BEH5VBKLFWQFU33U3WLD4\/\">mois de juin caniculaire<\/a>, avec une anomalie de + 3,3 degr\u00e9s. En tout, un tiers du territoire m\u00e9tropolitain a atteint des temp\u00e9ratures in\u00e9dites, de jour ou de nuit. Autre donn\u00e9e particuli\u00e8rement parlante : les records de chaleur ont \u00e9t\u00e9 dix fois plus nombreux que ceux de froid. Or, sans r\u00e9chauffement climatique, \u00abon enregistrerait autant de records chauds que froids\u00bb, rappelle Virginie Schwarz. Elle appuie : \u00abAu total, sur l\u2019ann\u00e9e, un jour sur deux a enregistr\u00e9 une temp\u00e9rature au-dessus de la normale, contre un jour sur cinq en dessous.\u00bb L\u00e0 encore, une marque nette de l\u2019\u00e9volution du climat.<\/p>\n<p class=\"sc-cPiKLX AiZTS text-element\">Pourtant, de mani\u00e8re g\u00e9n\u00e9rale, 2025 n\u2019a plus rien d\u2019exceptionnel. Ces douze derniers mois ont connu des pr\u00e9cipitations proches de la normale \u2013 <a href=\"https:\/\/www.liberation.fr\/environnement\/climat\/2024-annee-pluvieuse-chaude-et-surtout-sans-soleil-20241219_WJDZ55VXKRCGFNZZTYZRMVF6CQ\/\" target=\"_blank\" rel=\"noreferrer noopener\" title=\"https:\/\/www.liberation.fr\/environnement\/climat\/2024-annee-pluvieuse-chaude-et-surtout-sans-soleil-20241219_WJDZ55VXKRCGFNZZTYZRMVF6CQ\/\">rien \u00e0 voir avec l\u2019ann\u00e9e 2024, particuli\u00e8rement pluvieuse et gris\u00e2tre<\/a>. Il y a eu tr\u00e8s l\u00e9g\u00e8rement plus d\u2019ensoleillement que l\u2019an dernier : + 5 % par rapport \u00e0 la normale (hormis pour ceux vivant dans la moiti\u00e9 nord du pays, qui ont connu + 10 % \u00e0 + 15 % de soleil).<\/p>\n<p class=\"sc-cPiKLX AiZTS text-element\">La s\u00e9cheresse, elle, a touch\u00e9 30 % des sols fran\u00e7ais durant quatre mois (de mai \u00e0 ao\u00fbt), faisant de l\u2019\u00e9t\u00e9 2025 un \u00ab\u00e9pisode classique\u00bb dans notre climat r\u00e9chauff\u00e9 actuel. Les incendies ont br\u00fbl\u00e9 30 000 hectares de for\u00eats : c\u2019est deux fois plus que la moyenne de 14 000 hectares enregistr\u00e9e entre 2006 et 2021, mais beaucoup moins que les 69 000 hectares partis en fum\u00e9e en 2022. C\u00f4t\u00e9 enneigement, \u00abl\u2019hiver 2024-2025 s\u2019inscrit dans la continuit\u00e9 des hivers pr\u00e9c\u00e9dents, avec un manteau neigeux d\u00e9ficitaire quels que soient les massifs et l\u2019altitude\u00bb, r\u00e9sume Virginie Schwarz.<\/p>\n<p class=\"sc-cPiKLX AiZTS text-element\">En clair, avec ses <a href=\"https:\/\/www.liberation.fr\/environnement\/climat\/la-canicule-daout-responsable-dau-moins-280-morts-de-plus-que-la-normale-20250911_ZAUDTQUPKJH4BFM5WH4HZOSGBU\/\" target=\"_blank\" rel=\"noreferrer noopener\" title=\"https:\/\/www.liberation.fr\/environnement\/climat\/la-canicule-daout-responsable-dau-moins-280-morts-de-plus-que-la-normale-20250911_ZAUDTQUPKJH4BFM5WH4HZOSGBU\/\">deux canicules<\/a>, le seuil <a href=\"https:\/\/www.liberation.fr\/environnement\/climat\/canicule-40-c-en-ete-une-chaleur-de-plus-en-plus-frequente-mais-qui-na-rien-de-normal-20250811_7V2ZZEOB7RFERA2JNRHJCJ4EFA\/\" target=\"_blank\" rel=\"noreferrer noopener\" title=\"https:\/\/www.liberation.fr\/environnement\/climat\/canicule-40-c-en-ete-une-chaleur-de-plus-en-plus-frequente-mais-qui-na-rien-de-normal-20250811_7V2ZZEOB7RFERA2JNRHJCJ4EFA\/\">des 40 degr\u00e9s<\/a> franchi \u00e0 une trentaine de reprises, ses <a href=\"https:\/\/www.liberation.fr\/environnement\/climat\/tempete-benjamin-des-rafales-jusqua-161-km-heure-a-fecamp-le-trafic-sncf-fortement-perturbe-20251023_EYTZDBQSJZH4XIKJYNUVTRF3XY\/\" target=\"_blank\" rel=\"noreferrer noopener\" title=\"https:\/\/www.liberation.fr\/environnement\/climat\/tempete-benjamin-des-rafales-jusqua-161-km-heure-a-fecamp-le-trafic-sncf-fortement-perturbe-20251023_EYTZDBQSJZH4XIKJYNUVTRF3XY\/\">temp\u00eates mortelles<\/a> et ses <a href=\"https:\/\/www.liberation.fr\/societe\/orages-et-inondations-trois-departements-en-vigilance-orange-20250831_JN7FXMNPXJAV3GZN4MN5ZL7YCQ\/\" target=\"_blank\" rel=\"noreferrer noopener\" title=\"https:\/\/www.liberation.fr\/societe\/orages-et-inondations-trois-departements-en-vigilance-orange-20250831_JN7FXMNPXJAV3GZN4MN5ZL7YCQ\/\">crues d\u00e9vastatrices<\/a>, l\u2019ann\u00e9e 2025 va devenir la norme voire sera per\u00e7ue comme une partie de plaisir dans un climat qui se r\u00e9chauffe sans cesse. En 2050, dans une France \u00e0 + 2,7 degr\u00e9s, les 14 degr\u00e9s annuels \u00abseraient fr\u00e9quemment d\u00e9pass\u00e9s\u00bb \u2013 la moyenne attendue est de 14,3 degr\u00e9s. A horizon 2100, si l\u2019on atteint les + 4 degr\u00e9s, 2025 \u00abcorrespondrait plut\u00f4t au niveau des ann\u00e9es les plus fra\u00eeches\u00bb, pr\u00e9vient M\u00e9t\u00e9o France. La temp\u00e9rature moyenne annuelle serait plut\u00f4t de 15,6 degr\u00e9s. Avec toutes les cons\u00e9quences que cela implique : de l\u2019intensification des ph\u00e9nom\u00e8nes m\u00e9t\u00e9orologiques extr\u00eames aux canicules \u00e0 rallonge et plus fr\u00e9quentes.<\/p>\n","protected":false},"excerpt":{"rendered":"Vous ne vous en \u00eates peut-\u00eatre pas rendu compte, mais en 2025, un jour sur deux \u00e9tait anormal.&hellip;\n","protected":false},"author":2,"featured_media":601310,"comment_status":"","ping_status":"","sticky":false,"template":"","format":"standard","meta":{"footnotes":""},"categories":[4],"tags":[11,1011,27,12,5140,25],"class_list":{"0":"post-601309","1":"post","2":"type-post","3":"status-publish","4":"format-standard","5":"has-post-thumbnail","7":"category-france","8":"tag-actualites","9":"tag-fr","10":"tag-france","11":"tag-news","12":"tag-rechauffement-climatique","13":"tag-republique-francaise"},"share_on_mastodon":{"url":"https:\/\/pubeurope.com\/@fr\/115724923998589229","error":""},"_links":{"self":[{"href":"https:\/\/www.europesays.com\/fr\/wp-json\/wp\/v2\/posts\/601309","targetHints":{"allow":["GET"]}}],"collection":[{"href":"https:\/\/www.europesays.com\/fr\/wp-json\/wp\/v2\/posts"}],"about":[{"href":"https:\/\/www.europesays.com\/fr\/wp-json\/wp\/v2\/types\/post"}],"author":[{"embeddable":true,"href":"https:\/\/www.europesays.com\/fr\/wp-json\/wp\/v2\/users\/2"}],"replies":[{"embeddable":true,"href":"https:\/\/www.europesays.com\/fr\/wp-json\/wp\/v2\/comments?post=601309"}],"version-history":[{"count":0,"href":"https:\/\/www.europesays.com\/fr\/wp-json\/wp\/v2\/posts\/601309\/revisions"}],"wp:featuredmedia":[{"embeddable":true,"href":"https:\/\/www.europesays.com\/fr\/wp-json\/wp\/v2\/media\/601310"}],"wp:attachment":[{"href":"https:\/\/www.europesays.com\/fr\/wp-json\/wp\/v2\/media?parent=601309"}],"wp:term":[{"taxonomy":"category","embeddable":true,"href":"https:\/\/www.europesays.com\/fr\/wp-json\/wp\/v2\/categories?post=601309"},{"taxonomy":"post_tag","embeddable":true,"href":"https:\/\/www.europesays.com\/fr\/wp-json\/wp\/v2\/tags?post=601309"}],"curies":[{"name":"wp","href":"https:\/\/api.w.org\/{rel}","templated":true}]}}