{"id":601315,"date":"2025-12-15T18:12:13","date_gmt":"2025-12-15T18:12:13","guid":{"rendered":"https:\/\/www.europesays.com\/fr\/601315\/"},"modified":"2025-12-15T18:12:13","modified_gmt":"2025-12-15T18:12:13","slug":"atp-carlos-bernardes-celebre-arbitre-du-circuit-desormais-a-la-retraite-le-kine-de-novak-djokovic-ma-dit-quil-avait-eu-du-mal-a-dormir-pendant-trois-mois","status":"publish","type":"post","link":"https:\/\/www.europesays.com\/fr\/601315\/","title":{"rendered":"ATP > Carlos Bernardes, c\u00e9l\u00e8bre arbitre du circuit d\u00e9sormais \u00e0 la retraite : \u00ab\u00a0Le kin\u00e9 de Novak Djokovic m&rsquo;a dit qu&rsquo;il avait eu du mal \u00e0 dormir pendant trois mois\u00a0\u00bb"},"content":{"rendered":"<p>Officiellement retrait\u00e9 depuis un an, Carlos Bernardes, qui a arbitr\u00e9 pendant pr\u00e8s de 40 ans sur le circuit profes\u00adsionnel, a r\u00e9cem\u00adment accord\u00e9 une petite inter\u00adview \u00e0 nos confr\u00e8res italiens d\u2019<a href=\"https:\/\/www.ubitennis.com\/blog\/2025\/12\/14\/carlos-bernardes-larresto-cardiaco-mi-ha-cambiato-molto-con-un-grande-ego-non-vai-avanti-esclusiva\/?feed_id=58424&amp;_unique_id=693f0af3ca546\" data-wpel-link=\"external\" target=\"_blank\" rel=\"nofollow external noopener\">Ubitennis<\/a>.<\/p>\n<p>Victime d\u2019un infarctus en 2021, le Br\u00e9silien est revenu sur cet \u00e9v\u00e8ne\u00adment qui a failli lui co\u00fbter la\u00a0vie.\u00a0<\/p>\n<p><strong>\u00ab\u202fUn arr\u00eat cardiaque vous change profon\u00add\u00e9\u00adment. J\u2019ai pass\u00e9 dix jours \u00e0 l\u2019h\u00f4pital apr\u00e8s ce qui m\u2019est arriv\u00e9 et j\u2019y ai rencontr\u00e9 telle\u00adment de m\u00e9de\u00adcins, telle\u00adment d\u2019infirmi\u00e8res.\u00a0Ils vivent cela tous les jours, le premier cardio\u00adlogue \u00e0 qui j\u2019ai parl\u00e9 m\u2019a dit que la m\u00eame chose \u00e9tait arriv\u00e9e \u00e0 son fr\u00e8re. Beaucoup de joueurs m\u2019ont parl\u00e9 de leur m\u00e8re ou de leur p\u00e8re, le kin\u00e9 de Djokovic m\u2019a dit qu\u2019il avait eu du mal \u00e0 dormir pendant trois mois parce qu\u2019il avait peur de fermer les yeux. \u00c0 ce moment\u2010l\u00e0, vous pensez qu\u2019on vous a donn\u00e9 une seconde chance et vous profitez donc de la vie. J\u2019ai perdu deux amis ces derni\u00e8res ann\u00e9es, dont Massimo Morelli, l\u2019ar\u00adbitre de chaise italien, et je me souviens qu\u2019il faisait beau\u00adcoup de choses, qu\u2019il plani\u00adfiait tout. Parfois, nous oublions de vivre l\u2019ins\u00adtant pr\u00e9sent sans trop plani\u00adfier. Cela vous fait r\u00e9fl\u00e9\u00adchir, car c\u2019est une exp\u00e9\u00adrience diffi\u00adcile, car vous pour\u00adriez dispa\u00adra\u00eetre sans pr\u00e9avis.\u202f\u00bb<\/strong><\/p>\n<p class=\"post-published-date\" style=\"color: silver; font-size: 75%; text-align: left;\">Publi\u00e9 le lundi 15 d\u00e9cembre 2025 \u00e0 17:26<\/p>\n","protected":false},"excerpt":{"rendered":"Officiellement retrait\u00e9 depuis un an, Carlos Bernardes, qui a arbitr\u00e9 pendant pr\u00e8s de 40 ans sur le circuit&hellip;\n","protected":false},"author":2,"featured_media":601316,"comment_status":"","ping_status":"","sticky":false,"template":"","format":"standard","meta":{"footnotes":""},"categories":[1415],"tags":[105,1011,27,60,1467],"class_list":{"0":"post-601315","1":"post","2":"type-post","3":"status-publish","4":"format-standard","5":"has-post-thumbnail","7":"category-tennis","8":"tag-djokovic","9":"tag-fr","10":"tag-france","11":"tag-sports","12":"tag-tennis"},"share_on_mastodon":{"url":"https:\/\/pubeurope.com\/@fr\/115724939618586814","error":""},"_links":{"self":[{"href":"https:\/\/www.europesays.com\/fr\/wp-json\/wp\/v2\/posts\/601315","targetHints":{"allow":["GET"]}}],"collection":[{"href":"https:\/\/www.europesays.com\/fr\/wp-json\/wp\/v2\/posts"}],"about":[{"href":"https:\/\/www.europesays.com\/fr\/wp-json\/wp\/v2\/types\/post"}],"author":[{"embeddable":true,"href":"https:\/\/www.europesays.com\/fr\/wp-json\/wp\/v2\/users\/2"}],"replies":[{"embeddable":true,"href":"https:\/\/www.europesays.com\/fr\/wp-json\/wp\/v2\/comments?post=601315"}],"version-history":[{"count":0,"href":"https:\/\/www.europesays.com\/fr\/wp-json\/wp\/v2\/posts\/601315\/revisions"}],"wp:featuredmedia":[{"embeddable":true,"href":"https:\/\/www.europesays.com\/fr\/wp-json\/wp\/v2\/media\/601316"}],"wp:attachment":[{"href":"https:\/\/www.europesays.com\/fr\/wp-json\/wp\/v2\/media?parent=601315"}],"wp:term":[{"taxonomy":"category","embeddable":true,"href":"https:\/\/www.europesays.com\/fr\/wp-json\/wp\/v2\/categories?post=601315"},{"taxonomy":"post_tag","embeddable":true,"href":"https:\/\/www.europesays.com\/fr\/wp-json\/wp\/v2\/tags?post=601315"}],"curies":[{"name":"wp","href":"https:\/\/api.w.org\/{rel}","templated":true}]}}