{"id":601317,"date":"2025-12-15T18:16:17","date_gmt":"2025-12-15T18:16:17","guid":{"rendered":"https:\/\/www.europesays.com\/fr\/601317\/"},"modified":"2025-12-15T18:16:17","modified_gmt":"2025-12-15T18:16:17","slug":"cyclisme-interview-attila-valter-cetait-difficile-davoir-confiance-chez-visma","status":"publish","type":"post","link":"https:\/\/www.europesays.com\/fr\/601317\/","title":{"rendered":"Cyclisme. INTERVIEW &#8211; Attila Valter : \u00abC&rsquo;\u00e9tait difficile d&rsquo;avoir confiance chez Visma&#8230;\u00bb"},"content":{"rendered":"<p> Lire la suite de l&rsquo;article&#13;<\/p>\n<p>\u00a0<\/p>\n<p>&#13;<br \/>\n\u00ab\u00a0J&rsquo;avais besoin d&rsquo;un changement\u00a0\u00bb&#13;<\/p>\n<p><strong>Apr\u00e8s trois saisons avec Jumbo-Visma, devenue Visma | Lease a Bike, qu&rsquo;est-ce qui t&rsquo;a pouss\u00e9 \u00e0 changer d&rsquo;\u00e9quipe ?<\/strong><\/p>\n<p>&#13;<\/p>\n<p>J&rsquo;ai v\u00e9cu ce que je pouvais vivre l\u00e0-bas. Et j&rsquo;ai vraiment senti, surtout apr\u00e8s 2025, que j&rsquo;avais besoin d&rsquo;un changement et que j&rsquo;avais besoin de plus de confiance. Pour moi, c&rsquo;\u00e9tait difficile de trouver la confiance dans cet environnement, ce qui est, je pense, plut\u00f4t normal.\u00a0Au final, c&rsquo;\u00e9tait une d\u00e9cision difficile, parce que j&rsquo;aimais Visma | Lease a Bike. Je la consid\u00e8re toujours comme l&rsquo;une des meilleures \u00e9quipes, bien s\u00fbr. Mais Bahrain \u00e9tait vraiment enthousiaste \u00e0 l&rsquo;id\u00e9e de me laisser une place sur de nombreuses bonnes courses. Ils croyaient vraiment en moi, et cette confiance, je l&rsquo;avais manqu\u00e9e. Jusqu&rsquo;ici, apr\u00e8s une semaine, je suis vraiment content du changement.<\/p>\n<p>&#13;<\/p>\n<p>\u00a0<\/p>\n<p>&#13;<\/p>\n<p><strong>As-tu d\u00e9j\u00e0 remarqu\u00e9 des diff\u00e9rences entre ton ancienne \u00e9quipe Visma et maintenant, Bahrain ?<\/strong><\/p>\n<p>&#13;<\/p>\n<p>Beaucoup de coureurs, beaucoup de mes nouveaux coll\u00e8gues m&rsquo;ont demand\u00e9 cela.\u00a0Au final, d&rsquo;un c\u00f4t\u00e9, je pense que chaque \u00e9quipe est vraiment diff\u00e9rente. Mais de l&rsquo;autre c\u00f4t\u00e9, toutes les \u00e9quipes font la m\u00eame chose, avec quelques diff\u00e9rences.\u00a0Bahrain est beaucoup plus professionnel que ce \u00e0 quoi je m&rsquo;attendais. Nous avons eu de longues discussions avant et ils m&rsquo;ont convaincu, donc je savais d\u00e9j\u00e0 qu&rsquo;ils avaient un vision professionnelle.\u00a0Et c&rsquo;est vraiment comparable avec ce que j&rsquo;ai ressenti ces derni\u00e8res ann\u00e9es avec Visma.\u00a0 Du point de vue de la nourriture, du point de vue de l&rsquo;entra\u00eenement, de tout.<\/p>\n<p>&#13;<\/p>\n<p>\u00a0<\/p>\n<p>&#13;<\/p>\n<p><strong>Donc vous aurez un r\u00f4le diff\u00e9rent maintenant \u00e0 Bahrain que chez Visma, o\u00f9 vous \u00e9tiez plus un \u00e9quipier ?<\/strong><\/p>\n<p>&#13;<\/p>\n<p>Chez Visma, j&rsquo;\u00e9tais plut\u00f4t \u00e9quipier ce qui n&rsquo;\u00e9tait pas un probl\u00e8me pour moi. Mais je suis toujours enthousiaste de chercher mes propres r\u00e9sultats. Je sais qu&rsquo;ils m&rsquo;ont donn\u00e9 des opportunit\u00e9s mais pour moi, c&rsquo;\u00e9tait vraiment difficile d&rsquo;en faire quelque chose sans une certaine confiance. Et quand vous faites une semaine au service des leaders, et la semaine suivante o\u00f9 vous pouvez vous battre avec les meilleurs&#8230; C&rsquo;est vraiment difficile mentalement.<\/p>\n<p>&#13;<\/p>\n<p>\u00a0<\/p>\n<p>&#13;<br \/>\nAlec Segaert s&rsquo;est \u00e9galement entretenu avec Cyclism&rsquo;Actu&#13;<\/p>\n<p style=\"text-align: center;\">\n<p>&#13;<\/p>\n<p>\u00a0<\/p>\n<p>&#13;<br \/>\n\u00ab\u00a0Je serais heureux de faire l&rsquo;\u00e9quipier pour Lenny\u00a0\u00bb&#13;<\/p>\n<p><strong>Alors, quels seront vos principaux objectifs pour la saison ?<\/strong><\/p>\n<p>&#13;<\/p>\n<p>Je ferai beaucoup de classiques, surtout au d\u00e9but de l&rsquo;ann\u00e9e. Les Strade Bianche sont l&rsquo;un de mes objectifs, c&rsquo;est une course que j&rsquo;aime beaucoup. Et je vais aussi d\u00e9couvrir de nouvelles choses,\u00a0des classiques flandriennes. Je vais voir comment \u00e7a se passe. Et le reste de la saison a l&rsquo;air aussi incroyable, je ne pourrais r\u00eaver mieux. Je ferai aussi un Grand Tour.<\/p>\n<p>&#13;<\/p>\n<p>\u00a0<\/p>\n<p>&#13;<\/p>\n<p><strong>Mais tu auras aussi, sur certaines courses, un r\u00f4le d&rsquo;\u00e9quipier ? Peut-\u00eatre autour de Lenny Martinez ou d&rsquo;Antonio Tiberi ou de certains de ces coureurs ?<\/strong><\/p>\n<p>&#13;<\/p>\n<p>Jusqu&rsquo;ici, on a parl\u00e9 de mes objectifs, ce qui est agr\u00e9able. Mais je pense qu&rsquo;ils savent aussi, et c&rsquo;est ce que j&rsquo;ai aussi d\u00e9couvert\u00a0 \u00e0 Visma, que, avec une bonne pr\u00e9paration, je peux \u00eatre l&rsquo;un des meilleurs \u00e9quipiers, sur le plat et en montagne. Si je fais des courses, et qu&rsquo;ils ont besoin de moi, je serais heureux de faire l&rsquo;\u00e9quipier. Mais j&rsquo;aime le fait que nous nous concentrons sur ce que je suis capable de faire.<strong><br \/><\/strong><\/p>\n","protected":false},"excerpt":{"rendered":"Lire la suite de l&rsquo;article&#13; \u00a0 &#13; \u00ab\u00a0J&rsquo;avais besoin d&rsquo;un changement\u00a0\u00bb&#13; Apr\u00e8s trois saisons avec Jumbo-Visma, devenue Visma&hellip;\n","protected":false},"author":2,"featured_media":601318,"comment_status":"","ping_status":"","sticky":false,"template":"","format":"standard","meta":{"footnotes":""},"categories":[1411],"tags":[1154,207,211,1011,27,2173,209,60,210,212,208,213],"class_list":{"0":"post-601317","1":"post","2":"type-post","3":"status-publish","4":"format-standard","5":"has-post-thumbnail","7":"category-cyclisme","8":"tag-cycling","9":"tag-cyclisme","10":"tag-ffc","11":"tag-fr","12":"tag-france","13":"tag-interview","14":"tag-route","15":"tag-sports","16":"tag-tour-de-france","17":"tag-uci","18":"tag-velo","19":"tag-world-tour"},"share_on_mastodon":{"url":"https:\/\/pubeurope.com\/@fr\/115724955501359342","error":""},"_links":{"self":[{"href":"https:\/\/www.europesays.com\/fr\/wp-json\/wp\/v2\/posts\/601317","targetHints":{"allow":["GET"]}}],"collection":[{"href":"https:\/\/www.europesays.com\/fr\/wp-json\/wp\/v2\/posts"}],"about":[{"href":"https:\/\/www.europesays.com\/fr\/wp-json\/wp\/v2\/types\/post"}],"author":[{"embeddable":true,"href":"https:\/\/www.europesays.com\/fr\/wp-json\/wp\/v2\/users\/2"}],"replies":[{"embeddable":true,"href":"https:\/\/www.europesays.com\/fr\/wp-json\/wp\/v2\/comments?post=601317"}],"version-history":[{"count":0,"href":"https:\/\/www.europesays.com\/fr\/wp-json\/wp\/v2\/posts\/601317\/revisions"}],"wp:featuredmedia":[{"embeddable":true,"href":"https:\/\/www.europesays.com\/fr\/wp-json\/wp\/v2\/media\/601318"}],"wp:attachment":[{"href":"https:\/\/www.europesays.com\/fr\/wp-json\/wp\/v2\/media?parent=601317"}],"wp:term":[{"taxonomy":"category","embeddable":true,"href":"https:\/\/www.europesays.com\/fr\/wp-json\/wp\/v2\/categories?post=601317"},{"taxonomy":"post_tag","embeddable":true,"href":"https:\/\/www.europesays.com\/fr\/wp-json\/wp\/v2\/tags?post=601317"}],"curies":[{"name":"wp","href":"https:\/\/api.w.org\/{rel}","templated":true}]}}