{"id":601321,"date":"2025-12-15T18:18:23","date_gmt":"2025-12-15T18:18:23","guid":{"rendered":"https:\/\/www.europesays.com\/fr\/601321\/"},"modified":"2025-12-15T18:18:23","modified_gmt":"2025-12-15T18:18:23","slug":"loris-giuliano-tire-un-feu-dartifice-devant-la-tour-eiffel-et-evidemment-ca-finit-mal-le-grand-nimporte-quoi-des-reseaux-sociaux-konbini","status":"publish","type":"post","link":"https:\/\/www.europesays.com\/fr\/601321\/","title":{"rendered":"Loris Giuliano tire un feu d\u2019artifice devant la tour Eiffel, et \u00e9videmment, \u00e7a finit mal : le grand n\u2019importe quoi des r\u00e9seaux sociaux &#8211; Konbini"},"content":{"rendered":"<ol>\n<li><a href=\"https:\/\/news.google.com\/rss\/articles\/CBMi9AFBVV95cUxNSnhzRDFjaHM1cVJKSU5XTVVYZENHUC1BY3RVb3NUNkFXX3hKUWNtSEhOXzdya1duNDVYZHBxM2dLXzZQdmMtRENRMW5sLXliYUJ3X2Rvd21nTG1aUXBKeURHZjRpNjVBNERHMkJLTFhZZ1ExVFUxRzVRbEFxc3hvajBJV3lGQ2NHRFdjRWZjNDRNYTR4RHEzYkhuMXY3TDRrXzY5NktoWE84UHlCU191ZklzUE9zOHNXUHRUX2tRaGNfd1QtSVB3N0I3MndnWGUwdmFabDlmYTZBSkV4Z3hGSWFwOTNPVlAzaU9FY1h1WXY2TUVs?oc=5\" target=\"_blank\" rel=\"noopener\">Loris Giuliano tire un feu d\u2019artifice devant la tour Eiffel, et \u00e9videmment, \u00e7a finit mal : le grand n\u2019importe quoi des r\u00e9seaux sociaux<\/a>&nbsp;&nbsp;Konbini<\/li>\n<li><a href=\"https:\/\/news.google.com\/rss\/articles\/CBMivgJBVV95cUxQaEoyd0xmbUNYWFI5U0JrOUFuSFdCeUZieDJTWFBzUzJPTTY3dEdqM21sb3Z4Y0tvYzNGcHdpc2lyQXQxdzJvM3NlRHAzMTMzT0hFYmVXU043MDdLY09CcGJ1MXRud2tqSUdWbWdUVnBmeHlPa25UeGt4MlBLdTdHU1g2eU9ISmdSQ1lrQlJZY3ZZYnVib3NTWGdSSEEzMHp2Rk9seDJIWVo3ZzhrTzhDVlptWmpNNkNGcjh1bU12QUtrYVdXMkpHeWx6c2huSEhfZHVqazBDaWdfX2ZBLTd2LVphcWpJRlVrTzFjSFpKamhqajdHLW9tRTBtMTExZzJjblZGZWpVX0NuUmZsRnhaZmtJM01vaUdIa2JlT3VrMXhzVTMzR0g0eG1BbzllYkp4MkpkZkFuMXJPSktEZ2c?oc=5\" target=\"_blank\" rel=\"noopener\">Paris : un impressionnant feu d\u2019artifice tir\u00e9 par le vid\u00e9aste Loris Giuliano au Trocad\u00e9ro, une enqu\u00eate ouverte<\/a>&nbsp;&nbsp;Le Parisien<\/li>\n<li><a href=\"https:\/\/news.google.com\/rss\/articles\/CBMi3gFBVV95cUxOTEs1WnBqVEZoRlM2UzNmQlpaOVpEYWYtUmRRY0h5X1VVNjhGekhWS2hhOWhlSEtSQ2xKY0p4M1lYc1d5eUZCZkxxV1hhTW52VzlFYURMZFVSTHZEUUpvYk9oSGIyN0wxWDMtRkNpT2ZNUTJtTThhN2ZaRHZkR3VDa0dWNmdCMmlZZGNOYjNoUFdoNkRPMXBRUk8zU1B4QWhBWktrdWZpZW0zUEw1ZTV2a3VKcEdqMkw2aFA0NXM1RWJWQ0M0VUxVSHpiSDJTdG9HcndWaEJ2QWFaUVRhNUE?oc=5\" target=\"_blank\" rel=\"noopener\">Loris Giuliano, r\u00e9alisateur du documentaire \u00ab Napoli \u00bb : \u00ab Naples me ressemble, c&rsquo;est un bordel harmonieux \u00bb<\/a>&nbsp;&nbsp;L&rsquo;\u00c9quipe<\/li>\n<li><a href=\"https:\/\/news.google.com\/rss\/articles\/CBMi0gFBVV95cUxObmctam1ZT1ZTd2tCcHFRaUprSW1mb0swR2NLWG5DVHFrdl9TbENIclY0Nk1aaTFUdllsV3JmM2ZYRmFKRFhmUWh5X0pOcXdJMXlUVk5uT1JjdXgzc0RiY3RFc2VzSnRCR2NlZmUtREtzQ0RHLW9sZ3BxUlRzUGd6NXg2blhDM1l4T1pDemRrUWE1T044SWkzUElQTVJiekx2M3RIT3JGM3hlY19NRUowUDZ6UE1uQ1F2c3V3NXZFSEwzWDZweS1xTm9POEV6am1BOWc?oc=5\" target=\"_blank\" rel=\"noopener\">Paris : un influenceur filme un impressionnant feu d\u2019artifice au Trocad\u00e9ro, une enqu\u00eate ouverte<\/a>&nbsp;&nbsp;Le Figaro<\/li>\n<li><a href=\"https:\/\/news.google.com\/rss\/articles\/CBMipAJBVV95cUxNd240dkp5bTgyRXRBX3ROMDN1akgxVzMyQnJZb1IxTFlySVVkbFFBeDhoa0J3OGN0d0xneDcwZjk2ZUItblkxRWFPbWJYTk5pUjZKQkZjbElsSFhrWm9yYUlNYWM3amZ0aUJTR2owR2hZb1VLS1RwVHJTcDdhXy1pQjF4WU1qNU9LeExBMi1MT29UUEVHMXFBV0hNc1FUa081MzI1blg1Rk8zQktRM2VUbG9LcmtRMkVjZXVJc083MGhOZmlySHdnaDBXNUpPSkpwSXFEWFpONjFla2hZODdGMGZhc19PdXNTVHJFZDV0MHliVmpOZkpFNEJIUmpEeGpLNFdVb1lfVnZ4UFZOS1Zib2daZWdhdkNSSlRZb3hFRlV3bWRs?oc=5\" target=\"_blank\" rel=\"noopener\">Paris : le cr\u00e9ateur de contenus Loris Giuliano tire un impressionnant feu d\u2019artifice \u00ab non autoris\u00e9 \u00bb au Trocad\u00e9ro<\/a>&nbsp;&nbsp;Ouest-France<\/li>\n<\/ol>\n","protected":false},"excerpt":{"rendered":"Loris Giuliano tire un feu d\u2019artifice devant la tour Eiffel, et \u00e9videmment, \u00e7a finit mal : le grand&hellip;\n","protected":false},"author":2,"featured_media":601322,"comment_status":"","ping_status":"","sticky":false,"template":"","format":"standard","meta":{"footnotes":""},"categories":[1359],"tags":[58,59,1011,27,310,973],"class_list":{"0":"post-601321","1":"post","2":"type-post","3":"status-publish","4":"format-standard","5":"has-post-thumbnail","7":"category-people","8":"tag-divertissement","9":"tag-entertainment","10":"tag-fr","11":"tag-france","12":"tag-internet","13":"tag-people"},"share_on_mastodon":{"url":"https:\/\/pubeurope.com\/@fr\/115724963357885753","error":""},"_links":{"self":[{"href":"https:\/\/www.europesays.com\/fr\/wp-json\/wp\/v2\/posts\/601321","targetHints":{"allow":["GET"]}}],"collection":[{"href":"https:\/\/www.europesays.com\/fr\/wp-json\/wp\/v2\/posts"}],"about":[{"href":"https:\/\/www.europesays.com\/fr\/wp-json\/wp\/v2\/types\/post"}],"author":[{"embeddable":true,"href":"https:\/\/www.europesays.com\/fr\/wp-json\/wp\/v2\/users\/2"}],"replies":[{"embeddable":true,"href":"https:\/\/www.europesays.com\/fr\/wp-json\/wp\/v2\/comments?post=601321"}],"version-history":[{"count":0,"href":"https:\/\/www.europesays.com\/fr\/wp-json\/wp\/v2\/posts\/601321\/revisions"}],"wp:featuredmedia":[{"embeddable":true,"href":"https:\/\/www.europesays.com\/fr\/wp-json\/wp\/v2\/media\/601322"}],"wp:attachment":[{"href":"https:\/\/www.europesays.com\/fr\/wp-json\/wp\/v2\/media?parent=601321"}],"wp:term":[{"taxonomy":"category","embeddable":true,"href":"https:\/\/www.europesays.com\/fr\/wp-json\/wp\/v2\/categories?post=601321"},{"taxonomy":"post_tag","embeddable":true,"href":"https:\/\/www.europesays.com\/fr\/wp-json\/wp\/v2\/tags?post=601321"}],"curies":[{"name":"wp","href":"https:\/\/api.w.org\/{rel}","templated":true}]}}