{"id":601323,"date":"2025-12-15T18:19:16","date_gmt":"2025-12-15T18:19:16","guid":{"rendered":"https:\/\/www.europesays.com\/fr\/601323\/"},"modified":"2025-12-15T18:19:16","modified_gmt":"2025-12-15T18:19:16","slug":"le-personnel-du-louvre-vote-la-greve-le-musee-ferme-15-12-2025-a-1435","status":"publish","type":"post","link":"https:\/\/www.europesays.com\/fr\/601323\/","title":{"rendered":"Le personnel du Louvre vote la gr\u00e8ve, le mus\u00e9e ferm\u00e9 &#8211; 15\/12\/2025 \u00e0 14:35"},"content":{"rendered":"<p>        <img decoding=\"async\" src=\"https:\/\/www.europesays.com\/fr\/wp-content\/uploads\/2025\/12\/829a7a9592ce950d4c416eebf19363eb-760x508.jpg\" alt=\"Une vue montre la Galerie des Cinq Continents r\u00e9nov\u00e9e dans l'aile Denon au mus\u00e9e du Louvre \u00e0 Paris\" loading=\"eager\" fetchpriority=\"high\" width=\"760\" height=\"508\" style=\"max-width: 100%!important; height: auto;\"\/><\/p>\n<p class=\"c-image-news__legend\">Une vue montre la Galerie des Cinq Continents r\u00e9nov\u00e9e dans l&rsquo;aile Denon au mus\u00e9e du Louvre \u00e0 Paris<\/p>\n<p>\n Le mus\u00e9e du Louvre restera ferm\u00e9 lundi alors que le personnel de l&rsquo;\u00e9tablissement parisien a vot\u00e9 en faveur d&rsquo;une gr\u00e8ve reconductible afin de d\u00e9noncer des conditions de travail \u00ab\u00a0toujours plus d\u00e9grad\u00e9es\u00a0\u00bb.\n<\/p>\n<p>\n \u00ab\u00a0Aujourd&rsquo;hui, \u00e0 l&rsquo;unanimit\u00e9, 400 agents se sont prononc\u00e9s en faveur de cette mobilisation, en faveur de cette gr\u00e8ve, et c&rsquo;est chaque jour que les personnels d\u00e9cideront souverainement si oui ou non ils reconduisent le mouvement\u00a0\u00bb, a d\u00e9clar\u00e9 un repr\u00e9sentant syndical \u00e0 la presse \u00e0 l&rsquo;issue d&rsquo;une assembl\u00e9e g\u00e9n\u00e9rale des salari\u00e9s.\n<\/p>\n<p>\n \u00ab\u00a0En raison d\u2019un mouvement social, le mus\u00e9e est ferm\u00e9 pour le moment\u00a0\u00bb, peut-on lire sur le site internet du Louvre.\n<\/p>\n<p>\n Dans un pr\u00e9avis de gr\u00e8ve publi\u00e9 le 8 d\u00e9cembre, la SNMD-CGT Culture, la CFDT Culture et SUD Culture ont estim\u00e9 que le personnel du Louvre n&rsquo;\u00e9tait pas en mesure d&rsquo;accomplir ses \u00ab\u00a0missions de service public\u00a0\u00bb et d\u00e9plor\u00e9 les d\u00e9faillances techniques et la v\u00e9tust\u00e9 du b\u00e2timent du mus\u00e9e.\n<\/p>\n<p>\n L&rsquo;intersyndicale revendique entre autres l&#8217;embauche de personnel permanent suppl\u00e9mentaire, en particulier dans les services de s\u00e9curit\u00e9 et d&rsquo;accueil des visiteurs.\n<\/p>\n<p>\n Le Louvre, qui accueille environ 30.000 visiteurs par jour, a \u00e9t\u00e9 le th\u00e9\u00e2tre en octobre d&rsquo;un spectaculaire vol commis en plein jour lorsque des bijoux d&rsquo;une valeur \u00e9valu\u00e9e \u00e0 88 millions d&rsquo;euros ont \u00e9t\u00e9 d\u00e9rob\u00e9s.\n<\/p>\n<p>\n Ce cambriolage a suscit\u00e9 un vif d\u00e9bat en France sur les failles de s\u00e9curit\u00e9 et la v\u00e9tust\u00e9 du b\u00e2timent du mus\u00e9e le plus visit\u00e9 au monde.\n<\/p>\n<p>\n (Reportage Benoit Tessier, No\u00e9mie Olive et Lauren Bacqui\u00e9, r\u00e9dig\u00e9 par Etienne Breban, avec Mathieu Rosemain, \u00e9dit\u00e9 par Blandine H\u00e9nault)<\/p>\n","protected":false},"excerpt":{"rendered":"Une vue montre la Galerie des Cinq Continents r\u00e9nov\u00e9e dans l&rsquo;aile Denon au mus\u00e9e du Louvre \u00e0 Paris&hellip;\n","protected":false},"author":2,"featured_media":601324,"comment_status":"","ping_status":"","sticky":false,"template":"","format":"standard","meta":{"footnotes":""},"categories":[1358],"tags":[400,1348,1384,1385,398,408,405,1386,58,59,1011,27,403,402,399,404,401,406,407],"class_list":{"0":"post-601323","1":"post","2":"type-post","3":"status-publish","4":"format-standard","5":"has-post-thumbnail","7":"category-arts-et-design","8":"tag-action-cac-40","9":"tag-arts","10":"tag-arts-and-design","11":"tag-arts-et-design","12":"tag-bourse-de-paris","13":"tag-boursorama","14":"tag-cotations","15":"tag-design","16":"tag-divertissement","17":"tag-entertainment","18":"tag-fr","19":"tag-france","20":"tag-indices-devises","21":"tag-investir","22":"tag-investissement","23":"tag-marche-boursier","24":"tag-sicav","25":"tag-trackers","26":"tag-warrants"},"share_on_mastodon":{"url":"https:\/\/pubeurope.com\/@fr\/115724968631361807","error":""},"_links":{"self":[{"href":"https:\/\/www.europesays.com\/fr\/wp-json\/wp\/v2\/posts\/601323","targetHints":{"allow":["GET"]}}],"collection":[{"href":"https:\/\/www.europesays.com\/fr\/wp-json\/wp\/v2\/posts"}],"about":[{"href":"https:\/\/www.europesays.com\/fr\/wp-json\/wp\/v2\/types\/post"}],"author":[{"embeddable":true,"href":"https:\/\/www.europesays.com\/fr\/wp-json\/wp\/v2\/users\/2"}],"replies":[{"embeddable":true,"href":"https:\/\/www.europesays.com\/fr\/wp-json\/wp\/v2\/comments?post=601323"}],"version-history":[{"count":0,"href":"https:\/\/www.europesays.com\/fr\/wp-json\/wp\/v2\/posts\/601323\/revisions"}],"wp:featuredmedia":[{"embeddable":true,"href":"https:\/\/www.europesays.com\/fr\/wp-json\/wp\/v2\/media\/601324"}],"wp:attachment":[{"href":"https:\/\/www.europesays.com\/fr\/wp-json\/wp\/v2\/media?parent=601323"}],"wp:term":[{"taxonomy":"category","embeddable":true,"href":"https:\/\/www.europesays.com\/fr\/wp-json\/wp\/v2\/categories?post=601323"},{"taxonomy":"post_tag","embeddable":true,"href":"https:\/\/www.europesays.com\/fr\/wp-json\/wp\/v2\/tags?post=601323"}],"curies":[{"name":"wp","href":"https:\/\/api.w.org\/{rel}","templated":true}]}}