{"id":601350,"date":"2025-12-15T18:35:23","date_gmt":"2025-12-15T18:35:23","guid":{"rendered":"https:\/\/www.europesays.com\/fr\/601350\/"},"modified":"2025-12-15T18:35:23","modified_gmt":"2025-12-15T18:35:23","slug":"nancy-la-boheme-conte-triste-a-lopera-mais-joyeux-noel-pour-les-spectateurs","status":"publish","type":"post","link":"https:\/\/www.europesays.com\/fr\/601350\/","title":{"rendered":"Nancy. La Boh\u00e8me , conte triste \u00e0 l\u2019op\u00e9ra mais joyeux No\u00ebl pour les spectateurs"},"content":{"rendered":"<p>No\u00ebl, cette p\u00e9riode parfaite pour se poser \u00e0 l\u2019op\u00e9ra devant l\u2019\u00e9quivalent de ces films vus et revus \u00e0 la t\u00e9l\u00e9 dans la p\u00e9riode, un Love Actually  plut\u00f4t tragique\u00a0: La Boh\u00e8me , de Puccini. Il manque juste la possibilit\u00e9 d\u2019avoir un pot de glace sous la main pour savourer ce plaisir r\u00e9gressif.<\/p>\n<p>L\u2019op\u00e9ra sait ce qu\u2019il fait d\u2019ailleurs en programmant cette \u0153uvre \u00e0 cette p\u00e9riode\u00a0: les salles sont combles de haut en bas. N\u2019a-t-on pas vu ce dimanche un homme tenir, \u00e0 l\u2019entr\u00e9e de l\u2019op\u00e9ra, un papier avec les mots \u00ab\u00a0Recherche place\u00a0\u00bb inscrits dessus\u00a0? La Boh\u00e8me , op\u00e9ra-star, \u0153uvre convoit\u00e9e\u2026<\/p>\n<p>Mis \u00e0 part le sapin illumin\u00e9 de la <a href=\"https:\/\/www.estrepublicain.fr\/p\/place-stanislas\" target=\"_blank\" rel=\"noopener\">place Stanislas<\/a>, pris en photo depuis le foyer \u00e0 l\u2019entracte, qu\u2019est-ce qui attire autant dans un spectacle o\u00f9 une femme meurt de maladie \u00e0 la fin (on ne divulg\u00e2che rien, l\u2019intrigue est archi connue)\u00a0? Sans doute y a-t-il cette id\u00e9e de pleurer sur la sublime musique de Puccini. Il faut avoir un c\u0153ur de pierre pour ne pas sentir une larme monter quand Mimi (Lucie Peyramaure, d\u00e9j\u00e0 vue \u00e0 deux reprises \u00e0 Nancy) exhale son dernier soupir\u00a0: son amant, Rodolfo (Angel Romero) retrouv\u00e9 \u00e0 la derni\u00e8re minute ne veut pas y croire \u2013 et on y croit qu\u2019il n\u2019y croit pas.<\/p>\n<p>  Du No\u00ebl dans l\u2019air<\/p>\n<p>\u00c0 la baguette, Marta Gardolinska dirige l\u00e0 sa derni\u00e8re \u0153uvre en tant que directrice musicale de l\u2019op\u00e9ra, dans une mise en sc\u00e8ne sage et honn\u00eate <a href=\"https:\/\/www.estrepublicain.fr\/culture-loisirs\/2025\/12\/11\/opera-i-la-boheme-i-non-mimi-n-est-pas-une-petite-chose-vulnerable\" target=\"_blank\" rel=\"noopener\">de David Geselson.<\/a> Les costumes sont d\u2019\u00e9poque, le d\u00e9cor est d\u2019un froid de saison et on entend les pr\u00e9mices de 1848 dans cette dr\u00f4le de p\u00e9riode.<\/p>\n<p>Mais il y a cette sc\u00e8ne incroyable dans un caf\u00e9. Le ch\u0153ur de Nancy est renforc\u00e9 par celui de Dijon. Cela arrive de tous les c\u00f4t\u00e9s, par la sc\u00e8ne, par la salle. \u00c9tourdi comme ces amants d\u2019un premier soir, on ne sait plus o\u00f9 donner de la t\u00eate, ni des oreilles. Cela chante et il y a du No\u00ebl dans l\u2019air.<\/p>\n<p>C\u2019est peut-\u00eatre \u00e7a, la magie de cette Boh\u00e8me , qui fait venir les spectateurs apr\u00e8s avoir fait leurs courses, appr\u00e9ciant de go\u00fbter ces \u00ab\u00a0tubes\u00a0\u00bb qu\u2019ils connaissent\u00a0: une folie qui emporte pendant quelques heures, loin de ce monde, de l\u2019amour \u00e0 faire frissonner la peau, de l\u2019humour aussi et du r\u00eave, \u00e0 en dormir, \u00e0 en mourir.<\/p>\n<p class=\"note\">Op\u00e9ra de Nancy-Lorraine. Les 17, 19 et 23\u00a0d\u00e9cembre \u00e0 20\u00a0h, le 21 \u00e0 15\u00a0h.<\/p>\n","protected":false},"excerpt":{"rendered":"No\u00ebl, cette p\u00e9riode parfaite pour se poser \u00e0 l\u2019op\u00e9ra devant l\u2019\u00e9quivalent de ces films vus et revus \u00e0&hellip;\n","protected":false},"author":2,"featured_media":601351,"comment_status":"","ping_status":"","sticky":false,"template":"","format":"standard","meta":{"footnotes":""},"categories":[9635],"tags":[1111,11,1687,1704,1777,674,1011,27,775,873,1702,1703,12,25],"class_list":{"0":"post-601350","1":"post","2":"type-post","3":"status-publish","4":"format-standard","5":"has-post-thumbnail","7":"category-nancy","8":"tag-actu","9":"tag-actualites","10":"tag-culture-loisirs","11":"tag-edition-nancy-et-agglomeration","12":"tag-eu","13":"tag-europe","14":"tag-fr","15":"tag-france","16":"tag-grand-est","17":"tag-musique","18":"tag-nancy","19":"tag-nancy-ville-54b","20":"tag-news","21":"tag-republique-francaise"},"share_on_mastodon":{"url":"https:\/\/pubeurope.com\/@fr\/115725030136541755","error":""},"_links":{"self":[{"href":"https:\/\/www.europesays.com\/fr\/wp-json\/wp\/v2\/posts\/601350","targetHints":{"allow":["GET"]}}],"collection":[{"href":"https:\/\/www.europesays.com\/fr\/wp-json\/wp\/v2\/posts"}],"about":[{"href":"https:\/\/www.europesays.com\/fr\/wp-json\/wp\/v2\/types\/post"}],"author":[{"embeddable":true,"href":"https:\/\/www.europesays.com\/fr\/wp-json\/wp\/v2\/users\/2"}],"replies":[{"embeddable":true,"href":"https:\/\/www.europesays.com\/fr\/wp-json\/wp\/v2\/comments?post=601350"}],"version-history":[{"count":0,"href":"https:\/\/www.europesays.com\/fr\/wp-json\/wp\/v2\/posts\/601350\/revisions"}],"wp:featuredmedia":[{"embeddable":true,"href":"https:\/\/www.europesays.com\/fr\/wp-json\/wp\/v2\/media\/601351"}],"wp:attachment":[{"href":"https:\/\/www.europesays.com\/fr\/wp-json\/wp\/v2\/media?parent=601350"}],"wp:term":[{"taxonomy":"category","embeddable":true,"href":"https:\/\/www.europesays.com\/fr\/wp-json\/wp\/v2\/categories?post=601350"},{"taxonomy":"post_tag","embeddable":true,"href":"https:\/\/www.europesays.com\/fr\/wp-json\/wp\/v2\/tags?post=601350"}],"curies":[{"name":"wp","href":"https:\/\/api.w.org\/{rel}","templated":true}]}}