{"id":601354,"date":"2025-12-15T18:39:13","date_gmt":"2025-12-15T18:39:13","guid":{"rendered":"https:\/\/www.europesays.com\/fr\/601354\/"},"modified":"2025-12-15T18:39:13","modified_gmt":"2025-12-15T18:39:13","slug":"la-question-de-la-securite-fait-reagir-au-conseil-municipal-du-pradet","status":"publish","type":"post","link":"https:\/\/www.europesays.com\/fr\/601354\/","title":{"rendered":"La question de la s\u00e9curit\u00e9 fait r\u00e9agir au conseil municipal du Pradet"},"content":{"rendered":"<p class=\"fs-5 \">Pour le dernier conseil municipal de l\u2019ann\u00e9e, les \u00e9lus du Pradet se sont r\u00e9unis afin d\u2019\u00e9voquer les affaires courantes.<\/p>\n<p class=\"fs-5 \">Si plusieurs d\u00e9lib\u00e9rations ont \u00e9t\u00e9 adopt\u00e9es sans difficult\u00e9, certaines ont cr\u00e9\u00e9 le d\u00e9bat. Parmi elles, celle sur le renouvellement de la convention de coordination entre la police municipale et la police nationale. Pr\u00e9sent\u00e9e comme \u00ab un outil destin\u00e9 \u00e0 renforcer la coop\u00e9ration entre les forces de s\u00e9curit\u00e9 \u00bb, cette convention a toutefois fait r\u00e9agir les \u00e9lus de l\u2019opposition, dont une partie y voit \u00ab un document trop administratif et d\u00e9pourvu de v\u00e9ritable orientation politique \u00bb.<\/p>\n<p>                                                                                \u00ab Un texte qui doit traduire une vision et des choix clairs \u00bb<\/p>\n<p class=\"fs-5 \">Val\u00e9rie Rialland, \u00e9lue du groupe Pour les Prad\u00e9tans, a d\u00e9nonc\u00e9 une absence de choix clairs en mati\u00e8re de s\u00e9curit\u00e9. \u00ab La convention de coordination est un outil de mise en \u0153uvre de la strat\u00e9gie municipale de s\u00e9curit\u00e9 et de pr\u00e9vention, qui rel\u00e8ve du maire. Autrement dit, ce texte est bien plus qu\u2019un simple formalisme administratif. Il doit traduire une vision municipale, des priorit\u00e9s et des choix politiques clairs \u00bb, a-t-elle d\u00e9clar\u00e9. Selon elle, la convention soumise au vote se contente de \u00ab renforcer les proc\u00e9dures sans s\u2019interroger sur leur efficacit\u00e9 r\u00e9elle sur le terrain. On coche des cases administratives sans jamais dire ce que l\u2019on veut r\u00e9ellement changer pour les Prad\u00e9tans \u00bb, a-t-elle poursuivi.<\/p>\n<p class=\"fs-5 \">L\u2019\u00e9lue regrette aussi l\u2019absence d\u2019\u00e9l\u00e9ments concrets comme \u00ab la d\u00e9finition de p\u00e9rim\u00e8tres prioritaires, des objectifs lisibles ou encore des indicateurs de r\u00e9sultats. Ce sont des outils sans vision v\u00e9ritable. Ce n\u2019est pas une politique de s\u00e9curit\u00e9, c\u2019est un dispositif \u00bb, a-t-elle conclu. Pour ces raisons, le groupe Pour les Prad\u00e9tans a choisi de s\u2019abstenir lors du vote de la d\u00e9lib\u00e9ration.<\/p>\n<p class=\"fs-5 \">Bernard Pezery, du groupe Semper Supra Det, a lui aussi exprim\u00e9 ses r\u00e9serves apr\u00e8s avoir compar\u00e9 la convention de 2023 \u00e0 celle pr\u00e9sent\u00e9e lors du conseil municipal. \u00ab J\u2019ai le sentiment qu\u2019avec cette convention, la police municipale devient subalterne de la police nationale, avec un \u00e9quilibre qui n\u2019est pas \u00e0 l\u2019avantage de la municipale \u00bb, a-t-il estim\u00e9. Il a \u00e9galement point\u00e9 des modifications concernant les v\u00e9hicules, \u00ab sans que les raisons de ces changements ne soient clairement expliqu\u00e9es. Est-ce une question financi\u00e8re ou un autre \u00e9l\u00e9ment qui justifie cela ? \u00bb, s\u2019est-il interrog\u00e9.<\/p>\n<p class=\"fs-5 \">En r\u00e9ponse, le maire de la ville, Herv\u00e9 Stassinos, a rappel\u00e9 que la convention de coordination n\u2019est \u00ab qu\u2019un des outils \u00e0 la disposition de la municipalit\u00e9 pour assurer la s\u00e9curit\u00e9 sur la commune. Nous avons plusieurs partenaires et nous sommes tous tr\u00e8s sensibles \u00e0 la protection de la population \u00bb, a-t-il affirm\u00e9, en d\u00e9fendant une approche globale et partenariale de la s\u00e9curit\u00e9 locale.<\/p>\n<p>                                                                                Un ch\u00e8que remis \u00e0 l\u2019association P\u2019tite Parenth\u00e8se<\/p>\n<p class=\"fs-5 \">\u00c0 l\u2019issue de la s\u00e9ance du conseil municipal, et dans le cadre de l\u2019op\u00e9ration Octobre rose, un ch\u00e8que d\u2019un montant de 5 000 euros a \u00e9t\u00e9 remis \u00e0 l\u2019association P\u2019tite Parenth\u00e8se. \u00ab Lors du Mondial de la moule 2025, des tee-shirts arborant le ruban rose ont \u00e9t\u00e9 propos\u00e9s \u00e0 la vente, ce qui a permis la collecte de 2 000 euros. Parall\u00e8lement, la recette int\u00e9grale des tickets du carrousel achet\u00e9s tout au long du mois d\u2019octobre, d\u2019une valeur de 3 000 euros, a \u00e9t\u00e9 d\u00e9di\u00e9e \u00e0 la lutte contre le cancer du sein \u00bb, pr\u00e9cise la mairie qui rappelle son engagement en faveur de cette cause, et son soutien aux acteurs de proximit\u00e9 qui accompagnent les proches.<\/p>\n","protected":false},"excerpt":{"rendered":"Pour le dernier conseil municipal de l\u2019ann\u00e9e, les \u00e9lus du Pradet se sont r\u00e9unis afin d\u2019\u00e9voquer les affaires&hellip;\n","protected":false},"author":2,"featured_media":601355,"comment_status":"","ping_status":"","sticky":false,"template":"","format":"standard","meta":{"footnotes":""},"categories":[9619],"tags":[1111,11,1777,674,1011,27,12,882,25,2310],"class_list":{"0":"post-601354","1":"post","2":"type-post","3":"status-publish","4":"format-standard","5":"has-post-thumbnail","7":"category-toulon","8":"tag-actu","9":"tag-actualites","10":"tag-eu","11":"tag-europe","12":"tag-fr","13":"tag-france","14":"tag-news","15":"tag-provence-alpes-cote-dazur","16":"tag-republique-francaise","17":"tag-toulon"},"share_on_mastodon":{"url":"https:\/\/pubeurope.com\/@fr\/115725045910240371","error":""},"_links":{"self":[{"href":"https:\/\/www.europesays.com\/fr\/wp-json\/wp\/v2\/posts\/601354","targetHints":{"allow":["GET"]}}],"collection":[{"href":"https:\/\/www.europesays.com\/fr\/wp-json\/wp\/v2\/posts"}],"about":[{"href":"https:\/\/www.europesays.com\/fr\/wp-json\/wp\/v2\/types\/post"}],"author":[{"embeddable":true,"href":"https:\/\/www.europesays.com\/fr\/wp-json\/wp\/v2\/users\/2"}],"replies":[{"embeddable":true,"href":"https:\/\/www.europesays.com\/fr\/wp-json\/wp\/v2\/comments?post=601354"}],"version-history":[{"count":0,"href":"https:\/\/www.europesays.com\/fr\/wp-json\/wp\/v2\/posts\/601354\/revisions"}],"wp:featuredmedia":[{"embeddable":true,"href":"https:\/\/www.europesays.com\/fr\/wp-json\/wp\/v2\/media\/601355"}],"wp:attachment":[{"href":"https:\/\/www.europesays.com\/fr\/wp-json\/wp\/v2\/media?parent=601354"}],"wp:term":[{"taxonomy":"category","embeddable":true,"href":"https:\/\/www.europesays.com\/fr\/wp-json\/wp\/v2\/categories?post=601354"},{"taxonomy":"post_tag","embeddable":true,"href":"https:\/\/www.europesays.com\/fr\/wp-json\/wp\/v2\/tags?post=601354"}],"curies":[{"name":"wp","href":"https:\/\/api.w.org\/{rel}","templated":true}]}}