{"id":601364,"date":"2025-12-15T18:44:23","date_gmt":"2025-12-15T18:44:23","guid":{"rendered":"https:\/\/www.europesays.com\/fr\/601364\/"},"modified":"2025-12-15T18:44:23","modified_gmt":"2025-12-15T18:44:23","slug":"rouen-un-policier-ecroue-pour-agressions-sexuelles-sur-deux-mineures","status":"publish","type":"post","link":"https:\/\/www.europesays.com\/fr\/601364\/","title":{"rendered":"Rouen : Un policier \u00e9crou\u00e9 pour agressions sexuelles sur deux mineures"},"content":{"rendered":"<p class=\"mb-4 text-lg md:leading-8 break-words\"><strong>investigations &#8211; Le policier, \u00e2g\u00e9 de 51 ans, a \u00e9t\u00e9 plac\u00e9 en d\u00e9tention provisoire ce lundi, apr\u00e8s le t\u00e9moignage de deux jeunes filles et la d\u00e9couverte de contenu p\u00e9dopornographique sur son t\u00e9l\u00e9phone<\/strong><\/p>\n<p class=\"mb-4 text-lg md:leading-8 break-words\">Les victimes sont des fillettes \u00e2g\u00e9es d\u2019une dizaine d\u2019ann\u00e9es au moment des faits. Un <a href=\"https:\/\/www.20minutes.fr\/dossier\/policier?at_medium=RSS%20feed&amp;at_campaign=ynews&amp;utm_source=yahoo&amp;utm_medium=rss&amp;utm_campaign=news_feed&amp;utm_content=in_article_link\" rel=\"nofollow noopener\" target=\"_blank\" data-ylk=\"slk:policier;elm:context_link;itc:0;sec:content-canvas\" class=\"link \">policier<\/a>, adjoint au chef de la brigade des atteintes aux personnes au commissariat de<a href=\"https:\/\/www.20minutes.fr\/dossier\/rouen?at_medium=RSS%20feed&amp;at_campaign=ynews&amp;utm_source=yahoo&amp;utm_medium=rss&amp;utm_campaign=news_feed&amp;utm_content=in_article_link\" rel=\"nofollow noopener\" target=\"_blank\" data-ylk=\"slk:Rouen;elm:context_link;itc:0;sec:content-canvas\" class=\"link \"> Rouen<\/a>, a \u00e9t\u00e9 \u00e9crou\u00e9 pour <a href=\"https:\/\/www.20minutes.fr\/dossier\/agression_sexuelle?at_medium=RSS%20feed&amp;at_campaign=ynews&amp;utm_source=yahoo&amp;utm_medium=rss&amp;utm_campaign=news_feed&amp;utm_content=in_article_link\" rel=\"nofollow noopener\" target=\"_blank\" data-ylk=\"slk:agressions sexuelles;elm:context_link;itc:0;sec:content-canvas\" class=\"link \">agressions sexuelles<\/a> sur mineures et plac\u00e9 en d\u00e9tention provisoire, a annonc\u00e9 lundi le parquet d\u2019Evreux (Eure).<\/p>\n<p class=\"mb-4 text-lg md:leading-8 break-words\">Suite aux t\u00e9moignages de deux jeunes filles et \u00e0 la d\u00e9couverte d\u2019images p\u00e9dopornographiques sur son t\u00e9l\u00e9phone, le mis en cause, \u00e2g\u00e9 de 51 ans, a \u00e9t\u00e9 interpell\u00e9 par des enqu\u00eateurs de l\u2019IGPN, l\u2019inspection g\u00e9n\u00e9rale de la police nationale, puis plac\u00e9 en d\u00e9tention provisoire \u00e0 Evreux, a annonc\u00e9 dans un communiqu\u00e9 le procureur d\u2019Evreux R\u00e9mi Coutin.<\/p>\n<p>Des donn\u00e9es \u00e0 caract\u00e8re p\u00e9dopornographique issues d\u2019une proc\u00e9dure judiciaire<\/p>\n<p class=\"mb-4 text-lg md:leading-8 break-words\">Les deux victimes pr\u00e9sum\u00e9es \u00e9taient amies de l\u2019une des filles du fonctionnaire mis en cause. En juin\u00a02024, une premi\u00e8re jeune fille \u00e2g\u00e9e de 17 ans, scolaris\u00e9e au\u00a0Havre, avait d\u2019abord d\u00e9nonc\u00e9 aupr\u00e8s de l\u2019Education nationale des agressions sexuelles dont elle aurait \u00e9t\u00e9 victime lors de vacances \u00e0 l\u2019\u00e9t\u00e9\u00a02019, \u00e0 l\u2019\u00e2ge de 12 ans, \u00ab\u00a0de la part d\u2019un ami de ses parents\u00a0\u00bb, a expliqu\u00e9 le magistrat dans un communiqu\u00e9.<\/p>\n<p class=\"mb-4 text-lg md:leading-8 break-words\">Le parquet g\u00e9n\u00e9ral de Rouen a d\u00e9cid\u00e9 de d\u00e9payser la proc\u00e9dure au parquet d\u2019Evreux et l\u2019IGPN a \u00e9t\u00e9 saisie dans le cadre d\u2019une enqu\u00eate pr\u00e9liminaire. En janvier\u00a02025, une perquisition sur le lieu de travail et au domicile du policier a conduit \u00e0 la d\u00e9couverte de \u00ab\u00a0nombreuses images \u00e0 caract\u00e8re pornographique ou \u00e9rotique repr\u00e9sentant des mineurs ou des perso(&#8230;)<\/p>\n<p class=\"mb-4 text-lg md:leading-8 break-words\"><a href=\"https:\/\/www.20minutes.fr\/justice\/4191652-20251215-rouen-policier-ecroue-agressions-sexuelles-mineures?at_medium=RSS%20feed&amp;at_campaign=ynews&amp;utm_source=yahoo&amp;utm_medium=rss&amp;utm_campaign=news_feed&amp;utm_content=read_more_link&quot;\" rel=\"nofollow noopener\" target=\"_blank\" data-ylk=\"slk:Lire la suite sur 20minutes;elm:context_link;itc:0;sec:content-canvas\" class=\"link \">Lire la suite sur 20minutes<\/a><\/p>\n<p>\u00c0 lire aussi :<br \/><a href=\"https:\/\/www.20minutes.fr\/faits_divers\/4188476-20251128-essonne-animateur-periscolaire-ecroue-agressions-sexuelles-dix-enfants?at_medium=RSS%20feed&amp;at_campaign=ynews&amp;utm_source=yahoo&amp;utm_medium=rss&amp;utm_campaign=news_feed&amp;utm_content=related_content_link\" rel=\"nofollow noopener\" target=\"_blank\" data-ylk=\"slk:Essonne\u00a0: Un animateur p\u00e9riscolaire \u00e9crou\u00e9 pour des agressions sexuelles sur dix enfants;elm:context_link;itc:0;sec:content-canvas\" class=\"link \">Essonne\u00a0: Un animateur p\u00e9riscolaire \u00e9crou\u00e9 pour des agressions sexuelles sur dix enfants<\/a><br \/><a href=\"https:\/\/www.20minutes.fr\/justice\/4173581-20250917-rennes-homme-tout-faire-ehpad-condamne-agressions-sexuelles-residentes?at_medium=RSS%20feed&amp;at_campaign=ynews&amp;utm_source=yahoo&amp;utm_medium=rss&amp;utm_campaign=news_feed&amp;utm_content=related_content_link\" rel=\"nofollow noopener\" target=\"_blank\" data-ylk=\"slk:Rennes\u00a0: L\u2019homme \u00e0 tout faire d\u2019un Ehpad condamn\u00e9 pour des agressions sexuelles sur des r\u00e9sidentes;elm:context_link;itc:0;sec:content-canvas\" class=\"link \">Rennes\u00a0: L\u2019homme \u00e0 tout faire d\u2019un Ehpad condamn\u00e9 pour des agressions sexuelles sur des r\u00e9sidentes<\/a><\/p>\n","protected":false},"excerpt":{"rendered":"investigations &#8211; Le policier, \u00e2g\u00e9 de 51 ans, a \u00e9t\u00e9 plac\u00e9 en d\u00e9tention provisoire ce lundi, apr\u00e8s le&hellip;\n","protected":false},"author":2,"featured_media":601365,"comment_status":"","ping_status":"","sticky":false,"template":"","format":"standard","meta":{"footnotes":""},"categories":[9587],"tags":[1111,11,5816,1777,674,1011,27,12,5161,10910,25,9590],"class_list":{"0":"post-601364","1":"post","2":"type-post","3":"status-publish","4":"format-standard","5":"has-post-thumbnail","7":"category-rouen","8":"tag-actu","9":"tag-actualites","10":"tag-detention-provisoire","11":"tag-eu","12":"tag-europe","13":"tag-fr","14":"tag-france","15":"tag-news","16":"tag-normandie","17":"tag-policier","18":"tag-republique-francaise","19":"tag-rouen"},"share_on_mastodon":{"url":"https:\/\/pubeurope.com\/@fr\/115725065596071875","error":""},"_links":{"self":[{"href":"https:\/\/www.europesays.com\/fr\/wp-json\/wp\/v2\/posts\/601364","targetHints":{"allow":["GET"]}}],"collection":[{"href":"https:\/\/www.europesays.com\/fr\/wp-json\/wp\/v2\/posts"}],"about":[{"href":"https:\/\/www.europesays.com\/fr\/wp-json\/wp\/v2\/types\/post"}],"author":[{"embeddable":true,"href":"https:\/\/www.europesays.com\/fr\/wp-json\/wp\/v2\/users\/2"}],"replies":[{"embeddable":true,"href":"https:\/\/www.europesays.com\/fr\/wp-json\/wp\/v2\/comments?post=601364"}],"version-history":[{"count":0,"href":"https:\/\/www.europesays.com\/fr\/wp-json\/wp\/v2\/posts\/601364\/revisions"}],"wp:featuredmedia":[{"embeddable":true,"href":"https:\/\/www.europesays.com\/fr\/wp-json\/wp\/v2\/media\/601365"}],"wp:attachment":[{"href":"https:\/\/www.europesays.com\/fr\/wp-json\/wp\/v2\/media?parent=601364"}],"wp:term":[{"taxonomy":"category","embeddable":true,"href":"https:\/\/www.europesays.com\/fr\/wp-json\/wp\/v2\/categories?post=601364"},{"taxonomy":"post_tag","embeddable":true,"href":"https:\/\/www.europesays.com\/fr\/wp-json\/wp\/v2\/tags?post=601364"}],"curies":[{"name":"wp","href":"https:\/\/api.w.org\/{rel}","templated":true}]}}