{"id":601370,"date":"2025-12-15T18:48:17","date_gmt":"2025-12-15T18:48:17","guid":{"rendered":"https:\/\/www.europesays.com\/fr\/601370\/"},"modified":"2025-12-15T18:48:17","modified_gmt":"2025-12-15T18:48:17","slug":"accident-mortel-en-ille-et-vilaine-un-motard-decede-sur-la-route","status":"publish","type":"post","link":"https:\/\/www.europesays.com\/fr\/601370\/","title":{"rendered":"Accident mortel en Ille-et-Vilaine\u00a0: un motard d\u00e9c\u00e8de sur la route"},"content":{"rendered":"<p>Un grave accident de la circulation s\u2019est produit sur la D777, entre Janz\u00e9 et Vitr\u00e9, ce lundi 15 d\u00e9cembre. \u00c0 hauteur de la commune de Louvign\u00e9 de Bais, une violente collision s\u2019est produite entre une moto et une voiture un peu avant 11 h 30.<\/p>\n<p>Malgr\u00e9 les tentatives de r\u00e9animation du SAMU, le motard, \u00e2g\u00e9 de 68 ans, n\u2019a pas surv\u00e9cu. Il a \u00e9t\u00e9 d\u00e9clar\u00e9 d\u00e9c\u00e9d\u00e9 sur les lieux. Les deux occupants de la voiture n\u2019ont pas \u00e9t\u00e9 bless\u00e9s. Une enqu\u00eate a \u00e9t\u00e9 ouverte afin de d\u00e9terminer les circonstances exactes de ce dramatique accident.<\/p>\n","protected":false},"excerpt":{"rendered":"Un grave accident de la circulation s\u2019est produit sur la D777, entre Janz\u00e9 et Vitr\u00e9, ce lundi 15&hellip;\n","protected":false},"author":2,"featured_media":601371,"comment_status":"","ping_status":"","sticky":false,"template":"","format":"standard","meta":{"footnotes":""},"categories":[2821],"tags":[3085,1111,11,829,1777,674,1011,27,848,12,584,25],"class_list":{"0":"post-601370","1":"post","2":"type-post","3":"status-publish","4":"format-standard","5":"has-post-thumbnail","7":"category-rennes","8":"tag-accidents","9":"tag-actu","10":"tag-actualites","11":"tag-bretagne","12":"tag-eu","13":"tag-europe","14":"tag-fr","15":"tag-france","16":"tag-ille-et-vilaine","17":"tag-news","18":"tag-rennes","19":"tag-republique-francaise"},"share_on_mastodon":{"url":"https:\/\/pubeurope.com\/@fr\/115725081313568329","error":""},"_links":{"self":[{"href":"https:\/\/www.europesays.com\/fr\/wp-json\/wp\/v2\/posts\/601370","targetHints":{"allow":["GET"]}}],"collection":[{"href":"https:\/\/www.europesays.com\/fr\/wp-json\/wp\/v2\/posts"}],"about":[{"href":"https:\/\/www.europesays.com\/fr\/wp-json\/wp\/v2\/types\/post"}],"author":[{"embeddable":true,"href":"https:\/\/www.europesays.com\/fr\/wp-json\/wp\/v2\/users\/2"}],"replies":[{"embeddable":true,"href":"https:\/\/www.europesays.com\/fr\/wp-json\/wp\/v2\/comments?post=601370"}],"version-history":[{"count":0,"href":"https:\/\/www.europesays.com\/fr\/wp-json\/wp\/v2\/posts\/601370\/revisions"}],"wp:featuredmedia":[{"embeddable":true,"href":"https:\/\/www.europesays.com\/fr\/wp-json\/wp\/v2\/media\/601371"}],"wp:attachment":[{"href":"https:\/\/www.europesays.com\/fr\/wp-json\/wp\/v2\/media?parent=601370"}],"wp:term":[{"taxonomy":"category","embeddable":true,"href":"https:\/\/www.europesays.com\/fr\/wp-json\/wp\/v2\/categories?post=601370"},{"taxonomy":"post_tag","embeddable":true,"href":"https:\/\/www.europesays.com\/fr\/wp-json\/wp\/v2\/tags?post=601370"}],"curies":[{"name":"wp","href":"https:\/\/api.w.org\/{rel}","templated":true}]}}