{"id":601392,"date":"2025-12-15T18:59:12","date_gmt":"2025-12-15T18:59:12","guid":{"rendered":"https:\/\/www.europesays.com\/fr\/601392\/"},"modified":"2025-12-15T18:59:12","modified_gmt":"2025-12-15T18:59:12","slug":"apres-quatre-ans-darret-cette-formation-pour-dirigeants-et-cadres-a-potentiel-redemarre-a-toulouse","status":"publish","type":"post","link":"https:\/\/www.europesays.com\/fr\/601392\/","title":{"rendered":"Apr\u00e8s quatre ans d\u2019arr\u00eat, cette formation pour dirigeants et cadres \u00e0 potentiel red\u00e9marre \u00e0 Toulouse"},"content":{"rendered":"<p>\n                                                                    l&rsquo;essentiel<br \/>\n                                                                Longtemps abrit\u00e9 au sein de l\u2019\u00e9cole de commerce, le Centre de Perfectionnement aux Affaires (CPA) avait cess\u00e9 ses formations \u00e0 Toulouse. Reprise en main par son organisme originel, la formation d\u2019excellence se relance avec un nouveau directeur\u00a0: Guillaume Rabary.\n                            <\/p>\n<p class=\"txt-question\">Depuis quand le centre de perfectionnement aux affaires n\u2019avait-il pas dipl\u00f4m\u00e9 \u00e0 Toulouse\u00a0?<\/p>\n<p>Nous avions accueilli la derni\u00e8re promotion en 2020. Elle a \u00e9t\u00e9 dipl\u00f4m\u00e9e en 2022 mais concr\u00e8tement, nous n\u2019avions plus accueilli de nouveaux apprenants depuis 2021.<\/p>\n<p class=\"txt-question\">Pourquoi cette formation pourtant r\u00e9put\u00e9e ne se tenait-elle plus \u00e0 Toulouse\u00a0?<\/p>\n<p>Depuis 1989, \u00e0 Toulouse, le CPA \u00e9tait pilot\u00e9 par l\u2019\u00e9cole de commerce car le parcours dipl\u00f4mant \u00e9tait historiquement port\u00e9 par la Chambre de commerce qui contr\u00f4lait aussi ce qu\u2019on appelait Sup de Co Toulouse, devenue TBS Education. Mais l\u2019\u00e9cole de commerce a d\u00e9velopp\u00e9 ses propres parcours pour dirigeants et cadres \u00e0 potentiel notamment avec son executive MBA puis a cess\u00e9 d\u2019animer le CPA.<\/p>\n<p class=\"txt-question\">Qui relance le CPA \u00e0 Toulouse\u00a0?<\/p>\n<p>Depuis 1953, le Centre de perfectionnement aux affaires (CPA) appartient au CEPI qui est bas\u00e9 \u00e0 Lille. Cr\u00e9\u00e9 dans le sillage du groupe Mulliez, l\u2019organisme existe depuis 70 ans. Ils ont d\u00e9cid\u00e9 de rouvrir le campus de Toulouse, une ville o\u00f9 les besoins pour les cadres dirigeants et entrepreneurs sont importants. Nous sommes install\u00e9s \u00e0 Quint-Fonsegrives pr\u00e8s d\u2019Entiore.<\/p>\n<p class=\"txt-question\">\u00c0 qui s\u2019adresse le CPA et pour quoi faire\u00a0?<\/p>\n<p>Notre formation de haut niveau a pour but de satisfaire les besoins en formation dans trois grands domaines\u00a0: le top management, le middle management et le management de proximit\u00e9. Il s\u2019adresse \u00e0 des chefs d\u2019entreprise, des repreneurs d\u2019entreprises, des cadres voulant \u00e9voluer, des personnes en reconversion, des demandeurs d\u2019emploi\u2026 La formation s\u2019articule autour de trois grands chapitres\u00a0: fondamentaux de l\u2019entreprise (finance, marketing, ressources humaines\u2026), strat\u00e9gie et enfin posture du dirigeant. Au terme d\u2019un an de formation \u00e0 raison de deux jours et demi par mois, le CPA d\u00e9livre un dipl\u00f4me reconnu \u00ab\u00a0Dirigeant d\u2019entreprise\u00a0\u00bb, niveau RNCP 7 soit master 2 et plus.<\/p>\n<p class=\"txt-question\">Quand a lieu la prochaine promotion\u00a0?<\/p>\n<p>Elle vient de d\u00e9buter fin novembre mais nous int\u00e9grons des nouveaux venus jusqu\u2019\u00e0 fin janvier\u00a02026. Nous allons atteindre 15 apprenants \u00e2g\u00e9s de 31 \u00e0 58 ans qui peuvent financer la formation (NDLR\u00a0: 43\u00a0000\u00a0\u20ac HT) gr\u00e2ce au compte personnel de formation, aux aides de leur entreprise ou des <a href=\"https:\/\/travail-emploi.gouv.fr\/les-operateurs-de-competences-opco\" target=\"_blank\" rel=\"noopener\">Opco<\/a>, voire des fonds europ\u00e9ens.<\/p>\n<p><a href=\"https:\/\/cpa-dirigeant.com\/tous-les-campus\/cpa-grand-sud-ouest-toulouse\" target=\"_blank\" rel=\"noopener\">https:\/\/cpa-dirigeant.com\/tous-les-campus\/cpa-grand-sud-ouest-toulouse<\/a><\/p>\n","protected":false},"excerpt":{"rendered":"l&rsquo;essentiel Longtemps abrit\u00e9 au sein de l\u2019\u00e9cole de commerce, le Centre de Perfectionnement aux Affaires (CPA) avait cess\u00e9&hellip;\n","protected":false},"author":2,"featured_media":601393,"comment_status":"","ping_status":"","sticky":false,"template":"","format":"standard","meta":{"footnotes":""},"categories":[2816],"tags":[1111,11,33,257,1777,674,1011,27,2722,12,2680,25,2312],"class_list":{"0":"post-601392","1":"post","2":"type-post","3":"status-publish","4":"format-standard","5":"has-post-thumbnail","7":"category-toulouse","8":"tag-actu","9":"tag-actualites","10":"tag-economie","11":"tag-entreprise","12":"tag-eu","13":"tag-europe","14":"tag-fr","15":"tag-france","16":"tag-haute-garonne","17":"tag-news","18":"tag-occitanie","19":"tag-republique-francaise","20":"tag-toulouse"},"share_on_mastodon":{"url":"https:\/\/pubeurope.com\/@fr\/115725124640305575","error":""},"_links":{"self":[{"href":"https:\/\/www.europesays.com\/fr\/wp-json\/wp\/v2\/posts\/601392","targetHints":{"allow":["GET"]}}],"collection":[{"href":"https:\/\/www.europesays.com\/fr\/wp-json\/wp\/v2\/posts"}],"about":[{"href":"https:\/\/www.europesays.com\/fr\/wp-json\/wp\/v2\/types\/post"}],"author":[{"embeddable":true,"href":"https:\/\/www.europesays.com\/fr\/wp-json\/wp\/v2\/users\/2"}],"replies":[{"embeddable":true,"href":"https:\/\/www.europesays.com\/fr\/wp-json\/wp\/v2\/comments?post=601392"}],"version-history":[{"count":0,"href":"https:\/\/www.europesays.com\/fr\/wp-json\/wp\/v2\/posts\/601392\/revisions"}],"wp:featuredmedia":[{"embeddable":true,"href":"https:\/\/www.europesays.com\/fr\/wp-json\/wp\/v2\/media\/601393"}],"wp:attachment":[{"href":"https:\/\/www.europesays.com\/fr\/wp-json\/wp\/v2\/media?parent=601392"}],"wp:term":[{"taxonomy":"category","embeddable":true,"href":"https:\/\/www.europesays.com\/fr\/wp-json\/wp\/v2\/categories?post=601392"},{"taxonomy":"post_tag","embeddable":true,"href":"https:\/\/www.europesays.com\/fr\/wp-json\/wp\/v2\/tags?post=601392"}],"curies":[{"name":"wp","href":"https:\/\/api.w.org\/{rel}","templated":true}]}}