{"id":601398,"date":"2025-12-15T19:03:15","date_gmt":"2025-12-15T19:03:15","guid":{"rendered":"https:\/\/www.europesays.com\/fr\/601398\/"},"modified":"2025-12-15T19:03:15","modified_gmt":"2025-12-15T19:03:15","slug":"badges-vigile-police-ce-site-orange-rouvre-a-marseille-apres-des-troubles-mais-les-tensions-nont-pas-disparu-pour-autant","status":"publish","type":"post","link":"https:\/\/www.europesays.com\/fr\/601398\/","title":{"rendered":"badges, vigile, police\u2026 Ce site Orange rouvre \u00e0 Marseille apr\u00e8s des troubles, mais les tensions n&rsquo;ont pas disparu pour autant"},"content":{"rendered":"<p><strong>Le site d\u2019Orange \u00e0\u00a0Marseille, implant\u00e9 dans le quartier sensible de Saint-Mauront, a\u00a0rouvert lundi matin apr\u00e8s quinze jours de fermeture d\u00e9cid\u00e9e pour des raisons de s\u00e9curit\u00e9, a\u00a0constat\u00e9 l\u2019AFP.<\/strong><\/p>\n<p>Seul un tiers environ du millier de salari\u00e9s marseillais d\u2019Orange a\u00a0repris le chemin du site ce lundi, d\u2019apr\u00e8s plusieurs sources concordantes.<\/p>\n<p>L\u2019entreprise avait annonc\u00e9 le 27 novembre la mise \u00e0\u00a0l\u2019arr\u00eat du site, \u00e9voquant une \u00ab\u00a0mont\u00e9e des tensions\u00a0\u00bb dans le quartier, et avait bascul\u00e9 ses \u00e9quipes en t\u00e9l\u00e9travail. Les syndicats avaient, eux, point\u00e9 des \u00ab\u00a0bagarres\u00a0\u00bb et l\u2019emprise du \u00ab\u00a0narcotrafic\u00a0\u00bb aux abords imm\u00e9diats.<\/p>\n<p>\u00c0 l\u2019arriv\u00e9e des premiers employ\u00e9s, une voiture de police \u00e9tait stationn\u00e9e en face. Sur la grille, des fl\u00e8ches peintes en blanc indiquaient la direction d\u2019un point de deal situ\u00e9 \u00e0\u00a0proximit\u00e9. Effac\u00e9es, elles sont rapidement r\u00e9apparues.<\/p>\n<p>Des patrouilles vont continuer dans le secteur afin de permettre aux salari\u00e9s de \u00ab\u00a0venir travailler en toute s\u00e9curit\u00e9\u00a0\u00bb et de r\u00e9pondre \u00e0\u00a0un \u00ab\u00a0sentiment d\u2019ins\u00e9curit\u00e9 fort\u00a0\u00bb, a\u00a0d\u00e9clar\u00e9 sur place la pr\u00e9f\u00e8te de police d\u00e9l\u00e9gu\u00e9e Corinne Simon, \u00e0\u00a0l\u2019issue d\u2019une r\u00e9union avec la direction.<\/p>\n<p>Orange a\u00a0confirm\u00e9 lundi la r\u00e9ouverture du site Massalia \u00ab\u00a0dans les meilleures conditions\u00a0\u00bb. L\u2019entr\u00e9e principale, toute proche d\u2019une station de m\u00e9tro et \u00e0\u00a0c\u00f4t\u00e9 d\u2019une cit\u00e9 connue pour abriter du trafic de drogue, a\u00a0\u00e9t\u00e9 \u00e9quip\u00e9e d\u2019un syst\u00e8me de badge, m\u00eame si, lundi, le portail est rest\u00e9 ouvert. Un vigile est positionn\u00e9 dans une gu\u00e9rite.<\/p>\n<p>S\u00e9curit\u00e9 \u00e0\u00a0Marseille\u00a0: pourquoi la reprise au site d\u2019Orange se fait sous haute surveillance<\/p>\n<p>Le retour se fait par \u00e9tapes, a\u00a0indiqu\u00e9 \u00e0\u00a0l\u2019AFP Jerome Bissey, d\u00e9l\u00e9gu\u00e9 CFDT. \u00ab\u00a0Aujourd\u2019hui ce sont les salari\u00e9s qui viennent \u00e0\u00a0pied ou en transport en commun et qui repr\u00e9sentent \u00e0\u00a0peu pr\u00e8s 380 personnes\u00a0\u00bb, a-t-il pr\u00e9cis\u00e9.<\/p>\n<p>D\u00e8s mercredi, a-t-il ajout\u00e9, arriveront progressivement \u00ab\u00a0les 700 personnes qui viennent en voiture\u00a0\u00bb, \u00ab\u00a0sachant qu\u2019on a\u00a0une capacit\u00e9 parking de 300 places\u00a0\u00bb.<\/p>\n<p>Le d\u00e9l\u00e9gu\u00e9 syndical r\u00e9clame \u00ab\u00a0la possibilit\u00e9 d\u2019avoir un deuxi\u00e8me site\u00a0\u00bb. \u00ab\u00a0Aujourd\u2019hui on concentre tous les effectifs dans un quartier compliqu\u00e9\u00a0\u00bb, dit-il, rappelant qu\u2019\u00e0 la fin novembre il y\u00a0avait eu \u00ab\u00a0des coups de feu sous les fen\u00eatres des bureaux\u00a0\u00bb.<\/p>\n<p><a href=\"https:\/\/www.nice.fr\/noel-a-nice\/\" data-wpel-link=\"external\" target=\"_blank\" rel=\"external noopener noreferrer\"><img loading=\"lazy\" decoding=\"async\" width=\"300\" height=\"300\" src=\"https:\/\/www.europesays.com\/fr\/wp-content\/uploads\/2025\/11\/NoelNice_Coeur-Article-NicePresse-300x300-2.png\" alt=\"\" class=\"wp-image-260426\"\/><\/a><\/p>\n<p>En plus des patrouilles, la police maintiendra \u00ab\u00a0une pr\u00e9sence en statique\u00a0\u00bb aux heures d\u2019arriv\u00e9e et de d\u00e9part des salari\u00e9s, a\u00a0d\u00e9taill\u00e9 la pr\u00e9f\u00e8te de police d\u00e9l\u00e9gu\u00e9e. Pr\u00e9vu pour environ quinze jours suppl\u00e9mentaires, le dispositif pourra \u00e9voluer en fonction de la situation, a-t-elle expliqu\u00e9.<\/p>\n<p>\u00ab\u00a0Autour d\u2019Orange vous avez plusieurs points de deal, et donc \u00e7a g\u00e9n\u00e8re un sentiment d\u2019ins\u00e9curit\u00e9 fort pour les salari\u00e9s. Notre r\u00f4le c\u2019est bien de faire diminuer ce sentiment\u00a0\u00bb, a-t-elle ajout\u00e9.<\/p>\n<p>Une employ\u00e9e, qui ne souhaite pas \u00eatre nomm\u00e9e, rapporte ce qui circule au sujet de la rixe ayant pr\u00e9c\u00e9d\u00e9 la fermeture\u00a0: \u00ab\u00a0des jeunes cagoul\u00e9s avec des Kalachnikov\u00a0\u00bb, et des salari\u00e9s confin\u00e9s dans l\u2019entreprise\u00a0: \u00ab\u00a0On ne peut pas travailler dans une ambiance comme \u00e7a\u00a0\u00bb.<\/p>\n<p>\u00ab\u00a0Le soir, on essaye de sortir \u00e0\u00a0plusieurs pour ne pas prendre le m\u00e9tro seul\u00a0\u00bb, a-t-elle confi\u00e9.<\/p>\n<p>Dans un communiqu\u00e9, la CFE-CGC Orange a\u00a0d\u00e9nonc\u00e9 \u00ab\u00a0le retour forc\u00e9 des collaborateurs \u00e0\u00a0Saint-Mauront\u00a0\u00bb.<\/p>\n<p>Hicham, 37 ans, p\u00e8re de trois enfants, s\u2019en prend lui \u00e0 \u00ab\u00a0un cirque pour rien du tout\u00a0\u00bb : une mobilisation lanc\u00e9e pour Orange, mais pas pour \u00ab\u00a0les familles qui habitent ici\u00a0\u00bb.<\/p>\n<p>\u00ab\u00a0Il y\u00a0a toujours la coke, il y\u00a0a toujours le guetteur, il y\u00a0a toujours le shit\u00a0\u00bb, mart\u00e8le cet habitant. \u00ab\u00a0Si on veut arr\u00eater quelque chose, on rentre dans la cit\u00e9, on rentre l\u00e0 o\u00f9 ils vendent, on reste jour et\u00a0nuit.\u00a0\u00bb<\/p>\n<ul class=\"wp-block-list\">\n<li><strong>Ce qu\u2019il faut retenir\u00a0:<\/strong> Le site d\u2019Orange \u00e0\u00a0Saint-Mauront, \u00e0\u00a0Marseille, a\u00a0rouvert apr\u00e8s quinze jours de fermeture li\u00e9e \u00e0\u00a0des pr\u00e9occupations de s\u00e9curit\u00e9. La reprise s\u2019effectue progressivement, sous surveillance polici\u00e8re renforc\u00e9e et avec de nouvelles mesures d\u2019acc\u00e8s. Salari\u00e9s, syndicats et riverains d\u00e9crivent un climat d\u2019ins\u00e9curit\u00e9 persistant autour de points de\u00a0deal.<\/li>\n<\/ul>\n<p class=\"has-small-font-size\">Avec AFP<\/p>\n","protected":false},"excerpt":{"rendered":"Le site d\u2019Orange \u00e0\u00a0Marseille, implant\u00e9 dans le quartier sensible de Saint-Mauront, a\u00a0rouvert lundi matin apr\u00e8s quinze jours de&hellip;\n","protected":false},"author":2,"featured_media":601399,"comment_status":"","ping_status":"","sticky":false,"template":"","format":"standard","meta":{"footnotes":""},"categories":[2814],"tags":[1111,11,1777,674,1011,27,884,12,882,25],"class_list":{"0":"post-601398","1":"post","2":"type-post","3":"status-publish","4":"format-standard","5":"has-post-thumbnail","7":"category-marseille","8":"tag-actu","9":"tag-actualites","10":"tag-eu","11":"tag-europe","12":"tag-fr","13":"tag-france","14":"tag-marseille","15":"tag-news","16":"tag-provence-alpes-cote-dazur","17":"tag-republique-francaise"},"share_on_mastodon":{"url":"https:\/\/pubeurope.com\/@fr\/115725141131465194","error":""},"_links":{"self":[{"href":"https:\/\/www.europesays.com\/fr\/wp-json\/wp\/v2\/posts\/601398","targetHints":{"allow":["GET"]}}],"collection":[{"href":"https:\/\/www.europesays.com\/fr\/wp-json\/wp\/v2\/posts"}],"about":[{"href":"https:\/\/www.europesays.com\/fr\/wp-json\/wp\/v2\/types\/post"}],"author":[{"embeddable":true,"href":"https:\/\/www.europesays.com\/fr\/wp-json\/wp\/v2\/users\/2"}],"replies":[{"embeddable":true,"href":"https:\/\/www.europesays.com\/fr\/wp-json\/wp\/v2\/comments?post=601398"}],"version-history":[{"count":0,"href":"https:\/\/www.europesays.com\/fr\/wp-json\/wp\/v2\/posts\/601398\/revisions"}],"wp:featuredmedia":[{"embeddable":true,"href":"https:\/\/www.europesays.com\/fr\/wp-json\/wp\/v2\/media\/601399"}],"wp:attachment":[{"href":"https:\/\/www.europesays.com\/fr\/wp-json\/wp\/v2\/media?parent=601398"}],"wp:term":[{"taxonomy":"category","embeddable":true,"href":"https:\/\/www.europesays.com\/fr\/wp-json\/wp\/v2\/categories?post=601398"},{"taxonomy":"post_tag","embeddable":true,"href":"https:\/\/www.europesays.com\/fr\/wp-json\/wp\/v2\/tags?post=601398"}],"curies":[{"name":"wp","href":"https:\/\/api.w.org\/{rel}","templated":true}]}}