{"id":601408,"date":"2025-12-15T19:10:15","date_gmt":"2025-12-15T19:10:15","guid":{"rendered":"https:\/\/www.europesays.com\/fr\/601408\/"},"modified":"2025-12-15T19:10:15","modified_gmt":"2025-12-15T19:10:15","slug":"video-a-lapproche-de-noel-le-succes-fou-dalia-qui-enchante-les-vitrines-de-paris-avec-ses-peintures","status":"publish","type":"post","link":"https:\/\/www.europesays.com\/fr\/601408\/","title":{"rendered":"VID\u00c9O. \u00c0 l&rsquo;approche de No\u00ebl, le succ\u00e8s fou d&rsquo;Alia, qui enchante les vitrines de Paris avec ses peintures"},"content":{"rendered":"<p>                    Par<br \/>\n        <strong><br \/>\n            <a href=\"https:\/\/actu.fr\/auteur\/glenn-gillet\" title=\"Consulter tous les articles de Glenn Gillet\" target=\"_blank\" rel=\"noopener\">Glenn Gillet<\/a><br \/>\n                    <\/strong><\/p>\n<p>        Publi\u00e9 le<\/p>\n<p>            15 d\u00e9c. 2025 \u00e0 20h04        <\/p>\n<p>Son trait est assur\u00e9, son regard concentr\u00e9. Alia Green fait glisser ses <strong>marqueurs de peinture<\/strong> sur la vitrine de la boulangerie Mimo the baker, install\u00e9e sur la tr\u00e8s passante rue des Petits-Carreaux qui se prolonge sur la <a href=\"https:\/\/actu.fr\/ile-de-france\/paris_75056\/6000-ballons-blancs-et-dores-vont-decorer-la-rue-montorgueil-avant-noel_55706912.html\" target=\"_blank\" rel=\"noopener\">rue Montorgueil<\/a>, dans le 2e arrondissement de Paris. Objectif du jour\u2009: r\u00e9aliser une fresque repr\u00e9sentant Mimo, l\u2019oiseau mascotte de l\u2019\u00e9tablissement, dans un d\u00e9cor fleurant bon<strong> l\u2019esprit de l\u2019hiver et des f\u00eates de fin d\u2019ann\u00e9e<\/strong>. Cela fait \u00e0 peine deux mois qu\u2019Alia, 24\u00a0ans, a lanc\u00e9 son <a href=\"https:\/\/actu.fr\/economie\/vie-des-entreprises\/auto-entrepreneur-ou-portage-salarial-quel-statut-coute-le-moins-cher_63544249.html\" target=\"_blank\" rel=\"noopener\">auto-entreprise<\/a>, mais les commandes de commer\u00e7ants affluent, dop\u00e9es notamment par des vid\u00e9os partag\u00e9es sur les <a href=\"https:\/\/actu.fr\/ile-de-france\/paris_75056\/rachida-dati-reine-du-buzz-ces-videos-qui-bousculent-la-campagne-des-municipales-a-paris_63573797.html\" target=\"_blank\" rel=\"noopener\">r\u00e9seaux sociaux<\/a>. \u00ab\u2009Les gens sont <strong>beaucoup plus attir\u00e9s<\/strong> par une vitrine bien d\u00e9cor\u00e9e\u2009\u00bb, vante-t-elle.<\/p>\n<p>Des \u0153uvres qui r\u00e9sistent aux \u00e9l\u00e9ments pendant plusieurs mois<\/p>\n<p class=\" wall-content\">Sa recette\u2009: des cr\u00e9ations modernes peintes \u00e0 la main au feutre Posca et <strong>personnalis\u00e9es selon les demandes des commer\u00e7ants<\/strong> chez qui elle intervient. Une fois le dessin pr\u00e9paratoire valid\u00e9, c\u2019est le moment de peindre directement sur les vitrines. Alia est aussi appliqu\u00e9e que perfectionniste et lorsqu\u2019une courbure ne lui convient pas, elle n\u2019h\u00e9site pas \u00e0 effacer au moyen d\u2019un chiffon et d\u2019un spray m\u00e9langeant eau et produit \u00e0 vitres. Une fois s\u00e8ches, ses \u0153uvres r\u00e9sistent \u00e0 la pluie et peuvent rester intactes pendant au moins deux mois. \u00ab\u2009\u00c0 partir du troisi\u00e8me mois \u00e7a commence \u00e0 partir petit \u00e0 petit\u2009\u00bb, pr\u00e9cise-t-elle.<\/p>\n<p class=\" wall-content\">Recouvrir les deux vitres de Mimo the baker lui aura au final pris 45\u00a0minutes. Une prestation pour laquelle elle a \u00e9t\u00e9 r\u00e9mun\u00e9r\u00e9e <strong>150\u00a0euros<\/strong>, pour cette surface plut\u00f4t petite compar\u00e9e \u00e0 la moyenne de celles sur lesquelles elle a eu l\u2019occasion de travailler par le pass\u00e9. Jusqu\u2019ici, Alia a embelli 15 vitrines parisiennes\u2009: commerces de bouche, bijouterie, caviste, magasins pop-ups\u2026 Et les commandes affluent, au point que la jeune femme a d\u00fb arr\u00eater d\u2019en prendre jusqu\u2019\u00e0 d\u00e9but 2026.<\/p>\n<blockquote class=\"tiktok-embed\" cite=\"https:\/\/www.tiktok.com\/@actu.paris\/video\/7584139551078124822\" data-video-id=\"7584139551078124822\" data-embed-from=\"oembed\" style=\"max-width:605px; min-width:325px;\"><p>\n<a target=\"_blank\" title=\"@actu.paris\" href=\"https:\/\/www.tiktok.com\/@actu.paris?refer=embed\" rel=\"noopener\">@actu.paris<\/a> <\/p>\n<p>Alia, 24 ans, rencontre un succ\u00e8s fou aupr\u00e8s des commer\u00e7ants parisiens avec ses dessins au Posca sur les vitrines  <a title=\"paris\" target=\"_blank\" href=\"https:\/\/www.tiktok.com\/tag\/paris?refer=embed\" rel=\"noopener\">#paris<\/a> <a title=\"commerce\" target=\"_blank\" href=\"https:\/\/www.tiktok.com\/tag\/commerce?refer=embed\" rel=\"noopener\">#commerce<\/a> <a title=\"noel\" target=\"_blank\" href=\"https:\/\/www.tiktok.com\/tag\/noel?refer=embed\" rel=\"noopener\">#noel<\/a>  <a title=\"dessin\" target=\"_blank\" href=\"https:\/\/www.tiktok.com\/tag\/dessin?refer=embed\" rel=\"noopener\">#dessin<\/a> <a title=\"posca\" target=\"_blank\" href=\"https:\/\/www.tiktok.com\/tag\/posca?refer=embed\" rel=\"noopener\">#posca<\/a> <\/p>\n<p> <a target=\"_blank\" title=\"\u266c son original - Actu Paris\" href=\"https:\/\/www.tiktok.com\/music\/son-original-7584139570384620310?refer=embed\" rel=\"noopener\">\u266c son original \u2013 Actu Paris<\/a> <\/p>\n<\/blockquote>\n<p class=\" wall-content\">Il faut dire que, pouss\u00e9e par une amie, elle a commenc\u00e9 \u00e0 se filmer pendant son travail et \u00e0 publier les vid\u00e9os sur TikTok et Instagram. Plusieurs d\u2019entre elles ont rencontr\u00e9 un grand succ\u00e8s et cumulent aujourd\u2019hui des dizaines de milliers de vues, attirant l\u2019\u0153il de commer\u00e7ants d\u00e9sireux de donner un air de f\u00eates \u00e0 leur devanture. \u00ab\u2009Quand je suis tomb\u00e9e dessus, j\u2019ai trouv\u00e9 que ce qu\u2019elle faisait \u00e9tait <strong>tellement beau<\/strong> que je l\u2019ai contact\u00e9e\u2009\u00bb, confie Olive Mircevski, la g\u00e9rante de Mimo the baker.<\/p>\n<p>Un apprentissage du dessin sur le tard<\/p>\n<p class=\" wall-content\">Alia ne s\u2019attendait pas \u00e0 rencontrer un tel succ\u00e8s. Elle se souvient d\u2019avoir \u00e9t\u00e9 une enfant tr\u00e8s frustr\u00e9e de ne pas r\u00e9ussir \u00e0 dessiner aussi bien qu\u2019elle le voulait. Mais tout a chang\u00e9 lorsqu\u2019elle s\u2019est mise, il y a deux ans, \u00e0 faire de l\u2019aquarelle \u00ab\u2009presque tous les jours\u2009\u00bb. \u00c0 force de reproduire des \u0153uvres en peinture, sa technique s\u2019est affin\u00e9e. En parall\u00e8le, elle tente un jour de d\u00e9corer sa fen\u00eatre au Posca pour les f\u00eates et le r\u00e9sultat lui pla\u00eet.<\/p>\n<p class=\" wall-content\">Elle propose ensuite \u00e0 sa patronne de la Boulangerie du Sentier, l\u2019\u00e9tablissement dans lequel elle travaille, de peindre la grande vitrine, pour un <strong>prix bien inf\u00e9rieur<\/strong> \u00e0 celui propos\u00e9 par la personne habituellement charg\u00e9e de la d\u00e9coration. Ravie, la g\u00e9rante lui commande r\u00e9guli\u00e8rement des peintures par la suite, notamment \u00e0 l\u2019occasion des f\u00eates juives.<\/p>\n<p>Votre r\u00e9gion, votre actu !<\/p>\n<p>Recevez chaque jour les infos qui comptent pour vous.<\/p>\n<p>\t<a href=\"https:\/\/actu.fr\/newsletter\" class=\"ac-btn ac-btn--corner ac-btn--medium ac-btn--blue800\" target=\"_blank\" rel=\"noopener\">S&rsquo;incrire<\/a><\/p>\n<p>    <img   decoding=\"async\" loading=\"lazy\" src=\"https:\/\/www.europesays.com\/fr\/wp-content\/uploads\/2025\/12\/img-8298-1-960x640.jpg\" alt=\"Alia devant la Boulangerie du Sentier, dont elle continue r\u00e9guli\u00e8rement de d\u00e9corer la vitrine.\" width=\"960\" height=\"640\"\/><br \/>\n    Alia devant la Boulangerie du Sentier, dont elle continue r\u00e9guli\u00e8rement de d\u00e9corer la vitrine. (\u00a9GG\/actu Paris)<\/p>\n<p class=\" wall-content\">\u00ab\u2009Paris, c\u2019est une ville o\u00f9 les gens ont quand m\u00eame pas mal d\u2019argent et o\u00f9 les commerces accordent beaucoup d\u2019importance \u00e0 leur aspect ext\u00e9rieur, \u00e0 leur \u2018direction artistique\u2019, pour attirer les clients. Je suis s\u00fbre que ce que je fais, \u00e7a n\u2019aurait jamais march\u00e9 dans le village de mes parents\u2009\u00bb, sourit-elle.<\/p>\n<p class=\" wall-content\">Originaire d\u2019une commune proche de Marmande, dans le Lot-et-Garonne, la jeune femme est arriv\u00e9e \u00e0 Paris il y a deux ans, une fois dipl\u00f4m\u00e9e d\u2019une \u00e9cole de danse de Toulouse o\u00f9 elle s\u2019est sp\u00e9cialis\u00e9e en\u2009danse urbaine. Elle a choisi de monter \u00e0 la capitale, o\u00f9 \u00ab\u2009tout se passe\u2009\u00bb, pour travailler dans ce domaine. Dans ce contexte, m\u00eame si elle appr\u00e9cie le succ\u00e8s de son activit\u00e9 de peinture pour les commer\u00e7ants parisiens, elle reconna\u00eet qu\u2019<strong>elle \u00ab\u2009vibre\u2009\u00bb moins quand elle peint que quand elle danse<\/strong>. Elle confie que \u00ab\u2009quand la danse, \u00e7a marchera bien, j\u2019arr\u00eaterai s\u00fbrement d\u2019en faire ou alors je choisirai surtout des projets que je trouve particuli\u00e8rement int\u00e9ressants\u2009\u00bb.<\/p>\n<p class=\" wall-content\">D\u2019ici l\u00e0, elle esp\u00e8re r\u00e9ussir \u00e0 garder son succ\u00e8s aupr\u00e8s des commer\u00e7ants parisiens apr\u00e8s les f\u00eates de fin d\u2019ann\u00e9e, en leur proposant des \u0153uvres pour marquer des moments sp\u00e9ciaux comme le passage des saisons ou des f\u00eates religieuses.<\/p>\n<p class=\" wall-content\">Personnalisez votre actualit\u00e9 en ajoutant vos villes et m\u00e9dias en favori avec <a href=\"https:\/\/moncompte.actu.fr\" title=\"D\u00e9couvez Mon Actu\" rel=\"nofollow noopener\" data-trk=\"{&quot;cta&quot;:{&quot;action&quot;:&quot;https:\\\/\\\/moncompte.actu.fr&quot;,&quot;category&quot;:&quot;mon compte&quot;,&quot;from&quot;:&quot;article footer&quot;,&quot;name&quot;:&quot;Mon actu&quot;,&quot;type&quot;:&quot;cta&quot;}}\" target=\"_blank\">Mon Actu<\/a>.<\/p>\n<p>                    <script async src=\"\/\/www.tiktok.com\/embed.js\"><\/script><\/p>\n","protected":false},"excerpt":{"rendered":"Par Glenn Gillet Publi\u00e9 le 15 d\u00e9c. 2025 \u00e0 20h04 Son trait est assur\u00e9, son regard concentr\u00e9. Alia&hellip;\n","protected":false},"author":2,"featured_media":601409,"comment_status":"","ping_status":"","sticky":false,"template":"","format":"standard","meta":{"footnotes":""},"categories":[1888],"tags":[1111,1928,11,1927,1477,33,1777,674,1011,27,12,1926,626,1925,25,2439,216],"class_list":{"0":"post-601408","1":"post","2":"type-post","3":"status-publish","4":"format-standard","5":"has-post-thumbnail","7":"category-paris","8":"tag-actu","9":"tag-actu-paris","10":"tag-actualites","11":"tag-actualites-paris","12":"tag-artisanat","13":"tag-economie","14":"tag-eu","15":"tag-europe","16":"tag-fr","17":"tag-france","18":"tag-news","19":"tag-news-paris","20":"tag-paris","21":"tag-paris-news","22":"tag-republique-francaise","23":"tag-tiktok","24":"tag-vie-des-entreprises"},"share_on_mastodon":{"url":"https:\/\/pubeurope.com\/@fr\/115725168832286478","error":""},"_links":{"self":[{"href":"https:\/\/www.europesays.com\/fr\/wp-json\/wp\/v2\/posts\/601408","targetHints":{"allow":["GET"]}}],"collection":[{"href":"https:\/\/www.europesays.com\/fr\/wp-json\/wp\/v2\/posts"}],"about":[{"href":"https:\/\/www.europesays.com\/fr\/wp-json\/wp\/v2\/types\/post"}],"author":[{"embeddable":true,"href":"https:\/\/www.europesays.com\/fr\/wp-json\/wp\/v2\/users\/2"}],"replies":[{"embeddable":true,"href":"https:\/\/www.europesays.com\/fr\/wp-json\/wp\/v2\/comments?post=601408"}],"version-history":[{"count":0,"href":"https:\/\/www.europesays.com\/fr\/wp-json\/wp\/v2\/posts\/601408\/revisions"}],"wp:featuredmedia":[{"embeddable":true,"href":"https:\/\/www.europesays.com\/fr\/wp-json\/wp\/v2\/media\/601409"}],"wp:attachment":[{"href":"https:\/\/www.europesays.com\/fr\/wp-json\/wp\/v2\/media?parent=601408"}],"wp:term":[{"taxonomy":"category","embeddable":true,"href":"https:\/\/www.europesays.com\/fr\/wp-json\/wp\/v2\/categories?post=601408"},{"taxonomy":"post_tag","embeddable":true,"href":"https:\/\/www.europesays.com\/fr\/wp-json\/wp\/v2\/tags?post=601408"}],"curies":[{"name":"wp","href":"https:\/\/api.w.org\/{rel}","templated":true}]}}