{"id":601414,"date":"2025-12-15T19:13:12","date_gmt":"2025-12-15T19:13:12","guid":{"rendered":"https:\/\/www.europesays.com\/fr\/601414\/"},"modified":"2025-12-15T19:13:12","modified_gmt":"2025-12-15T19:13:12","slug":"recherche-depuis-des-mois-un-jeune-sans-courage-condamne-pour-un-reglement-de-comptes-sanglant","status":"publish","type":"post","link":"https:\/\/www.europesays.com\/fr\/601414\/","title":{"rendered":"recherch\u00e9 depuis des mois, un jeune \u00ab sans courage \u00bb condamn\u00e9 pour un r\u00e8glement de comptes sanglant"},"content":{"rendered":"<p>                    Par<br \/>\n        <strong><br \/>\n            <a href=\"https:\/\/actu.fr\/auteur\/redaction-paris\" title=\"Consulter tous les articles de R\u00e9daction Paris\" target=\"_blank\" rel=\"noopener\">R\u00e9daction Paris<\/a><br \/>\n                    <\/strong><\/p>\n<p>        Publi\u00e9 le<\/p>\n<p>            15 d\u00e9c. 2025 \u00e0 19h28        <\/p>\n<p>L\u2019affaire avait eu \u00e0 l\u2019\u00e9poque un \u00e9cho retentissant \u00e0 Rennes. Le 17\u00a0mars 2021, dans le quartier Cleunay,<a href=\"https:\/\/actu.fr\/bretagne\/rennes_35238\/coups-de-feu-tires-a-rennes-un-homme-en-etat-de-mort-cerebrale_40317492.html\" target=\"_blank\" rel=\"noopener\"> Khamzat Labazanov<\/a>, un jeune Tch\u00e9tch\u00e8ne, a trouv\u00e9 la mort devant un Carrefour City et des passants ahuris venus prendre leur pause d\u00e9jeuner. Son fr\u00e8re a\u00een\u00e9, lui, avait \u00e9t\u00e9 bless\u00e9 \u00e0 la hanche. C\u2019\u00e9tait la premi\u00e8re fois dans l\u2019histoire de la ville qu\u2019un homme mourait d\u2019une balle dans la t\u00eate dans un contexte de r\u00e8glements de comptes sur fond de trafic de <a href=\"https:\/\/actu.fr\/tag\/drogue\" target=\"_blank\" rel=\"noopener\">stup\u00e9fiants<\/a>.<br \/>Plus de quatre ans apr\u00e8s les faits, la cour d\u2019assises d\u2019Ille-et-Vilaine a<a href=\"https:\/\/actu.fr\/bretagne\/rennes_35238\/meurtre-d-un-jeune-tchetchene-a-rennes-les-trois-amis-d-enfance-de-villejean-mis-en-cause-ont-ete-condamnes_63573475.html\" target=\"_blank\" rel=\"noopener\"> condamn\u00e9 les trois amis d\u2019enfance<\/a> accus\u00e9s d\u2019\u00eatre impliqu\u00e9s dans cette fusillade mortelle. Parmi eux, Banffa Drame, un jeune Parisien de 24 ans qui n\u2019\u00e9tait toutefois pas pr\u00e9sent \u00e0 son proc\u00e8s. Depuis mars 2024, il est tout bonnement introuvable.<\/p>\n<p>Remis en libert\u00e9 sous bracelet \u00e9lectronique chez une tante<\/p>\n<p class=\" wall-content\">Au cours de l\u2019audience, qui s\u2019est tenue du 8 au 12\u00a0d\u00e9cembre 2025, il\u00a0a \u00e9t\u00e9 rappel\u00e9 que cette fusillade en pleine rue et en plein jour avait en fait \u00e9t\u00e9 pr\u00e9c\u00e9d\u00e9e d\u2019une s\u00e9rie de deux faits, dans lequel Banffa Drame \u00e9tait impliqu\u00e9\u2009: quelques jours plus t\u00f4t, un petit dealer local avait d\u2019abord \u00e9t\u00e9 vis\u00e9 par \u00ab\u2009deux tirs\u2009\u00bb, l\u2019un ayant atteint sa jambe. L\u2019arme utilis\u00e9e pour cette \u00ab\u2009jambisation\u2009\u00bb \u2013 un n\u00e9ologisme d\u00e9signant le fait de tirer dans la jambe pour intimider son rival \u2013 avait ensuite servi le 17\u00a0mars 2021 pour tuer Khamzat Labazanov.<\/p>\n<p class=\" wall-content\">Dans la foul\u00e9e, un autre petit trafiquant avait \u00e9t\u00e9 \u00ab\u2009menac\u00e9\u2009\u00bb et \u00ab\u2009frapp\u00e9\u2009\u00bb avec le pistolet sur lequel l\u2019ADN de Banffa Drame avait \u00e9t\u00e9 d\u00e9couvert. Il avait aussi \u00e9t\u00e9 \u00ab\u2009rou\u00e9 de coups de pied et de poing\u2009\u00bb. Pour ces faits, une juge d\u2019instruction de la Juridiction interr\u00e9gionale sp\u00e9cialis\u00e9e (Jirs) de Rennes avait consid\u00e9r\u00e9 que Banffa Drame devait r\u00e9pondre de ces faits de \u00ab\u2009tentative de meurtre\u2009\u00bb et de \u00ab\u2009violences aggrav\u00e9es\u2009\u00bb.<\/p>\n<p class=\" wall-content\">Dans un premier temps, Banffa Drame avait \u00e9galement \u00e9t\u00e9 d\u00e9sign\u00e9 comme le \u00ab\u2009meurtrier\u2009\u00bb du 17\u00a0mars 2021\u2009: pour cela, il a r\u00e9alis\u00e9 trois ans de d\u00e9tention provisoire. En r\u00e9alit\u00e9, l\u2019enqu\u00eate d\u00e9montrera tardivement que c\u2019est son ami, Lansana Diakhaby, qui portait sa doudoune ce jour-l\u00e0\u2026 Dans ces conditions, il avait \u00e9t\u00e9 remis en libert\u00e9 sous bracelet \u00e9lectronique chez sa tante, dans un appartement de la rue de Morvan, dans le 11e arrondissement de <a href=\"https:\/\/actu.fr\/paris\/dernieres-actus\" target=\"_blank\" rel=\"noopener\">Paris<\/a>.<\/p>\n<p>Un mandat d\u2019arr\u00eat \u00e9mis<\/p>\n<p class=\" wall-content\">Le jeune Parisien aurait donc d\u00fb se tenir aux c\u00f4t\u00e9s de ses deux amis d\u2019enfance, dans le box des accus\u00e9s, pour leur proc\u00e8s. Mais il ne s\u2019est pas pr\u00e9sent\u00e9 \u00e0 la convocation de la juge d\u2019instruction pour renouveler son placement sous bracelet \u00e9lectronique. Un mandat d\u2019arr\u00eat a donc \u00e9t\u00e9 \u00e9mis \u00e0 son encontre. Malgr\u00e9 les \u00ab\u2009recherches\u2009\u00bb op\u00e9r\u00e9es par les autorit\u00e9s pour le localiser, il n\u2019a pu \u00eatre retrouv\u00e9. La Brigade de recherche des fugitifs (BRF) a m\u00eame \u00e9t\u00e9 mandat\u00e9e, a expliqu\u00e9 l\u2019avocate g\u00e9n\u00e9rale dans son r\u00e9quisitoire. Elle avait d\u2019ailleurs requis douze ans de r\u00e9clusion criminelle pour le fuyard. Quatorze et vingt-sept ans de prison avaient \u00e9t\u00e9 demand\u00e9s pour ses amis.<\/p>\n<p class=\" wall-content\">Reste que les recherches n\u2019ont globalement rien donn\u00e9\u2009: Banffa Drame n\u2019a \u00ab\u2009pas d\u2019employeur actuel\u2009\u00bb et n\u2019a \u00ab\u2009pas \u00e9t\u00e9 condamn\u00e9\u2009\u00bb entre-temps. Lorsque la brigade anticriminalit\u00e9 de Paris est venue sonner chez sa tante, elle leur a m\u00eame expliqu\u00e9 qu\u2019elle n\u2019avait \u00ab\u2009pas revu\u2009\u00bb son neveu \u00ab\u2009depuis un an\u2009\u00bb et qu\u2019elle \u00ab\u2009ignorait\u2009\u00bb o\u00f9 il pouvait bien se trouver.<\/p>\n<p>Votre r\u00e9gion, votre actu !<\/p>\n<p>Recevez chaque jour les infos qui comptent pour vous.<\/p>\n<p>\t<a href=\"https:\/\/actu.fr\/newsletter\" class=\"ac-btn ac-btn--corner ac-btn--medium ac-btn--blue800\" target=\"_blank\" rel=\"noopener\">S&rsquo;incrire<\/a><br \/>\nIl n\u2019avait \u00ab\u2009pas le calibre pour r\u00e9pondre de ses actes \u00bb<\/p>\n<p class=\" wall-content\">\u00ab\u2009L\u2019homme absent est toujours en tort, car il ne peut ni se d\u00e9fendre, ni convaincre\u2009\u00bb, a donc commenc\u00e9 par d\u00e9plorer Me Gwendoline Tenier, qui assurait sa d\u00e9fense \u00e0 Rennes aux c\u00f4t\u00e9s de sa cons\u0153ur, Me Amina Saadaoui. Celui qui n\u2019\u00e9tait qu\u2019un \u00ab\u2009gamin\u2009\u00bb au moment des faits n\u2019avait \u00ab\u2009pas l\u2019envergure, le calibre [\u2026], le courage\u2009\u00bb de venir r\u00e9pondre de ses actes.<\/p>\n<p class=\" wall-content\">Au moment des faits, en mars\u00a02021, ce jeune homme originaire d\u2019un \u00ab\u2009quartier sensible\u2009\u00bb de Rennes et d\u00e9j\u00e0 condamn\u00e9 \u00ab\u2009cinq fois pour violences\u2009\u00bb avait seulement 19\u00a0ans. Il a toujours contest\u00e9 avoir \u00ab\u2009tu\u00e9\u2009\u00bb et avoir \u00ab\u2009tir\u00e9\u2009\u00bb sur le jeune Tch\u00e9tch\u00e8ne qui est mort ce jour-l\u00e0, a rappel\u00e9 son avocate. Elle avait demand\u00e9 aux jur\u00e9s de la cour d\u2019assises d\u2019Ille-et-Vilaine d\u2019\u00eatre ni \u00ab\u2009indulgents\u2009\u00bb, ni \u00ab\u2009faibles\u2009\u00bb, mais d\u2019\u00eatre \u00ab\u2009justes\u2009\u00bb. En fin de journ\u00e9e, vendredi 12\u00a0d\u00e9cembre 2025, la cour lui a finalement inflig\u00e9 huit ans de prison.<\/p>\n<p class=\" wall-content\"><strong>\/CB et GF (PressPepper)<\/strong><\/p>\n<p class=\" wall-content\">Personnalisez votre actualit\u00e9 en ajoutant vos villes et m\u00e9dias en favori avec <a href=\"https:\/\/moncompte.actu.fr\" title=\"D\u00e9couvez Mon Actu\" rel=\"nofollow noopener\" data-trk=\"{&quot;cta&quot;:{&quot;action&quot;:&quot;https:\\\/\\\/moncompte.actu.fr&quot;,&quot;category&quot;:&quot;mon compte&quot;,&quot;from&quot;:&quot;article footer&quot;,&quot;name&quot;:&quot;Mon actu&quot;,&quot;type&quot;:&quot;cta&quot;}}\" target=\"_blank\">Mon Actu<\/a>.<\/p>\n","protected":false},"excerpt":{"rendered":"Par R\u00e9daction Paris Publi\u00e9 le 15 d\u00e9c. 2025 \u00e0 19h28 L\u2019affaire avait eu \u00e0 l\u2019\u00e9poque un \u00e9cho retentissant&hellip;\n","protected":false},"author":2,"featured_media":601415,"comment_status":"","ping_status":"","sticky":false,"template":"","format":"standard","meta":{"footnotes":""},"categories":[1888],"tags":[11,1052,1777,674,118,1011,27,303,777,12,626,25],"class_list":{"0":"post-601414","1":"post","2":"type-post","3":"status-publish","4":"format-standard","5":"has-post-thumbnail","7":"category-paris","8":"tag-actualites","9":"tag-drogue","10":"tag-eu","11":"tag-europe","12":"tag-faits-divers","13":"tag-fr","14":"tag-france","15":"tag-justice","16":"tag-meurtre","17":"tag-news","18":"tag-paris","19":"tag-republique-francaise"},"share_on_mastodon":{"url":"https:\/\/pubeurope.com\/@fr\/115725179583326680","error":""},"_links":{"self":[{"href":"https:\/\/www.europesays.com\/fr\/wp-json\/wp\/v2\/posts\/601414","targetHints":{"allow":["GET"]}}],"collection":[{"href":"https:\/\/www.europesays.com\/fr\/wp-json\/wp\/v2\/posts"}],"about":[{"href":"https:\/\/www.europesays.com\/fr\/wp-json\/wp\/v2\/types\/post"}],"author":[{"embeddable":true,"href":"https:\/\/www.europesays.com\/fr\/wp-json\/wp\/v2\/users\/2"}],"replies":[{"embeddable":true,"href":"https:\/\/www.europesays.com\/fr\/wp-json\/wp\/v2\/comments?post=601414"}],"version-history":[{"count":0,"href":"https:\/\/www.europesays.com\/fr\/wp-json\/wp\/v2\/posts\/601414\/revisions"}],"wp:featuredmedia":[{"embeddable":true,"href":"https:\/\/www.europesays.com\/fr\/wp-json\/wp\/v2\/media\/601415"}],"wp:attachment":[{"href":"https:\/\/www.europesays.com\/fr\/wp-json\/wp\/v2\/media?parent=601414"}],"wp:term":[{"taxonomy":"category","embeddable":true,"href":"https:\/\/www.europesays.com\/fr\/wp-json\/wp\/v2\/categories?post=601414"},{"taxonomy":"post_tag","embeddable":true,"href":"https:\/\/www.europesays.com\/fr\/wp-json\/wp\/v2\/tags?post=601414"}],"curies":[{"name":"wp","href":"https:\/\/api.w.org\/{rel}","templated":true}]}}