{"id":601428,"date":"2025-12-15T19:21:11","date_gmt":"2025-12-15T19:21:11","guid":{"rendered":"https:\/\/www.europesays.com\/fr\/601428\/"},"modified":"2025-12-15T19:21:11","modified_gmt":"2025-12-15T19:21:11","slug":"comment-lunion-europeenne-sest-resolue-a-retropedaler-sur-le-tout-electrique-en-2035","status":"publish","type":"post","link":"https:\/\/www.europesays.com\/fr\/601428\/","title":{"rendered":"Comment l\u2019Union europ\u00e9enne s\u2019est r\u00e9solue \u00e0 r\u00e9trop\u00e9daler sur le tout-\u00e9lectrique en 2035"},"content":{"rendered":"<p>\n    <strong>D\u00c9CRYPTAGE &#8211; <\/strong>Amorc\u00e9e par le \u00abGreen Deal\u00bb en 2019, l\u2019interdiction des voitures thermiques r\u00e9sultait d\u2019un contexte politique, g\u00e9opolitique et \u00e9conomique compl\u00e8tement boulevers\u00e9 depuis.<\/p>\n<p class=\"fig-paragraph\">Faire et d\u00e9faire. Ce mardi,\u00a0<a href=\"http:\/\/www.lefigaro.fr\/flash-eco\/automobile-la-commission-pourrait-revoir-l-interdiction-des-moteurs-thermiques-en-2035-d-apres-stephane-sejourne-20251126\" data-fig-type=\"NewsFlash\" data-gtm-custom-categorie=\"navigation\" data-gtm-custom-action=\"crossclick\" data-gtm-custom-label=\"Contextuel\" data-gtm-event=\"customEventSPE\" data-fig-domain=\"LEFIGARO\" target=\"_blank\" rel=\"noopener\">Ursula von\u00a0der\u00a0Leyen et sa Commission<\/a>\u00a0de second mandat vont enterrer l\u2019un des symboles les plus embl\u00e9matiques de son premier mandat\u00a0:\u00a0<a href=\"http:\/\/www.lefigaro.fr\/societes\/interdiction-des-moteurs-thermiques-en-2035-les-divergences-entre-la-france-et-l-allemagne-inquietent-les-constructeurs-automobiles-20251022\" data-fig-type=\"Article\" data-gtm-custom-categorie=\"navigation\" data-gtm-custom-action=\"crossclick\" data-gtm-custom-label=\"Contextuel\" data-gtm-event=\"customEventSPE\" data-fig-domain=\"LEFIGARO\" target=\"_blank\" rel=\"noopener\">l\u2019interdiction de vendre des voitures thermiques neuves apr\u00e8s 2035<\/a>. Officiellement, il s\u2019agit d\u2019un am\u00e9nagement\u00a0: la r\u00e9duction de 100\u00a0% des \u00e9missions de CO2 impos\u00e9e aux constructeurs automobiles \u00e0 cet horizon devient 90\u00a0%. Il s\u2019agit en r\u00e9alit\u00e9 d\u2019un r\u00e9trop\u00e9dalage lourd de sens industriel et politique. Le 100\u00a0% voiture \u00e9lectrique, c\u2019est fini.<\/p>\n<p class=\"fig-paragraph\">Cet objectif europ\u00e9en \u00e9tait la mesure phare du \u00ab\u00a0Green Deal\u00a0\u00bb, le \u00ab\u00a0pacte vert\u00a0\u00bb, de 2019. \u00c0 l\u2019\u00e9poque, les \u00e9lections europ\u00e9ennes s\u2019\u00e9taient jou\u00e9es sur le terrain \u00e9cologique et climatique. L\u2019Union europ\u00e9enne y voyait un fil conducteur pour r\u00e9inventer un projet f\u00e9d\u00e9rateur. La France redoublait d\u2019ambitions en la mati\u00e8re, au sortir de la convention citoyenne sur le climat. Le Covid n\u2019avait pas encore frapp\u00e9. Vladimir Poutine non plus. Les Vingt-Sept croyaient en leur capacit\u00e9 \u00e0\u2026<\/p>\n<p class=\"fig-premium-paywall__infos\">\n        Cet article est r\u00e9serv\u00e9 aux abonn\u00e9s.        Il vous reste 82% \u00e0 d\u00e9couvrir.\n    <\/p>\n<p>                <img  data- alt=\"Le Figaro\" class=\"fig-img--complete fig-img\"\/><\/p>\n<p class=\"fig-premium-paywall__title\">Vente Flash<\/p>\n<p class=\"fig-premium-paywall__subtitle\">-50% sur l&rsquo;abonnement num\u00e9rique<\/p>\n<p class=\"fig-premium-paywall__connect\">\n                D\u00e9j\u00e0 abonn\u00e9\u00a0?                <a class=\"fig-premium-paywall__connect-link\" href=\"https:\/\/connect.lefigaro.fr\/login?client=horizon_web&amp;type=main&amp;redirect_uri=https%3A%2F%2Fwww.lefigaro.fr%2Fsocietes%2Fcomment-l-union-europeenne-s-est-resolue-a-retropedaler-sur-le-tout-electrique-en-2035-20251215\" data-js-gtm=\"{&quot;customCategorie&quot;: &quot;conversion&quot;, &quot;customAction&quot;: &quot;before_Landing_Connexion_paywall_auto&quot;, &quot;customLabel&quot;: &quot;bGVmaWdhcm8uZnJfXzFmMGQ5YzA4LWExOWYtNmE4NC04NmUyLWI1ODI1ZjdhYWM4MV9fQXJ0aWNsZQ==_Comment l\u2019Union europ\u00e9enne s\u2019est r\u00e9solue \u00e0 r\u00e9trop\u00e9daler sur le tout-\u00e9lectrique en 2035_487&quot;, &quot;customIDSPE&quot;: &quot;bGVmaWdhcm8uZnJfXzFmMGQ5YzA4LWExOWYtNmE4NC04NmUyLWI1ODI1ZjdhYWM4MV9fQXJ0aWNsZQ==&quot;, &quot;event&quot;: &quot;customEventSPE&quot;}\" target=\"_blank\" rel=\"noopener\"><br \/>\n                    Connectez-vous<br \/>\n                <\/a>\n            <\/p>\n","protected":false},"excerpt":{"rendered":"D\u00c9CRYPTAGE &#8211; Amorc\u00e9e par le \u00abGreen Deal\u00bb en 2019, l\u2019interdiction des voitures thermiques r\u00e9sultait d\u2019un contexte politique, g\u00e9opolitique&hellip;\n","protected":false},"author":2,"featured_media":601429,"comment_status":"","ping_status":"","sticky":false,"template":"","format":"standard","meta":{"footnotes":""},"categories":[1586],"tags":[11,646,1777,674,1779,1011,27,6025,12,25,1778,364],"class_list":{"0":"post-601428","1":"post","2":"type-post","3":"status-publish","4":"format-standard","5":"has-post-thumbnail","7":"category-europe","8":"tag-actualites","9":"tag-automobile","10":"tag-eu","11":"tag-europe","12":"tag-european-union","13":"tag-fr","14":"tag-france","15":"tag-industrie-automobile","16":"tag-news","17":"tag-republique-francaise","18":"tag-ue","19":"tag-union-europeenne"},"share_on_mastodon":{"url":"https:\/\/pubeurope.com\/@fr\/115725211056360585","error":""},"_links":{"self":[{"href":"https:\/\/www.europesays.com\/fr\/wp-json\/wp\/v2\/posts\/601428","targetHints":{"allow":["GET"]}}],"collection":[{"href":"https:\/\/www.europesays.com\/fr\/wp-json\/wp\/v2\/posts"}],"about":[{"href":"https:\/\/www.europesays.com\/fr\/wp-json\/wp\/v2\/types\/post"}],"author":[{"embeddable":true,"href":"https:\/\/www.europesays.com\/fr\/wp-json\/wp\/v2\/users\/2"}],"replies":[{"embeddable":true,"href":"https:\/\/www.europesays.com\/fr\/wp-json\/wp\/v2\/comments?post=601428"}],"version-history":[{"count":0,"href":"https:\/\/www.europesays.com\/fr\/wp-json\/wp\/v2\/posts\/601428\/revisions"}],"wp:featuredmedia":[{"embeddable":true,"href":"https:\/\/www.europesays.com\/fr\/wp-json\/wp\/v2\/media\/601429"}],"wp:attachment":[{"href":"https:\/\/www.europesays.com\/fr\/wp-json\/wp\/v2\/media?parent=601428"}],"wp:term":[{"taxonomy":"category","embeddable":true,"href":"https:\/\/www.europesays.com\/fr\/wp-json\/wp\/v2\/categories?post=601428"},{"taxonomy":"post_tag","embeddable":true,"href":"https:\/\/www.europesays.com\/fr\/wp-json\/wp\/v2\/tags?post=601428"}],"curies":[{"name":"wp","href":"https:\/\/api.w.org\/{rel}","templated":true}]}}