{"id":601444,"date":"2025-12-15T19:34:11","date_gmt":"2025-12-15T19:34:11","guid":{"rendered":"https:\/\/www.europesays.com\/fr\/601444\/"},"modified":"2025-12-15T19:34:11","modified_gmt":"2025-12-15T19:34:11","slug":"josiane-balasko-sa-maison-de-250-m%c2%b2-a-deux-pas-de-versailles","status":"publish","type":"post","link":"https:\/\/www.europesays.com\/fr\/601444\/","title":{"rendered":"Josiane Balasko, sa maison de 250 m\u00b2 \u00e0 deux pas de Versailles"},"content":{"rendered":"<p>Une villa spacieuse dans les Yvelines, un fils \u00e0 la maison, une<br \/>\nfille com\u00e9dienne et un berger allemand en fa\u00efence : bienvenue chez<br \/>\nJosiane Balasko. L\u2019ic\u00f4ne du Splendid s\u2019est offert un coin de<br \/>\nparadis bien \u00e0 elle, loin des cam\u00e9ras mais rempli d\u2019histoires, de<br \/>\nsouvenirs\u2026 et d\u2019objets inattendus. Install\u00e9e \u00e0<br \/>\n<strong>Jouy-en-Josas<\/strong>, une charmante commune des<br \/>\n<strong>Yvelines<\/strong> situ\u00e9e non loin de<br \/>\n<strong>Versailles<\/strong>, <strong>Josiane Balasko<\/strong> y<br \/>\ncoule des jours paisibles dans une <strong>maison de plus de 250<br \/>\nm\u00b2<\/strong>, acquise gr\u00e2ce \u00e0 une carri\u00e8re prolifique. Une<br \/>\nacquisition strat\u00e9gique dans une ville o\u00f9 le prix du m\u00e8tre carr\u00e9<br \/>\npeut grimper jusqu\u2019\u00e0 <strong>6 611 \u20ac<\/strong>, voire <strong>8 777<br \/>\n\u20ac<\/strong> selon le site Meilleurs Agents.<\/p>\n<p>Un bien rare, une collection inattendue et des souvenirs<br \/>\ntenaces<\/p>\n<p>Sa maison dans les <strong>Yvelines<\/strong>, estim\u00e9e \u00e0 plus de<br \/>\n<strong>2 millions d\u2019euros<\/strong>, a pourtant \u00e9t\u00e9 le th\u00e9\u00e2tre d\u2019un<br \/>\n\u00e9pisode plus sombre : un <strong>cambriolage survenu en<br \/>\n2016<\/strong>. \u00ab\u00a0On ignore, pour le moment, ce que le ou<br \/>\nles voleurs ont d\u00e9rob\u00e9\u00a0\u00bb, avait pr\u00e9cis\u00e9 la police \u00e0<br \/>\nl\u2019\u00e9poque. Cela ne l\u2019emp\u00eache pas d\u2019aimer cette maison qu\u2019elle<br \/>\npartageait encore r\u00e9cemment avec son fils <strong>Rudy<br \/>\nBerry<\/strong>. \u00ab\u00a0Il est toujours chez moi \u00e0 27 ans et<br \/>\nj\u00a0\u00bben suis tr\u00e8s heureuse. C&rsquo;est plus facile car nous avons une<br \/>\ngrande maison, nous ne sommes pas les uns sur les autres. Il a une<br \/>\nforme d&rsquo;ind\u00e9pendance\u00a0\u00bb, avait-elle confi\u00e9 \u00e0 <strong>Paris<br \/>\nMatch<\/strong>.<\/p>\n<p>Et puis, il y a cette passion pour les <strong>chiens en<br \/>\nfa\u00efence<\/strong>. Invit\u00e9e sur <strong>C \u00e0 Vous<\/strong>, elle avait<br \/>\nlanc\u00e9 sans d\u00e9tour : \u00ab\u00a0Une collection n&rsquo;est valable que<br \/>\ns&rsquo;il y a une accumulation d&rsquo;objets de mauvais go\u00fbt. J&rsquo;ai une<br \/>\naccumulation de chiens. Je suis tr\u00e8s fi\u00e8re d&rsquo;un berger allemand<br \/>\nbleu\u00a0\u00bb.<\/p>\n<p>De Pigalle \u00e0 Jouy-en-Josas, un flair immobilier avis\u00e9<\/p>\n<p>Avant ce cocon \u00e0 la campagne, <strong>Josiane Balasko<\/strong><br \/>\navait \u00e9galement investi dans un autre quartier bien connu :<br \/>\n<strong>Pigalle<\/strong>, dans le <strong>9e arrondissement de<br \/>\nParis<\/strong>. \u00ab\u00a0\u00c0 l&rsquo;\u00e9poque, j&rsquo;avais fait des emprunts<br \/>\npour l&rsquo;acheter. Aujourd&rsquo;hui, je ne pourrais plus me<br \/>\nl&rsquo;offrir\u00a0\u00bb, avait-elle avou\u00e9 dans <strong>Le<br \/>\nParisien<\/strong>.<\/p>\n<p>Ces achats, elle les doit \u00e0 une carri\u00e8re aussi solide<br \/>\nqu\u2019iconique, jalonn\u00e9e de r\u00f4les dans des films cultes comme<br \/>\n<strong>\u00ab\u00a0Les Bronz\u00e9s\u00a0\u00bb<\/strong>, <strong>\u00ab\u00a0Gazon Maudit\u00a0\u00bb<\/strong>, ou<br \/>\n<strong>\u00ab\u00a0Retour chez ma m\u00e8re\u00a0\u00bb<\/strong>. Et m\u00eame si elle aime<br \/>\nplaisanter sur sa fortune, elle reste lucide : \u00ab\u00a0Je suis<br \/>\ntr\u00e8s ais\u00e9e. Moi je pense que je suis ais\u00e9e [&#8230;] Quand d\u00e9j\u00e0 on n&rsquo;a<br \/>\npas \u00e0 faire ses comptes, je pense que c&rsquo;est un<br \/>\nprivil\u00e8ge\u00a0\u00bb, avait-elle expliqu\u00e9 sur le plateau de<br \/>\n<strong>Clique<\/strong>. Mais ce confort ne l\u2019emp\u00eache pas de garder<br \/>\nles pieds sur terre\u00a0: \u00ab\u00a0J&rsquo;ach\u00e8te des conneries. [&#8230;]<br \/>\nJe bouffe bien, j&rsquo;invite des copains \u00e0 la maison, je distribue du<br \/>\npognon \u00e0 ma famille\u00a0\u00bb, continuait-elle. \u00ab\u00a0Faut<br \/>\npartager un peu parce qu&rsquo;on va pas \u00eatre le plus riche du<br \/>\ncimeti\u00e8re\u00a0\u00bb, ajoutait-elle avec franchise et humour.<\/p>\n<blockquote class=\"instagram-media\" style=\"background: #ffffff;border: 0;margin: 1px;width: 100%;padding: 0;max-width: 500px;\" data-instgrm-permalink=\"https:\/\/www.instagram.com\/p\/DSKmoitjV5A\/\" data-instgrm-version=\"14\"\/><p>\nJosiane Balasko et Marilou Berry<\/p>\n<p>Si <strong>Marilou Berry<\/strong> est aujourd\u2019hui une actrice<br \/>\nreconnue, sa relation avec sa m\u00e8re n\u2019a pas toujours \u00e9t\u00e9 un long<br \/>\nfleuve tranquille. Invit\u00e9e avec elle sur <strong>Quotidien<\/strong><br \/>\nen d\u00e9cembre 2025, la com\u00e9dienne s\u2019\u00e9tait confi\u00e9e avec tendresse :<br \/>\n\u00ab\u00a0C&rsquo;est une maman, qui s&rsquo;est pas trop mal d\u00e9merd\u00e9e [&#8230;]<br \/>\nm\u00eame si quand j&rsquo;avais 16 ans c&rsquo;\u00e9tait plus compliqu\u00e9\u00a0\u00bb. Ce<br \/>\n\u00e0 quoi <strong>Josiane Balasko<\/strong> avait r\u00e9pondu, non sans<br \/>\nironie : \u00ab\u00a0Elle claquait les portes, mais c&rsquo;est normal \u00e0<br \/>\ncet \u00e2ge (&#8230;) Les portes claquaient \u00e0 l&rsquo;adolescence, et quand elle<br \/>\na voulu devenir com\u00e9dienne elle m&rsquo;a fait un chantage odieux<br \/>\n!\u00a0\u00bb.<\/p>\n<p>Un duo complice qui <strong>se retrouvera sur sc\u00e8ne d\u00e8s le 23<br \/>\njanvier 2026<\/strong> dans la pi\u00e8ce \u00c7a, c\u2019est l\u2019amour,<br \/>\nprogramm\u00e9e au <strong>th\u00e9\u00e2tre des Bouffes Parisiens<\/strong>. Une<br \/>\nimmersion au c\u0153ur de leur lien m\u00e8re-fille, aussi fort sur les<br \/>\nplanches qu\u2019en dehors. Et ce lien se prolonge avec la nouvelle<br \/>\ng\u00e9n\u00e9ration, puisque <strong>Josiane Balasko<\/strong> est aussi<br \/>\ngrand-m\u00e8re d\u2019un petit <strong>Andy<\/strong>, n\u00e9 de la relation<br \/>\nentre <strong>Marilou Berry<\/strong> et <strong>Le<br \/>\nDiamantaire<\/strong>.<\/p>\n<p><script async src=\"\/\/www.instagram.com\/embed.js\"><\/script><\/p>\n","protected":false},"excerpt":{"rendered":"Une villa spacieuse dans les Yvelines, un fils \u00e0 la maison, une fille com\u00e9dienne et un berger allemand&hellip;\n","protected":false},"author":2,"featured_media":601445,"comment_status":"","ping_status":"","sticky":false,"template":"","format":"standard","meta":{"footnotes":""},"categories":[1359],"tags":[7096,13041,3396,71390,65574,12008,71391,26790,1805,154,4070,58,3029,3170,59,12219,195,1742,1011,27,757,71392,71389,4743,38871,2142,71393,10650,5261,5242,973,15864,10649,3711,5426,20423],"class_list":{"0":"post-601444","1":"post","2":"type-post","3":"status-publish","4":"format-standard","5":"has-post-thumbnail","7":"category-people","8":"tag-7096","9":"tag-a","10":"tag-avec","11":"tag-balasko","12":"tag-berry","13":"tag-bien","14":"tag-bouffe","15":"tag-copains","16":"tag-de","17":"tag-des","18":"tag-deux","19":"tag-divertissement","20":"tag-du","21":"tag-elle","22":"tag-entertainment","23":"tag-et","24":"tag-fille","25":"tag-fils","26":"tag-fr","27":"tag-france","28":"tag-je","29":"tag-jinvite","30":"tag-josiane","31":"tag-la","32":"tag-m","33":"tag-maison","34":"tag-marilou","35":"tag-ou","36":"tag-pas","37":"tag-passe","38":"tag-people","39":"tag-petit","40":"tag-sa","41":"tag-son","42":"tag-temps","43":"tag-versailles"},"share_on_mastodon":{"url":"https:\/\/pubeurope.com\/@fr\/115725262161655136","error":""},"_links":{"self":[{"href":"https:\/\/www.europesays.com\/fr\/wp-json\/wp\/v2\/posts\/601444","targetHints":{"allow":["GET"]}}],"collection":[{"href":"https:\/\/www.europesays.com\/fr\/wp-json\/wp\/v2\/posts"}],"about":[{"href":"https:\/\/www.europesays.com\/fr\/wp-json\/wp\/v2\/types\/post"}],"author":[{"embeddable":true,"href":"https:\/\/www.europesays.com\/fr\/wp-json\/wp\/v2\/users\/2"}],"replies":[{"embeddable":true,"href":"https:\/\/www.europesays.com\/fr\/wp-json\/wp\/v2\/comments?post=601444"}],"version-history":[{"count":0,"href":"https:\/\/www.europesays.com\/fr\/wp-json\/wp\/v2\/posts\/601444\/revisions"}],"wp:featuredmedia":[{"embeddable":true,"href":"https:\/\/www.europesays.com\/fr\/wp-json\/wp\/v2\/media\/601445"}],"wp:attachment":[{"href":"https:\/\/www.europesays.com\/fr\/wp-json\/wp\/v2\/media?parent=601444"}],"wp:term":[{"taxonomy":"category","embeddable":true,"href":"https:\/\/www.europesays.com\/fr\/wp-json\/wp\/v2\/categories?post=601444"},{"taxonomy":"post_tag","embeddable":true,"href":"https:\/\/www.europesays.com\/fr\/wp-json\/wp\/v2\/tags?post=601444"}],"curies":[{"name":"wp","href":"https:\/\/api.w.org\/{rel}","templated":true}]}}