{"id":601452,"date":"2025-12-15T19:41:37","date_gmt":"2025-12-15T19:41:37","guid":{"rendered":"https:\/\/www.europesays.com\/fr\/601452\/"},"modified":"2025-12-15T19:41:37","modified_gmt":"2025-12-15T19:41:37","slug":"le-trailer-davengers-doomsday-a-fuite-et-confirme-le-retour-dun-personnage-cle","status":"publish","type":"post","link":"https:\/\/www.europesays.com\/fr\/601452\/","title":{"rendered":"Le trailer d&rsquo;Avengers: Doomsday a fuit\u00e9 et confirme le retour d&rsquo;un personnage cl\u00e9"},"content":{"rendered":"<p>Quelques jours avant la sortie d\u2019Avatar 3 au cin\u00e9ma, o\u00f9 la bande-annonce devrait officiellement d\u00e9buter, Avengers: Doomsday est victime d\u2019une fuite. Des vid\u00e9os vol\u00e9es d\u00e9voilent le retour d\u2019un des personnages les plus aim\u00e9s de l\u2019univers Marvel, qui n\u2019\u00e9tait pas confirm\u00e9 pour l\u2019instant. <\/p>\n<p>Le 16 d\u00e9cembre 2026, les fans de Marvel ont rendez-vous avec Avengers: Doomsday, la prochaine association des super-h\u00e9ros Marvel face \u00e0 un ennemi commun hyperpuissant. Et pas des moindres, puisqu\u2019il s\u2019agira de <a href=\"https:\/\/www.numerama.com\/pop-culture\/1781874-qui-est-doctor-doom-le-mechant-que-robert-downey-jr-va-incarner-pour-marvel.html\" data-type=\"post\" data-id=\"1781874\" target=\"_blank\" rel=\"noopener\">Doctor Doom<\/a>, personnage entraper\u00e7u dans l\u2019une des deux sc\u00e8nes post-g\u00e9n\u00e9rique des <a href=\"https:\/\/www.numerama.com\/pop-culture\/2037261-on-a-vu-les-quatre-fantastiques-et-ce-nest-pas-le-marvel-que-vous-imaginez-critique-sans-spoilers.html\" target=\"_blank\" rel=\"noopener\">Quatre Fantastiques<\/a>, et <a href=\"https:\/\/www.numerama.com\/pop-culture\/1781566-le-retour-de-robert-downey-jr-en-mechant-des-films-marvel-est-une-aberration.html\" target=\"_blank\" rel=\"noopener\">pour lequel Robert Downey Jr. a accept\u00e9 de revenir dans le Marvel Cinematic Universe<\/a> (et personne ne comprend pourquoi). <\/p>\n<p>\u00c0 moins d\u2019un an de l\u2019arriv\u00e9e d\u2019Avengers dans les salles obscures, Marvel et Disney font grimper la hype avec une op\u00e9ration de communication bien ficel\u00e9e, qui devrait voir appara\u00eetre quatre bandes-annonces en moins d\u2019un mois (\u00e0 chaque fois avant Avatar). La premi\u00e8re devrait \u00eatre publi\u00e9e entre le 17 et 20 d\u00e9cembre 2025\u2026 mais est apparemment victime d\u2019un leak. <a href=\"https:\/\/www.numerama.com\/films\/avengers-5-doomsday\/\" data-type=\"movies\" data-id=\"1051356\" target=\"_blank\" rel=\"noopener\">Avengers: Doomsday<\/a> se r\u00e9v\u00e8le dans une courte vid\u00e9o publi\u00e9e en ligne, qui d\u00e9voile un des acteurs principaux du film. <\/p>\n<p><a href=\"https:\/\/www.numerama.com\/wp-content\/uploads\/2025\/12\/screenshot-2025-12-15-at-180850.png\" target=\"_blank\" rel=\"noopener\"><img decoding=\"async\" width=\"1024\" height=\"384\" loading=\"lazy\" alt=\"La bande-annonce d'Avengers a, sans surprise, fuit\u00e9.\" title=\"La bande-annonce d'Avengers a, sans surprise, fuit\u00e9.\" class=\"wp-image-2142545 placeholder-default wp-image\" src=\"https:\/\/www.europesays.com\/fr\/wp-content\/uploads\/2025\/12\/screenshot-2025-12-15-at-180850-1024x384.png\" \/><\/a>La bande-annonce d\u2019Avengers a, sans surprise, fuit\u00e9. \/\/ Source : X<\/p>\n<p>Captain America version Steve Rogers fait son grand retour<\/p>\n<p>Outre Robert Downey Jr. dans le r\u00f4le du grand m\u00e9chant, Avengers: Doomsday fera revenir une palanqu\u00e9e de t\u00eates connues. Chris Evans, qui incarne Steve Rogers\/Captain America, va r\u00e9cup\u00e9rer son bouclier. La premi\u00e8re bande-annonce, qui n\u2019est qu\u2019un court teaser, montre Steve Rogers, devenu papa, dans la maison aper\u00e7ue \u00e0 la fin d\u2019<a href=\"https:\/\/www.numerama.com\/films\/avengers-endgame\/\" target=\"_blank\" rel=\"noopener\">Avengers: Endgame<\/a> en 2019. Elle se termine par une simple phrase : \u00ab STEVE ROGERS WILL RETURN\u00a0\u00bb, ou \u00ab Steve Rogers reviendra \u00bb.<\/p>\n<p><a href=\"https:\/\/www.numerama.com\/wp-content\/uploads\/2025\/12\/vs-4avengers-recherchex-044.jpg\" target=\"_blank\" rel=\"noopener\"><img decoding=\"async\" width=\"338\" height=\"148\" loading=\"lazy\" alt=\"Capture d'\u00e9cran d'une des vid\u00e9os en circulation, avec Steve Rogers.\" title=\"Capture d'\u00e9cran d'une des vid\u00e9os en circulation, avec Steve Rogers.\" class=\"wp-image-2142567 placeholder-default wp-image\" src=\"https:\/\/www.europesays.com\/fr\/wp-content\/uploads\/2025\/12\/vs-4avengers-recherchex-044.jpg\" \/><\/a>Capture d\u2019\u00e9cran d\u2019une des vid\u00e9os en circulation, avec Steve Rogers. \/\/ Source : <a href=\"https:\/\/x.com\/ProjectHurts\/status\/2000606511903486359?s=20\" rel=\"nofollow noopener\" target=\"_blank\">X<\/a><\/p>\n<p>Le casting complet devrait encore r\u00e9server quelques surprises. <a href=\"https:\/\/www.numerama.com\/pop-culture\/1935949-desole-mais-le-casting-d-avengers-doomsday-ne-ressemble-a-rien.html\" target=\"_blank\" rel=\"noopener\">On conna\u00eet d\u00e9j\u00e0 une longue liste<\/a>, avec potentiellement de nouvelles r\u00e9v\u00e9lations dans les prochaines semaines. <a href=\"https:\/\/www.numerama.com\/pop-culture\/1862686-chris-evans-revient-dans-le-prochain-avengers-quel-est-ce-role-mystere.html\" target=\"_blank\" rel=\"noopener\">Chris Evans, pour l\u2019instant, avait toujours d\u00e9menti son retour<\/a>. Le nouveau Captain America, incarn\u00e9 par Anthony Mackie, risque donc d\u2019\u00eatre vite remplac\u00e9\u2026<\/p>\n<p><a href=\"https:\/\/www.numerama.com\/wp-content\/uploads\/2025\/12\/image-8.png\" target=\"_blank\" rel=\"noopener\"><img decoding=\"async\" width=\"746\" height=\"313\" loading=\"lazy\" alt=\"La tenue de Captain America dans le trailer en fuite.\" title=\"La tenue de Captain America dans le trailer en fuite.\" class=\"wp-image-2142581 placeholder-default wp-image\" src=\"https:\/\/www.europesays.com\/fr\/wp-content\/uploads\/2025\/12\/image-8.png\" \/><\/a>La tenue de Captain America dans le trailer en fuite. \/\/ Source : X<\/p>\n<p>Se pose aussi la question de l\u2019introduction de Doctor Doom en tant que tel. Thanos, la pr\u00e9c\u00e9dente grande menace que devaient affronter les Avengers, avait b\u00e9n\u00e9fici\u00e9 d\u2019une construction progressive, avec des petites apparitions ou des \u00e9vocations avant le grand final. Doctor Doom, qui remplace Kang en raison des d\u00e9boires judiciaires de Jonathan Majors, n\u2019a pas eu droit au m\u00eame soin. On esp\u00e8re que les sc\u00e9naristes ont bien r\u00e9fl\u00e9chi \u00e0 leur mani\u00e8re d\u2019amener les choses, sans quoi les spectatrices et spectateurs les moins avertis pourront \u00eatre perdus, surtout vis-\u00e0-vis de la ressemblance avec Iron Man. Doom n\u2019appara\u00eet pas dans le premier trailer. <\/p>\n<p><a href=\"https:\/\/www.numerama.com\/wp-content\/uploads\/2025\/12\/screenshot-2025-12-15-at-182009.jpg\" target=\"_blank\" rel=\"noopener\"><img decoding=\"async\" width=\"1024\" height=\"318\" loading=\"lazy\" alt=\"La fin de la bande-annonce.\" title=\"La fin de la bande-annonce.\" class=\"wp-image-2142573 placeholder-default wp-image\" src=\"https:\/\/www.europesays.com\/fr\/wp-content\/uploads\/2025\/12\/screenshot-2025-12-15-at-182009-1024x318.jpg\" \/><\/a>La fin de la bande-annonce. \/\/ Source : <a href=\"https:\/\/x.com\/Movie__Fans\/status\/2000603238345941045?s=20\" rel=\"nofollow noopener\" target=\"_blank\">X<\/a><\/p>\n<p>Disney et Marvel jouent gros avec Avengers: Doomsday, puisqu\u2019il y a la n\u00e9cessit\u00e9 de renouer avec le succ\u00e8s (<a href=\"https:\/\/www.numerama.com\/pop-culture\/1108642-qui-sont-les-thunderbolts-nouveau-groupe-danti-heros-marvel.html\" target=\"_blank\" rel=\"noopener\">Thunderbolts*<\/a> n\u2019a pas d\u00e9pass\u00e9 les 400 millions, tandis que <a href=\"https:\/\/www.numerama.com\/films\/les-quatre-fantastiques-premiers-pas-2025\/\" data-type=\"movies\" data-id=\"1897542\" target=\"_blank\" rel=\"noopener\">Les Quatre Fantastiques : Premiers Pas<\/a> est sous les 600 millions). <\/p>\n<p>En raison du casting r\u00e9uni, du besoin de relancer la machine et des ambitions qui demeurent \u00e9lev\u00e9es, Avengers: Doomsday a plut\u00f4t int\u00e9r\u00eat \u00e0 convaincre. On attend d\u00e9sormais les bandes-annonces en qualit\u00e9 4K, en esp\u00e9rant que les prochaines seront plus compl\u00e8tes que ce court teaser sur Steve Rogers. <\/p>\n<p>            <img decoding=\"async\" src=\"https:\/\/www.europesays.com\/fr\/wp-content\/uploads\/2025\/12\/iPhone-16-pro-vDJtn9o4_vzSsPIGCFDc5.png\" alt=\"Toute l'actu tech en un clien d'oeil\"\/><\/p>\n<p class=\"card-install-pwa__title\">Toute l&rsquo;actu tech en un clin d&rsquo;\u0153il<\/p>\n<p class=\"card-install-pwa__description\">Ajoutez Numerama \u00e0 votre \u00e9cran d&rsquo;accueil et restez connect\u00e9s au futur !<\/p>\n<p>            <img decoding=\"async\" src=\"https:\/\/www.numerama.com\/wp-content\/themes\/numerama-next\/dist\/images\/premium\/logo-card-pwa-coupe-vCvPQ_Q_ysBNfqKp6w7gG.svg\" alt=\"Logo PWA\"\/><\/p>\n<p>       Installer Numerama<\/p>\n<p class=\"title\">\n            Les infos sur les films et s\u00e9ries             <a href=\"https:\/\/www.numerama.com\/tag\/marvel\/\" target=\"_blank\" rel=\"noopener\"><br \/>\n                Marvel            <\/a>\n        <\/p>\n","protected":false},"excerpt":{"rendered":"Quelques jours avant la sortie d\u2019Avatar 3 au cin\u00e9ma, o\u00f9 la bande-annonce devrait officiellement d\u00e9buter, Avengers: Doomsday est&hellip;\n","protected":false},"author":2,"featured_media":601453,"comment_status":"","ping_status":"","sticky":false,"template":"","format":"standard","meta":{"footnotes":""},"categories":[1354],"tags":[4553,520,58,59,1346,1011,27,2135,1360],"class_list":{"0":"post-601452","1":"post","2":"type-post","3":"status-publish","4":"format-standard","5":"has-post-thumbnail","7":"category-films","8":"tag-avengers-doomsday","9":"tag-disney","10":"tag-divertissement","11":"tag-entertainment","12":"tag-films","13":"tag-fr","14":"tag-france","15":"tag-marvel","16":"tag-movies"},"share_on_mastodon":{"url":"https:\/\/pubeurope.com\/@fr\/115725290955768548","error":""},"_links":{"self":[{"href":"https:\/\/www.europesays.com\/fr\/wp-json\/wp\/v2\/posts\/601452","targetHints":{"allow":["GET"]}}],"collection":[{"href":"https:\/\/www.europesays.com\/fr\/wp-json\/wp\/v2\/posts"}],"about":[{"href":"https:\/\/www.europesays.com\/fr\/wp-json\/wp\/v2\/types\/post"}],"author":[{"embeddable":true,"href":"https:\/\/www.europesays.com\/fr\/wp-json\/wp\/v2\/users\/2"}],"replies":[{"embeddable":true,"href":"https:\/\/www.europesays.com\/fr\/wp-json\/wp\/v2\/comments?post=601452"}],"version-history":[{"count":0,"href":"https:\/\/www.europesays.com\/fr\/wp-json\/wp\/v2\/posts\/601452\/revisions"}],"wp:featuredmedia":[{"embeddable":true,"href":"https:\/\/www.europesays.com\/fr\/wp-json\/wp\/v2\/media\/601453"}],"wp:attachment":[{"href":"https:\/\/www.europesays.com\/fr\/wp-json\/wp\/v2\/media?parent=601452"}],"wp:term":[{"taxonomy":"category","embeddable":true,"href":"https:\/\/www.europesays.com\/fr\/wp-json\/wp\/v2\/categories?post=601452"},{"taxonomy":"post_tag","embeddable":true,"href":"https:\/\/www.europesays.com\/fr\/wp-json\/wp\/v2\/tags?post=601452"}],"curies":[{"name":"wp","href":"https:\/\/api.w.org\/{rel}","templated":true}]}}