{"id":601454,"date":"2025-12-15T19:43:22","date_gmt":"2025-12-15T19:43:22","guid":{"rendered":"https:\/\/www.europesays.com\/fr\/601454\/"},"modified":"2025-12-15T19:43:22","modified_gmt":"2025-12-15T19:43:22","slug":"5-petits-changements-pour-rendre-votre-cafe-encore-meilleur-pour-la-sante","status":"publish","type":"post","link":"https:\/\/www.europesays.com\/fr\/601454\/","title":{"rendered":"5\u00a0petits changements pour rendre votre caf\u00e9 encore meilleur pour la sant\u00e9"},"content":{"rendered":"<p class=\"app_entry_lead\">\n<p>                    <a title=\"\u00a0\u00a9\u00a0123RF\" href=\"https:\/\/www.europesays.com\/fr\/wp-content\/uploads\/2025\/12\/83607924.jpg\" class=\"fancy\"><\/p>\n<p>                            <img loading=\"lazy\" decoding=\"async\" src=\"https:\/\/www.europesays.com\/fr\/wp-content\/uploads\/2025\/12\/83607924.jpg\" alt=\"5\u00a0petits changements pour rendre votre caf\u00e9 encore meilleur pour la sant\u00e9\" width=\"1500\" height=\"1000\"\/><\/p>\n<p>                    <\/a><\/p>\n<p>                                    Le caf\u00e9 apporte de nombreux b\u00e9n\u00e9fices pour la sant\u00e9, mais \u00e0 certaines conditions.\n                            <\/p>\n<p>                Je m&rsquo;abonne \u00e0 la newsletter Bons Plans<\/p>\n<p>Contrairement aux id\u00e9es re\u00e7ues, le caf\u00e9 est bon pour la sant\u00e9. Des \u00e9tudes ont montr\u00e9 que ses consommateurs auraient moins de risque de mourir pr\u00e9matur\u00e9ment, d&rsquo;avoir une maladie cardiaque, un AVC, du diab\u00e8te, de certains cancers (colorectal notamment) ou encore de maladies neurod\u00e9g\u00e9n\u00e9ratives comme Parkinson. Mais ses effets d\u00e9pendent beaucoup de la quantit\u00e9, et la fa\u00e7on dont il est bu.\u00a0Certains petits ajouts ou changements peuvent apporter encore plus de b\u00e9n\u00e9fices pour la sant\u00e9.<\/p>\n<p>Ne pas ajouter trop d&rsquo;ingr\u00e9dients dedans<\/p>\n<p>Le caf\u00e9 est bon pour la sant\u00e9, mais pas s&rsquo;il est noy\u00e9 dans d&rsquo;autres ingr\u00e9dients.\u00a0\u00ab\u00a0La pire fa\u00e7on de le boire, du point de vue de la sant\u00e9, c&rsquo;est lorsqu&rsquo;il ne s&rsquo;agit plus vraiment de caf\u00e9 mais d&rsquo;un dessert. Quand vous ajoutez des sirops, des laits sucr\u00e9s et une tonne de sucre, voire de la cr\u00e8me fouett\u00e9e, vous transformez ce qui devrait \u00eatre un apport en polyph\u00e9nols en un pic important de glyc\u00e9mie. Certaines boissons au caf\u00e9 vendues dans le commerce contiennent plus d&rsquo;additifs et de sucre que des sodas\u00a0\u00bb, a alert\u00e9 le\u00a0professeur Tim Spector dans le\u00a0<a href=\"https:\/\/www.telegraph.co.uk\/health-fitness\/diet\/nutrition\/healthy-coffee-tweaks\/\" target=\"_blank\" rel=\"noopener\">Telegraph<\/a>.\u00a0<\/p>\n<p>Ajouter de la cannelle, du cacao ou du curcuma<\/p>\n<p>Si vous souhaitez malgr\u00e9 tout apporter un peu de go\u00fbt \u00e0 votre caf\u00e9, vous pouvez ajouter un peu de cannelle, de cacao ou de curcuma.\u00a0Ces ingr\u00e9dients apportent notamment une bonne dose d&rsquo;antioxydants.\u00a0\u00ab\u00a0La cannelle comme le cacao sont exceptionnellement riches en polyph\u00e9nols uniques.\u00a0L&rsquo;un ou l&rsquo;autre constitue une addition bien plus saine que les sirops transform\u00e9s riches en sucre\u00a0\u00bb, a pr\u00e9cis\u00e9 le Pr Spector. Le curcuma est aussi connu pour \u00eatre un excellent anti-oxydant et anti-inflammatoire.<\/p>\n<p><img decoding=\"async\" alt=\"\" src=\"https:\/\/www.europesays.com\/fr\/wp-content\/uploads\/2025\/12\/83842199.jpg\"\/><br \/>\n\u00a9\u00a0123RF<\/p>\n<p>\u00c9viter le caf\u00e9 \u00e0 piston et les machines des lieux publics<\/p>\n<p>Beaucoup appr\u00e9cient le caf\u00e9 \u00e0 piston, mais il a \u00e9t\u00e9 mis en \u00e9vidence qu&rsquo;il ne serait pas de la fa\u00e7on la plus saine de le boire. Ce type de caf\u00e9 &#8211; contrairement au caf\u00e9 filtr\u00e9 ou en dosettes &#8211; contient en effet des substances qui augmentent le \u00ab\u00a0mauvais\u00a0\u00bb cholest\u00e9rol. Aussi, <a href=\"https:\/\/www.nmcd-journal.com\/article\/S0939-4753(25)00087-0\/fulltext\" target=\"_blank\" rel=\"noopener\">une \u00e9tude<\/a> publi\u00e9e en 2025\u00a0a r\u00e9v\u00e9l\u00e9 que le caf\u00e9 des machines pr\u00e9sentes par exemple\u00a0dans les entreprises contenait des quantit\u00e9s \u00e9lev\u00e9s de ces m\u00eames substances.\u00a0\u00ab\u00a0Pour ceux qui boivent beaucoup de caf\u00e9 chaque jour, il est clair que le caf\u00e9 filtr\u00e9 est pr\u00e9f\u00e9rable\u00a0\u00bb, avait conclu l&rsquo;auteur principal de l&rsquo;\u00e9tude,\u00a0David Iggman.\u00a0<\/p>\n<p>Boire son caf\u00e9 \u00e0 la bonne heure\u00a0<\/p>\n<p>L&rsquo;heure \u00e0 laquelle on boit son caf\u00e9 est essentielle : trop t\u00f4t (d\u00e8s le r\u00e9veil), il peut provoquer stress et fatigue.\u00a0Trop tard (apr\u00e8s le d\u00e9but d&rsquo;apr\u00e8s-midi), il peut provoquer des troubles du sommeil.\u00a0L&rsquo;id\u00e9al est d&rsquo;en boire le matin, \u00e0 partir d&rsquo;une heure apr\u00e8s le r\u00e9veil. Une <a href=\"http:\/\/academic.oup.com\/eurheartj\/advance-article\/doi\/10.1093\/eurheartj\/ehae871\/7928425?login=false\" target=\"_blank\" rel=\"noopener\">\u00e9tude<\/a> r\u00e9cente a conclu que le fait de boire son caf\u00e9 avant midi\u00a0est \u00ab\u00a0plus fortement associ\u00e9 \u00e0 un risque de mortalit\u00e9 plus faible\u00a0\u00bb.\u00a0<\/p>\n<p>\u00c9vitez les tasses \u00e0 caf\u00e9 jetables<\/p>\n<p>Enfin, il est pr\u00e9f\u00e9rable d&rsquo;\u00e9viter les gobelets \u00e0 caf\u00e9 jetables, qui peuvent contenir des microplastiques, dont l&rsquo;impact nocif sur la sant\u00e9 est de plus en plus suspect\u00e9.\u00a0\u00ab\u00a0Utiliser votre propre tasse est un moyen simple de r\u00e9duire potentiellement la consommation de microplastiques tout en \u00e9tant respectueux de l&rsquo;environnement\u00a0\u00bb, conclut le Pr Spector.\u00a0<\/p>\n","protected":false},"excerpt":{"rendered":"Le caf\u00e9 apporte de nombreux b\u00e9n\u00e9fices pour la sant\u00e9, mais \u00e0 certaines conditions. Je m&rsquo;abonne \u00e0 la newsletter&hellip;\n","protected":false},"author":2,"featured_media":601455,"comment_status":"","ping_status":"","sticky":false,"template":"","format":"standard","meta":{"footnotes":""},"categories":[10],"tags":[258,71397,51761,51763,1011,27,72,51979,51767,71],"class_list":{"0":"post-601454","1":"post","2":"type-post","3":"status-publish","4":"format-standard","5":"has-post-thumbnail","7":"category-sante","8":"tag-alimentation","9":"tag-cms-linternaute-9398175","10":"tag-controller-content","11":"tag-format-papier","12":"tag-fr","13":"tag-france","14":"tag-health","15":"tag-les-histoires-de-linternaute","16":"tag-parallaxeinfeed","17":"tag-sante"},"share_on_mastodon":{"url":"https:\/\/pubeurope.com\/@fr\/115725299865407369","error":""},"_links":{"self":[{"href":"https:\/\/www.europesays.com\/fr\/wp-json\/wp\/v2\/posts\/601454","targetHints":{"allow":["GET"]}}],"collection":[{"href":"https:\/\/www.europesays.com\/fr\/wp-json\/wp\/v2\/posts"}],"about":[{"href":"https:\/\/www.europesays.com\/fr\/wp-json\/wp\/v2\/types\/post"}],"author":[{"embeddable":true,"href":"https:\/\/www.europesays.com\/fr\/wp-json\/wp\/v2\/users\/2"}],"replies":[{"embeddable":true,"href":"https:\/\/www.europesays.com\/fr\/wp-json\/wp\/v2\/comments?post=601454"}],"version-history":[{"count":0,"href":"https:\/\/www.europesays.com\/fr\/wp-json\/wp\/v2\/posts\/601454\/revisions"}],"wp:featuredmedia":[{"embeddable":true,"href":"https:\/\/www.europesays.com\/fr\/wp-json\/wp\/v2\/media\/601455"}],"wp:attachment":[{"href":"https:\/\/www.europesays.com\/fr\/wp-json\/wp\/v2\/media?parent=601454"}],"wp:term":[{"taxonomy":"category","embeddable":true,"href":"https:\/\/www.europesays.com\/fr\/wp-json\/wp\/v2\/categories?post=601454"},{"taxonomy":"post_tag","embeddable":true,"href":"https:\/\/www.europesays.com\/fr\/wp-json\/wp\/v2\/tags?post=601454"}],"curies":[{"name":"wp","href":"https:\/\/api.w.org\/{rel}","templated":true}]}}